{"id":52604,"date":"2026-02-28T07:06:10","date_gmt":"2026-02-28T07:06:10","guid":{"rendered":"https:\/\/bihavadis.com\/?p=52604"},"modified":"2026-02-28T07:06:10","modified_gmt":"2026-02-28T07:06:10","slug":"baskan-ozdogandan-6-subat-mesaji-milletce-hafizamizdan-silinmeyecek-buyuk-bir-acinin-tarihidir","status":"publish","type":"post","link":"https:\/\/bihavadis.com\/index.php\/2026\/02\/28\/baskan-ozdogandan-6-subat-mesaji-milletce-hafizamizdan-silinmeyecek-buyuk-bir-acinin-tarihidir\/","title":{"rendered":"Ba\u015fkan \u00d6zdo\u011fan&#8217;dan 6 \u015eubat mesaj\u0131: &#8220;Millet\u00e7e haf\u0131zam\u0131zdan silinmeyecek b\u00fcy\u00fck bir ac\u0131n\u0131n tarihidir&#8221;"},"content":{"rendered":"<p>Hac\u0131lar Belediye Ba\u015fkan\u0131 Bilal \u00d6zdo\u011fan, 6 \u015eubat 2023 tarihinde Kahramanmara\u015f merkezli meydana gelen ve 11 ili do\u011frudan, 7 ili dolayl\u0131 olarak etkileyen depremlerin 3&#8217;\u00fcnc\u00fc y\u0131ld\u00f6n\u00fcm\u00fc nedeniyle bir anma mesaj\u0131 yay\u0131mlad\u0131.<\/p>\n<p>Ba\u015fkan \u00d6zdo\u011fan mesaj\u0131nda, &#8220;6 \u015eubat, millet\u00e7e haf\u0131zam\u0131zdan silinmeyecek b\u00fcy\u00fck bir ac\u0131n\u0131n tarihidir. Depremde hayat\u0131n\u0131 kaybeden t\u00fcm vatanda\u015flar\u0131m\u0131za Allah&#8217;tan rahmet diliyor, yak\u0131nlar\u0131na ve depremden etkilenen t\u00fcm hem\u015fehrilerimize sab\u0131r temennilerimi iletiyorum&#8221; ifadelerine yer verdi.<\/p>\n<p>6 \u015eubat depremlerinin ard\u0131ndan devletin t\u00fcm imkanlar\u0131yla seferber oldu\u011funu vurgulayan Ba\u015fkan \u00d6zdo\u011fan, &#8220;Cumhurba\u015fkan\u0131m\u0131z Recep Tayyip Erdo\u011fan&#8217;\u0131n liderli\u011finde y\u00fcr\u00fct\u00fclen \u00e7al\u0131\u015fmalarla deprem b\u00f6lgesinde yaralar h\u0131zla sar\u0131lmaktad\u0131r. TOK\u0130 koordinesinde iki y\u0131l i\u00e7erisinde 455 bin konut ve i\u015f yeri in\u015fa edilerek kal\u0131c\u0131 \u00e7\u00f6z\u00fcmler hayata ge\u00e7irilmi\u015ftir.&#8221; dedi.<\/p>\n<p>Hac\u0131lar&#8217;da depreme dayan\u0131kl\u0131 yap\u0131la\u015fman\u0131n \u00f6ncelikli hedef oldu\u011funu belirten Ba\u015fkan \u00d6zdo\u011fan, kentsel d\u00f6n\u00fc\u015f\u00fcm ve TOK\u0130 projeleriyle g\u00fcvenli ya\u015fam alanlar\u0131 olu\u015fturmak i\u00e7in kararl\u0131l\u0131kla \u00e7al\u0131\u015fmaya devam ettiklerini ifade etti. &#8211; KAYSER\u0130<\/p>\n","protected":false},"excerpt":{"rendered":"<p>Hac\u0131lar Belediye Ba\u015fkan\u0131 Bilal \u00d6zdo\u011fan, 6 \u015eubat 2023 tarihinde Kahramanmara\u015f merkezli meydana gelen ve 11 ili do\u011frudan, 7 ili dolayl\u0131 olarak etkileyen depremlerin 3&#8217;\u00fcnc\u00fc y\u0131ld\u00f6n\u00fcm\u00fc nedeniyle bir anma mesaj\u0131 yay\u0131mlad\u0131.<\/p>\n","protected":false},"author":1,"featured_media":52605,"comment_status":"open","ping_status":"open","sticky":false,"template":"","format":"standard","meta":{"footnotes":""},"categories":[12],"tags":[60],"class_list":["post-52604","post","type-post","status-publish","format-standard","has-post-thumbnail","hentry","category-siyaset","tag-deprem"],"_links":{"self":[{"href":"https:\/\/bihavadis.com\/index.php\/wp-json\/wp\/v2\/posts\/52604","targetHints":{"allow":["GET"]}}],"collection":[{"href":"https:\/\/bihavadis.com\/index.php\/wp-json\/wp\/v2\/posts"}],"about":[{"href":"https:\/\/bihavadis.com\/index.php\/wp-json\/wp\/v2\/types\/post"}],"author":[{"embeddable":true,"href":"https:\/\/bihavadis.com\/index.php\/wp-json\/wp\/v2\/users\/1"}],"replies":[{"embeddable":true,"href":"https:\/\/bihavadis.com\/index.php\/wp-json\/wp\/v2\/comments?post=52604"}],"version-history":[{"count":1,"href":"https:\/\/bihavadis.com\/index.php\/wp-json\/wp\/v2\/posts\/52604\/revisions"}],"predecessor-version":[{"id":52606,"href":"https:\/\/bihavadis.com\/index.php\/wp-json\/wp\/v2\/posts\/52604\/revisions\/52606"}],"wp:featuredmedia":[{"embeddable":true,"href":"https:\/\/bihavadis.com\/index.php\/wp-json\/wp\/v2\/media\/52605"}],"wp:attachment":[{"href":"https:\/\/bihavadis.com\/index.php\/wp-json\/wp\/v2\/media?parent=52604"}],"wp:term":[{"taxonomy":"category","embeddable":true,"href":"https:\/\/bihavadis.com\/index.php\/wp-json\/wp\/v2\/categories?post=52604"},{"taxonomy":"post_tag","embeddable":true,"href":"https:\/\/bihavadis.com\/index.php\/wp-json\/wp\/v2\/tags?post=52604"}],"curies":[{"name":"wp","href":"https:\/\/api.w.org\/{rel}","templated":true}]}}