{"id":52714,"date":"2026-02-28T08:30:38","date_gmt":"2026-02-28T08:30:38","guid":{"rendered":"https:\/\/bihavadis.com\/?p=52714"},"modified":"2026-02-28T08:30:38","modified_gmt":"2026-02-28T08:30:38","slug":"bakan-yumakli-deprem-bolgesinin-kalkinmasi-icin-calismaya-devam-ediyoruz","status":"publish","type":"post","link":"https:\/\/bihavadis.com\/index.php\/2026\/02\/28\/bakan-yumakli-deprem-bolgesinin-kalkinmasi-icin-calismaya-devam-ediyoruz\/","title":{"rendered":"Bakan Yumakl\u0131: Deprem b\u00f6lgesinin kalk\u0131nmas\u0131 i\u00e7in \u00e7al\u0131\u015fmaya devam ediyoruz"},"content":{"rendered":"<p>\n<p>TARIM ve Orman Bakan\u0131 \u0130brahim Yumakl\u0131, &#8220;Tar\u0131mdan \u015fehircili\u011fe, ula\u015ft\u0131rmadan sa\u011fl\u0131\u011fa var\u0131ncaya kadar her alanda deprem b\u00f6lgesinin yeniden kalk\u0131nmas\u0131 i\u00e7in \u00e7al\u0131\u015ft\u0131k, \u00e7al\u0131\u015fmaya devam ediyoruz&#8221; dedi.<\/p>\n<p>Bir dizi programa kat\u0131lmak \u00fczere Adana&#8217;ya gelen Tar\u0131m ve Orman Bakan\u0131 \u0130brahim Yumakl\u0131, Vali Mustafa Yavuz&#8217;u ziyaret etti. Ziyaretin ard\u0131ndan AK Parti \u0130l Ba\u015fkanl\u0131\u011f\u0131&#8217;na ge\u00e7en Bakan Yumakl\u0131, bas\u0131n a\u00e7\u0131klamas\u0131 yapt\u0131. Yumakl\u0131, 6 \u015eubat depremlerinin 3&#8217;\u00fcnc\u00fc y\u0131l\u0131nda b\u00f6lgenin yeniden aya\u011fa kalkmas\u0131 i\u00e7in t\u00fcm kamu kurum ve kurulu\u015flar\u0131n\u0131n seferber edildi\u011fini belirtti. Yumakl\u0131, &#8220;Depremin ya\u015fand\u0131\u011f\u0131 ilk andan itibaren devletimiz, t\u00fcm kurum ve kurulu\u015flar\u0131yla sahada olmu\u015ftur. B\u00f6lgenin yeniden aya\u011fa kald\u0131r\u0131lmas\u0131 i\u00e7in t\u00fcm imkanlar\u0131n\u0131 seferber etmi\u015ftir. \u0130hya ve in\u015fa s\u00fcreci, kararl\u0131l\u0131kla ve koordinasyon i\u00e7inde devam etmektedir. Asr\u0131n \u0130n\u015fa Seferberli\u011fi kapsam\u0131nda; \u00c7evre, \u015eehircilik ve \u0130klim De\u011fi\u015fikli\u011fi Bakanl\u0131\u011f\u0131m\u0131z taraf\u0131ndan konut, k\u00f6y evi ve i\u015f yeri olarak 11 ilde toplam 455 bin 357 ba\u011f\u0131ms\u0131z b\u00f6l\u00fcm in\u015fa edilmi\u015ftir. Adana&#8217;m\u0131zda da 11 bin 334 konut ile 739 k\u00f6y evi tamamlanm\u0131\u015f ve bunlar\u0131n aral\u0131k ay\u0131nda kuralar\u0131 \u00e7ekilmi\u015ftir. Di\u011fer yandan AFAD taraf\u0131ndan destek \u00f6demesi, ta\u015f\u0131nma yard\u0131m\u0131, kira yard\u0131m\u0131 gibi ba\u015fl\u0131klarda toplam 2,8 milyar lira nakdi \u00f6deme yap\u0131lm\u0131\u015ft\u0131r&#8221; dedi.<\/p>\n<p>Cumhurba\u015fkan\u0131 Recep Tayyip Erdo\u011fan liderli\u011finde deprem b\u00f6lgesinin yeniden kalk\u0131nmas\u0131 i\u00e7in \u00e7al\u0131\u015fmaya devam ettiklerini aktaran Yumakl\u0131, &#8220;Tar\u0131mdan \u015fehircili\u011fe, ula\u015ft\u0131rmadan sa\u011fl\u0131\u011fa var\u0131ncaya kadar her alanda deprem b\u00f6lgesinin yeniden kalk\u0131nmas\u0131 i\u00e7in \u00e7al\u0131\u015ft\u0131k, \u00e7al\u0131\u015fmaya devam ediyoruz. Bunu ba\u015faraca\u011f\u0131m\u0131za inanmayanlar olmad\u0131 m\u0131? Elbette oldu. Siyaseten bu i\u015fin alt\u0131ndan kalkmam\u0131z\u0131 istemeyenler, bug\u00fcn art\u0131k mahcubiyetlerini saklayam\u0131yorlar. Ge\u00e7ti\u011fimiz 3 y\u0131l, millet-devlet dayan\u0131\u015fmas\u0131n\u0131n b\u00fct\u00fcn d\u00fcnyaya en iyi \u00f6rne\u011fini g\u00f6stermi\u015ftir. Aziz milletimize bu s\u00fcre\u00e7te bize duyduklar\u0131 g\u00fcven ve \u00e7al\u0131\u015fmalara verdikleri destek i\u00e7in \u015f\u00fckranlar\u0131m\u0131z\u0131 sunuyorum. Deprem b\u00f6lgesinin in\u015fa ve ihya s\u00fcrecindeki kararl\u0131l\u0131\u011f\u0131 ve g\u00fc\u00e7l\u00fc deste\u011fi i\u00e7in Say\u0131n Cumhurba\u015fkan\u0131m\u0131za \u015f\u00fckranlar\u0131m\u0131z\u0131 arz ediyorum. 3 y\u0131l boyunca can\u0131n\u0131 di\u015fine takarak \u00e7al\u0131\u015fan herkese, bu s\u00fcrece katk\u0131 sunan devletimizin ilgili t\u00fcm kurumlar\u0131na te\u015fekk\u00fcr ediyorum&#8221; diye konu\u015ftu.<\/p>\n<p>&#8217;11 \u0130LDE \u00dcRET\u0130C\u0130LERE 67 M\u0130LYAR L\u0130RA DESTEK VERD\u0130K&#8217;<\/p>\n<p>Yumakl\u0131, bakanl\u0131k olarak tar\u0131msal \u00fcretimin devaml\u0131l\u0131\u011f\u0131n\u0131 sa\u011flamak ve \u00fcreticilerin yan\u0131nda olmak i\u00e7in ilk g\u00fcnden bu yana b\u00f6lgede yo\u011fun bir \u00e7al\u0131\u015fma y\u00fcr\u00fctt\u00fcklerini ifade etti. B\u00f6lge i\u00e7in en kritik konunun su oldu\u011funu belirten Yumakl\u0131, &#8220;Bakanl\u0131k olarak bizler de ilk g\u00fcnden bu yana b\u00f6lgede tar\u0131msal \u00fcretimin devaml\u0131l\u0131\u011f\u0131n\u0131 sa\u011flamak ve \u00fcreticilerimizin yan\u0131nda olmak i\u00e7in yo\u011fun bir \u00e7al\u0131\u015fma y\u00fcr\u00fctt\u00fck. B\u00f6lge i\u00e7in en kritik konu olan suyla ilgili h\u0131zl\u0131 \u015fekilde gerekli tedbirleri ald\u0131k. \u0130\u00e7me suyu, sulama suyu ve buna ba\u011fl\u0131 altyap\u0131lar\u0131n in\u015fas\u0131na ba\u015flad\u0131k. Bug\u00fcne kadar 459 su ve sulama tesisi i\u00e7in 60 milyar lira yat\u0131r\u0131m yapt\u0131k. Devam edenlerle birlikte bu rakam 110 milyar liraya ula\u015facak. Bu yat\u0131r\u0131mlarla vatanda\u015flar\u0131m\u0131z\u0131n i\u00e7me suyu ihtiyac\u0131n\u0131, \u00e7ift\u00e7ilerimizin sulama suyu ihtiyac\u0131n\u0131 kar\u015f\u0131lad\u0131k. Di\u011fer yandan tar\u0131msal \u00fcretimin devam\u0131 ve altyap\u0131n\u0131n yenilenmesi i\u00e7in 11 ilimizde \u00fcreticilerimize 67 milyar lira destek verdik ve tar\u0131msal yat\u0131r\u0131m yapt\u0131k&#8221; ifadelerini kulland\u0131.<\/p>\n<p>&#8216;2 B\u0130N 645 PROJEYE 1,2 M\u0130LYAR L\u0130RA H\u0130BE DESTE\u011e\u0130 SA\u011eLADIK&#8217;<\/p>\n<p>Cumhurba\u015fkan\u0131 Erdo\u011fan&#8217;\u0131n, &#8220;Hayvanlar\u0131 telef olan \u00e7ift\u00e7ilerimizin kay\u0131plar\u0131n\u0131 inekse inek, koyunsa koyun, tavuksa tavuk, ar\u0131ysa ar\u0131 olarak tekrar bedelsiz yerine koyaca\u011f\u0131z&#8221; s\u00f6z\u00fcn\u00fc hat\u0131rlatan Yumakl\u0131, \u015funlar\u0131 aktard\u0131: <\/p>\n<p>&#8220;50 bine yak\u0131n k\u00fc\u00e7\u00fckba\u015f ve b\u00fcy\u00fckba\u015f hayvan\u0131, 550 bin kanatl\u0131y\u0131 ve 26 bin ar\u0131l\u0131 kovan\u0131 \u00fcreticilerimize teslim ettik. Hayvanc\u0131l\u0131k faaliyetlerinin aksamamas\u0131 i\u00e7in yeti\u015ftiricilerimize yem destekleri verdik, bar\u0131naklar\u0131 zarar g\u00f6ren \u00fcreticilerimize hayvan \u00e7ad\u0131rlar\u0131 temin ettik. K\u0131rsal kalk\u0131nma projelerine ba\u015fvurularda ve desteklerde b\u00f6lgedeki \u00fcreticilerimizi \u00f6nceliklendirdik. K\u0131rsal Kalk\u0131nma Yat\u0131r\u0131mlar\u0131n\u0131n Desteklenmesi Program\u0131 kapsam\u0131nda 2 bin 645 projeye 1,2 milyar lira hibe deste\u011fi sa\u011flad\u0131k. Bireysel sulama sistemlerinin desteklenmesi kapsam\u0131nda 5 bin 135 projeyle 400 bin dekar alan\u0131, 949 milyon TL hibe vererek modern bas\u0131n\u00e7l\u0131 sulama sistemlerine kavu\u015fturduk. \u00dcreticilerimize kredilerin ertelenmesi, hibe ve destek s\u00fcrelerinin uzat\u0131lmas\u0131 gibi \u00e7e\u015fitli kolayl\u0131klar sa\u011flad\u0131k. B\u00f6lgede sertifikal\u0131 tohum kullanan \u00e7ift\u00e7ilerimize sertifikal\u0131 tohum kullan\u0131m deste\u011fini iki kat fazla \u00f6dedik. Tar\u0131m Arazilerinin Kullan\u0131m\u0131n\u0131n Etkinle\u015ftirilmesi Projesi kapsam\u0131nda \u00fcreticilerimize 603 milyon lira tutar\u0131nda ayni tohum deste\u011fi sa\u011flad\u0131k. Depremden etkilenen bal\u0131k\u00e7\u0131lar\u0131m\u0131z\u0131 da unutmad\u0131k. Bin 21 bal\u0131k\u00e7\u0131 gemisi ve 29 yeti\u015ftiricilik tesisine destekleme \u00f6demesinde bulunduk. Deprem b\u00f6lgesinde yer alan illerdeki baraj ve g\u00f6letlere 79 milyon yavru bal\u0131k b\u0131rakt\u0131k. Bizim bu destek ve yat\u0131r\u0131mlar\u0131m\u0131z, \u00e7ift\u00e7ilerimizin gayret ve eme\u011fiyle b\u00f6lgede tar\u0131msal faaliyetlerin kesilmeden devam etmesini sa\u011flad\u0131. Afet b\u00f6lgesinin, \u00fclkemizin tar\u0131msal \u00fcretimi a\u00e7\u0131s\u0131ndan ta\u015f\u0131d\u0131\u011f\u0131 stratejik \u00f6nemin fark\u0131nday\u0131z.&#8221; <\/p>\n","protected":false},"excerpt":{"rendered":"<p>TARIM ve Orman Bakan\u0131 \u0130brahim Yumakl\u0131, &#8220;Tar\u0131mdan \u015fehircili\u011fe, ula\u015ft\u0131rmadan sa\u011fl\u0131\u011fa var\u0131ncaya kadar her alanda deprem b\u00f6lgesinin yeniden kalk\u0131nmas\u0131 i\u00e7in \u00e7al\u0131\u015ft\u0131k, \u00e7al\u0131\u015fmaya devam ediyoruz&#8221; dedi.<\/p>\n","protected":false},"author":1,"featured_media":52715,"comment_status":"open","ping_status":"open","sticky":false,"template":"","format":"standard","meta":{"footnotes":""},"categories":[8],"tags":[60,498,3585,371,2058],"class_list":["post-52714","post","type-post","status-publish","format-standard","has-post-thumbnail","hentry","category-ekonomi","tag-deprem","tag-destek","tag-milyar-lira","tag-tarim","tag-yumakli"],"_links":{"self":[{"href":"https:\/\/bihavadis.com\/index.php\/wp-json\/wp\/v2\/posts\/52714","targetHints":{"allow":["GET"]}}],"collection":[{"href":"https:\/\/bihavadis.com\/index.php\/wp-json\/wp\/v2\/posts"}],"about":[{"href":"https:\/\/bihavadis.com\/index.php\/wp-json\/wp\/v2\/types\/post"}],"author":[{"embeddable":true,"href":"https:\/\/bihavadis.com\/index.php\/wp-json\/wp\/v2\/users\/1"}],"replies":[{"embeddable":true,"href":"https:\/\/bihavadis.com\/index.php\/wp-json\/wp\/v2\/comments?post=52714"}],"version-history":[{"count":1,"href":"https:\/\/bihavadis.com\/index.php\/wp-json\/wp\/v2\/posts\/52714\/revisions"}],"predecessor-version":[{"id":52716,"href":"https:\/\/bihavadis.com\/index.php\/wp-json\/wp\/v2\/posts\/52714\/revisions\/52716"}],"wp:featuredmedia":[{"embeddable":true,"href":"https:\/\/bihavadis.com\/index.php\/wp-json\/wp\/v2\/media\/52715"}],"wp:attachment":[{"href":"https:\/\/bihavadis.com\/index.php\/wp-json\/wp\/v2\/media?parent=52714"}],"wp:term":[{"taxonomy":"category","embeddable":true,"href":"https:\/\/bihavadis.com\/index.php\/wp-json\/wp\/v2\/categories?post=52714"},{"taxonomy":"post_tag","embeddable":true,"href":"https:\/\/bihavadis.com\/index.php\/wp-json\/wp\/v2\/tags?post=52714"}],"curies":[{"name":"wp","href":"https:\/\/api.w.org\/{rel}","templated":true}]}}