{"id":52763,"date":"2026-02-28T09:03:07","date_gmt":"2026-02-28T09:03:07","guid":{"rendered":"https:\/\/bihavadis.com\/?p=52763"},"modified":"2026-02-28T09:03:07","modified_gmt":"2026-02-28T09:03:07","slug":"dtik-antalyada-turk-alman-calistayina-ev-sahipligi-yapti","status":"publish","type":"post","link":"https:\/\/bihavadis.com\/index.php\/2026\/02\/28\/dtik-antalyada-turk-alman-calistayina-ev-sahipligi-yapti\/","title":{"rendered":"DT\u0130K, Antalya&#8217;da T\u00fcrk-Alman \u00c7al\u0131\u015ftay\u0131&#8217;na ev sahipli\u011fi yapt\u0131"},"content":{"rendered":"<p>D\u00fcnya T\u00fcrk \u0130\u015f Konseyi (DT\u0130K) Almanya Temsilcisi Kemal \u015eahin, Almanya&#8217;da 100 bine yak\u0131n T\u00fcrk giri\u015fimcinin bulundu\u011funu belirterek, <b><em>&#8220;Bu giri\u015fimciler 90 milyar euro ciro \u00fcretiyor ve yakla\u015f\u0131k 500 bin ki\u015fiye istihdam sa\u011fl\u0131yor. T\u00fcrkiye ile Almanya aras\u0131ndaki ticaret hacmi 50 milyar dolar seviyesinde. Bu rakamlar yaln\u0131zca ekonomik b\u00fcy\u00fckl\u00fc\u011f\u00fc de\u011fil ayn\u0131 zamanda stratejik potansiyeli de ortaya koyuyor.&#8221; <\/em><\/b>dedi.<\/p>\n<p>D\u0131\u015f Ekonomik \u0130li\u015fkiler Kurulu (DE\u0130K)-DT\u0130K taraf\u0131ndan d\u00fczenlenen, <b><em>&#8220;T\u00fcrkiye-Almanya \u00c7al\u0131\u015ftay\u0131&#8221;<\/em><\/b>, DT\u0130K Almanya Temsilcisi \u015eahin, DE\u0130K Genel Sekreter Yard\u0131mc\u0131s\u0131 Adem Yavuz, DT\u0130K Bremen Temsilcisi Jacquleine Bak\u0131r Brader, DT\u0130K Hamburg Temsilcisi \u0130rfan G\u00fcndo\u011fan, DT\u0130K Kiel Temsilcisi Turgay Cahit A\u011fr\u0131, DT\u0130K K\u00f6ln Temsilcisi Nurdan Erto\u011fan, DT\u0130K Stuttgart Temsilcisi Hakan Balc\u0131lar, DT\u0130K Hannover Temsilcisi Hasan Kurtulu\u015f ve i\u015f d\u00fcnyas\u0131n\u0131n kat\u0131l\u0131m\u0131yla Antalya&#8217;da ger\u00e7ekle\u015ftirildi.<\/p>\n<p>Almanya&#8217;daki T\u00fcrk i\u015f d\u00fcnyas\u0131n\u0131n mevcut yap\u0131s\u0131n\u0131n de\u011ferlendirildi\u011fi toplant\u0131da, diaspora diplomasisi perspektifinde i\u015f birli\u011fi alanlar\u0131 ve DT\u0130K Almanya yap\u0131lanmas\u0131n\u0131n kurumsal yol haritas\u0131, T\u00fcrk diasporas\u0131n\u0131n i\u015f d\u00fcnyas\u0131ndaki rol\u00fc ve gelece\u011fe d\u00f6n\u00fck ortak hedefler ele al\u0131nd\u0131.<\/p>\n<p><strong>&#8220;D\u00dcNYADA 6,5 M\u0130LYON, ALMANYA&#8217;DA \u0130SE 3,5 M\u0130LYON T\u00dcRK K\u00d6KENL\u0130 \u0130NSAN YA\u015eIYOR&#8221;<\/strong><\/p>\n<p>\u015eahin, bug\u00fcn geldikleri noktada bu hayalin ne kadar g\u00fc\u00e7l\u00fc bir yap\u0131ya d\u00f6n\u00fc\u015ft\u00fc\u011f\u00fcn\u00fc hep birlikte g\u00f6rd\u00fcklerini vurgulayarak, <b><em>&#8220;D\u00fcnyada 6,5 milyon, Almanya&#8217;da ise 3,5 milyon T\u00fcrk k\u00f6kenli insan ya\u015f\u0131yor. Almanya&#8217;da 100 bine yak\u0131n T\u00fcrk giri\u015fimci bulunuyor. Bu giri\u015fimciler 90 milyar euro ciro \u00fcretiyor ve yakla\u015f\u0131k 500 bin ki\u015fiye istihdam sa\u011fl\u0131yor. T\u00fcrkiye ile Almanya aras\u0131ndaki ticaret hacmi 50 milyar dolar seviyesinde. Bu rakamlar yaln\u0131zca ekonomik b\u00fcy\u00fckl\u00fc\u011f\u00fc de\u011fil ayn\u0131 zamanda stratejik potansiyeli de ortaya koyuyor.&#8221;<\/em><\/b> diye konu\u015ftu.<\/p>\n<p><strong>&#8220;DT\u0130K B\u0130R &#8216;KAZAN-KAZAN&#8217; PLATFORMUDUR&#8221;<\/strong><\/p>\n<p>\u015eahin, <b><em>&#8220;Amac\u0131m\u0131z yaln\u0131zca toplant\u0131 yapmak de\u011fil, kal\u0131c\u0131, s\u00fcrd\u00fcr\u00fclebilir ve stratejik ba\u011flar kurmakt\u0131. Sivil toplum kurulu\u015flar\u0131yla, \u00f6zellikle gen\u00e7lere y\u00f6nelik platformlarla i\u015f birli\u011fi yap\u0131yoruz. DT\u0130K bir &#8216;kazan-kazan&#8217; platformudur. T\u00fcrkiye kazan\u0131r, Almanya kazan\u0131r, i\u015f d\u00fcnyas\u0131 kazan\u0131r, toplum kazan\u0131r. Biz rekabetin de\u011fil, birlikte \u00fcretme ve kazanman\u0131n g\u00fcc\u00fcne inan\u0131yoruz.&#8221;<\/em><\/b> dedi.<\/p>\n<p><img decoding=\"async\" src=\"https:\/\/bihavadis.com\/wp-content\/uploads\/2026\/02\/dtik-antalyada-turk-alman-calistayina-ev-sahipligi-yapti-0-ZiLprY9G.jpg\"\/><\/p>\n<p><strong>&#8220;T\u00dcRK D\u0130ASPORASI, B\u0130LG\u0130, DENEY\u0130M, NETWORK VE G\u00d6N\u00dcL BA\u011eI DEMEKT\u0130R&#8221;<\/strong><\/p>\n<p>DE\u0130K Genel Sekreter Yard\u0131mc\u0131s\u0131 Yavuz da diasporan\u0131n do\u011frudan yat\u0131r\u0131m, ticaret k\u00f6pr\u00fcleri, giri\u015fimcilik ve bilgi transferi a\u00e7\u0131s\u0131ndan b\u00fcy\u00fck bir potansiyel ta\u015f\u0131d\u0131\u011f\u0131n\u0131 belirtti.<\/p>\n<p>Yavuz, DT\u0130K&#8217;in yakla\u015f\u0131m\u0131n\u0131n diaspora giri\u015fimcilerini g\u00f6r\u00fcn\u00fcr k\u0131lmak, i\u015f d\u00fcnyas\u0131 ile diaspora aras\u0131nda k\u00f6pr\u00fc kurmak ve yerel otoritelerle temas noktalar\u0131n\u0131 \u00e7o\u011faltmak oldu\u011funu dile getirdi.<\/p>\n<p><strong>&#8220;K\u00dcRESEL A\u011eA SAH\u0130B\u0130Z&#8221;<\/strong><\/p>\n<p>D\u00fcnyan\u0131n d\u00f6rt bir yan\u0131nda ya\u015fayan T\u00fcrk diasporas\u0131n\u0131n sadece say\u0131sal bir b\u00fcy\u00fckl\u00fck olmad\u0131\u011f\u0131n\u0131 kaydeden Yavuz, <b><em>&#8220;T\u00fcrk diasporas\u0131 bilgi, deneyim, network ve g\u00f6n\u00fcl ba\u011f\u0131 demek. E\u011fer bu potansiyeli organize edebilirsek, s\u00fcrd\u00fcr\u00fclebilir ve stratejik bir g\u00fcce d\u00f6n\u00fc\u015ft\u00fcrebiliriz. Bug\u00fcn 90 \u00fclkede temsil ediliyor, 1.100&#8217;\u00fcn \u00fczerinde \u00fcyeye sahibiz. \u00dcyelerimizin y\u00fczde 51&#8217;i Avrupa\u2019da, y\u00fczde 16&#8217;s\u0131 Avrasya&#8217;da, geri kalan\u0131 Afrika, Orta Do\u011fu-K\u00f6rfez, Balkanlar, Asya-Pasifik ve Amerika&#8217;da yer almakta. Bu da\u011f\u0131l\u0131m bize ger\u00e7ek anlamda k\u00fcresel bir a\u011f kazand\u0131rmakta.&#8221; <\/em><\/b>a\u00e7\u0131klamas\u0131nda bulundu.<\/p>\n<p>A\u00e7\u0131l\u0131\u015f konu\u015fmalar\u0131n\u0131n ard\u0131ndan ger\u00e7ekle\u015ftirilen <b>&#8220;Almanya&#8217;daki T\u00fcrk \u0130\u015f D\u00fcnyas\u0131n\u0131n Mevcut Durumu&#8221; <\/b>oturumunda, sekt\u00f6rel f\u0131rsatlar ve i\u015f birli\u011fi alanlar\u0131, diaspora g\u00fcc\u00fcn\u00fcn kurumsalla\u015fmas\u0131, DT\u0130K \u00e7at\u0131s\u0131 alt\u0131nda ortak \u00e7al\u0131\u015fma modelleri ele al\u0131nd\u0131.<\/p>\n<p><img decoding=\"async\" src=\"https:\/\/bihavadis.com\/wp-content\/uploads\/2026\/02\/dtik-antalyada-turk-alman-calistayina-ev-sahipligi-yapti-1-bCkjKEQ7.jpg\"\/> <\/p>\n<div> <span><strong>Kaynak:<\/strong> Ensonhaber Haber Merkezi<\/span> <\/div>\n","protected":false},"excerpt":{"rendered":"<p>D\u00fcnya T\u00fcrk \u0130\u015f Konseyi (DT\u0130K) Almanya Temsilcisi Kemal \u015eahin, Almanya&#8217;da 100 bine yak\u0131n T\u00fcrk giri\u015fimcinin bulundu\u011funu belirterek, &#8220;Bu giri\u015fimciler 90 milyar euro ciro \u00fcretiyor ve yakla\u015f\u0131k 500 bin ki\u015fiye istihdam sa\u011fl\u0131yor. T\u00fcrkiye ile Almanya &#8230;<\/p>\n","protected":false},"author":1,"featured_media":52764,"comment_status":"open","ping_status":"open","sticky":false,"template":"","format":"standard","meta":{"footnotes":""},"categories":[8],"tags":[1088,4997,6647,1802,517],"class_list":["post-52763","post","type-post","status-publish","format-standard","has-post-thumbnail","hentry","category-ekonomi","tag-almanya","tag-diaspora","tag-dtik","tag-temsilcisi","tag-turk"],"_links":{"self":[{"href":"https:\/\/bihavadis.com\/index.php\/wp-json\/wp\/v2\/posts\/52763","targetHints":{"allow":["GET"]}}],"collection":[{"href":"https:\/\/bihavadis.com\/index.php\/wp-json\/wp\/v2\/posts"}],"about":[{"href":"https:\/\/bihavadis.com\/index.php\/wp-json\/wp\/v2\/types\/post"}],"author":[{"embeddable":true,"href":"https:\/\/bihavadis.com\/index.php\/wp-json\/wp\/v2\/users\/1"}],"replies":[{"embeddable":true,"href":"https:\/\/bihavadis.com\/index.php\/wp-json\/wp\/v2\/comments?post=52763"}],"version-history":[{"count":1,"href":"https:\/\/bihavadis.com\/index.php\/wp-json\/wp\/v2\/posts\/52763\/revisions"}],"predecessor-version":[{"id":52767,"href":"https:\/\/bihavadis.com\/index.php\/wp-json\/wp\/v2\/posts\/52763\/revisions\/52767"}],"wp:featuredmedia":[{"embeddable":true,"href":"https:\/\/bihavadis.com\/index.php\/wp-json\/wp\/v2\/media\/52764"}],"wp:attachment":[{"href":"https:\/\/bihavadis.com\/index.php\/wp-json\/wp\/v2\/media?parent=52763"}],"wp:term":[{"taxonomy":"category","embeddable":true,"href":"https:\/\/bihavadis.com\/index.php\/wp-json\/wp\/v2\/categories?post=52763"},{"taxonomy":"post_tag","embeddable":true,"href":"https:\/\/bihavadis.com\/index.php\/wp-json\/wp\/v2\/tags?post=52763"}],"curies":[{"name":"wp","href":"https:\/\/api.w.org\/{rel}","templated":true}]}}