{"id":52808,"date":"2026-02-28T09:30:43","date_gmt":"2026-02-28T09:30:43","guid":{"rendered":"https:\/\/bihavadis.com\/?p=52808"},"modified":"2026-02-28T09:30:43","modified_gmt":"2026-02-28T09:30:43","slug":"sila-yilmazin-anisi-bilgisayar-laboratuvarinda-yasatilacak","status":"publish","type":"post","link":"https:\/\/bihavadis.com\/index.php\/2026\/02\/28\/sila-yilmazin-anisi-bilgisayar-laboratuvarinda-yasatilacak\/","title":{"rendered":"S\u0131la Y\u0131lmaz&#8217;\u0131n An\u0131s\u0131 Bilgisayar Laboratuvar\u0131nda Ya\u015fat\u0131lacak"},"content":{"rendered":"<p>KAHRAMANMARA\u015e merkezli depremlerde Osmaniye&#8217;de hayat\u0131n\u0131 kaybeden S\u0131la Y\u0131lmaz&#8217;\u0131n ad\u0131, \u00f6\u011frencisi oldu\u011fu Ankara \u00dcniversitesi Ke\u00e7i\u00f6ren Sa\u011fl\u0131k Hizmetleri Meslek Y\u00fcksekokulu&#8217;nda a\u00e7\u0131lan bilgisayar laboratuvar\u0131nda ya\u015fat\u0131lacak.<\/p>\n<p>Ankara \u00dcniversitesi Ke\u00e7i\u00f6ren Sa\u011fl\u0131k Hizmetleri Meslek Y\u00fcksekokulu&#8217;nda Radyoterapi b\u00f6l\u00fcm\u00fcnde okuyan S\u0131la Y\u0131lmaz, Kahramanmara\u015f merkezli 6 \u015eubat 2023&#8217;teki depremlere Osmaniye&#8217;de yakaland\u0131. Enkaz alt\u0131nda kalarak hayat\u0131n\u0131 kaybeden Y\u0131lmaz&#8217;\u0131n ad\u0131, depremin 3&#8217;\u00fcnc\u00fc y\u0131l\u0131nda \u00f6\u011frencisi oldu\u011fu okulda a\u00e7\u0131lan bilgisayar laboratuvar\u0131nda ya\u015fat\u0131lacak. S\u0131la Y\u0131lmaz Bilgisayar Laboratuvar\u0131&#8217;n\u0131n a\u00e7\u0131l\u0131\u015f t\u00f6reni, Ankara \u00dcniversitesi Rekt\u00f6r\u00fc Necdet \u00dcn\u00fcvar, S\u0131la&#8217;n\u0131n \u00f6\u011fretmenleri ve akademisyenlerin kat\u0131l\u0131m\u0131yla ger\u00e7ekle\u015ftirildi. \u00dcn\u00fcvar, 6 \u015eubat&#8217;\u0131n 3 y\u0131ld\u0131r h\u00fcz\u00fcnle hat\u0131rlanan bir y\u0131l d\u00f6n\u00fcm\u00fc oldu\u011funu s\u00f6yleyerek, &#8220;6 \u015eubat depremlerinde, Kahramanmara\u015f&#8217;ta, Ad\u0131yaman&#8217;da, Hatay&#8217;da, Osmaniye&#8217;de, farkl\u0131 \u015fehirlerde 17 gen\u00e7 evlad\u0131m\u0131z hayat\u0131n\u0131 kaybetti. 17 \u00e7ocu\u011fumuzun ac\u0131s\u0131n\u0131 ya\u015f\u0131yoruz. Biz Ankara \u00dcniversitesi olarak \u00e7ocuklar\u0131m\u0131z\u0131n ad\u0131n\u0131 da ya\u015fat\u0131yoruz. Farkl\u0131 farkl\u0131 birimlerde ya\u015fat\u0131yoruz. Bir deprem an\u0131t\u0131m\u0131z var. Orada zeytin a\u011fac\u0131m\u0131z\u0131n hemen g\u00f6lgesinde \u00e7ocuklar\u0131m\u0131z\u0131n adlar\u0131n\u0131 oraya koyduk ki Ankara \u00dcniversitesi ya\u015fad\u0131\u011f\u0131 s\u00fcrece o \u00e7ocuklar\u0131m\u0131z\u0131n ad\u0131 ya\u015fas\u0131n. S\u0131la Y\u0131lmaz karde\u015fimiz de Sa\u011fl\u0131k Hizmetleri Meslek Y\u00fcksek Okulumuzun Radyoterapi program\u0131nda 2&#8217;nci s\u0131n\u0131f \u00f6\u011frencimizdi. 6 \u015eubat depremlerinde Osmaniye&#8217;de hayat\u0131n\u0131 kaybetti&#8221; dedi.<\/p>\n<p>&#8217;17 \u00d6\u011eRENC\u0130M\u0130Z\u0130N ADLARINI YA\u015eATIYORUZ&#8217;<\/p>\n<p>Deprem felaketinde hayat\u0131n\u0131 kaybeden 17 Ankara \u00dcniversiteli \u00f6\u011frencinin ad\u0131n\u0131, okudu\u011fu fak\u00fcltelerde ya\u015fatmaya devam ettiklerini belirten Necdet \u00dcn\u00fcvar, &#8220;Bu, var olan bir laboratuvara verilen bir isim de\u011fildir, s\u0131f\u0131rdan yapt\u0131\u011f\u0131m\u0131z bir bilgisayar laboratuvar\u0131d\u0131r. S\u0131la karde\u015fimizin ad\u0131yla daha sonra S\u0131la&#8217;n\u0131n izinden giden karde\u015flerimiz \u00e7ok daha g\u00fczel bir e\u011fitim alacaklar ve buradan memleketimize, milletimize, devletimize hizmet edecekler. B\u00f6ylece S\u0131la, vefat ettikten sonra da hizmet etmeye devam edecek&#8221; ifadelerini kulland\u0131. <\/p>\n","protected":false},"excerpt":{"rendered":"<p>Kahramanmara\u015f depremlerinde hayat\u0131n\u0131 kaybeden S\u0131la Y\u0131lmaz&#8217;\u0131n ad\u0131, e\u011fitim ald\u0131\u011f\u0131 okulda ya\u015fat\u0131lacak.<\/p>\n","protected":false},"author":1,"featured_media":52809,"comment_status":"open","ping_status":"open","sticky":false,"template":"","format":"standard","meta":{"footnotes":""},"categories":[9,4,13],"tags":[3434,60,315,3621,320],"class_list":["post-52808","post","type-post","status-publish","format-standard","has-post-thumbnail","hentry","category-genel","category-gundem","category-son-dakika","tag-adi","tag-deprem","tag-hizmet","tag-sila","tag-yilmaz"],"_links":{"self":[{"href":"https:\/\/bihavadis.com\/index.php\/wp-json\/wp\/v2\/posts\/52808","targetHints":{"allow":["GET"]}}],"collection":[{"href":"https:\/\/bihavadis.com\/index.php\/wp-json\/wp\/v2\/posts"}],"about":[{"href":"https:\/\/bihavadis.com\/index.php\/wp-json\/wp\/v2\/types\/post"}],"author":[{"embeddable":true,"href":"https:\/\/bihavadis.com\/index.php\/wp-json\/wp\/v2\/users\/1"}],"replies":[{"embeddable":true,"href":"https:\/\/bihavadis.com\/index.php\/wp-json\/wp\/v2\/comments?post=52808"}],"version-history":[{"count":1,"href":"https:\/\/bihavadis.com\/index.php\/wp-json\/wp\/v2\/posts\/52808\/revisions"}],"predecessor-version":[{"id":52810,"href":"https:\/\/bihavadis.com\/index.php\/wp-json\/wp\/v2\/posts\/52808\/revisions\/52810"}],"wp:featuredmedia":[{"embeddable":true,"href":"https:\/\/bihavadis.com\/index.php\/wp-json\/wp\/v2\/media\/52809"}],"wp:attachment":[{"href":"https:\/\/bihavadis.com\/index.php\/wp-json\/wp\/v2\/media?parent=52808"}],"wp:term":[{"taxonomy":"category","embeddable":true,"href":"https:\/\/bihavadis.com\/index.php\/wp-json\/wp\/v2\/categories?post=52808"},{"taxonomy":"post_tag","embeddable":true,"href":"https:\/\/bihavadis.com\/index.php\/wp-json\/wp\/v2\/tags?post=52808"}],"curies":[{"name":"wp","href":"https:\/\/api.w.org\/{rel}","templated":true}]}}