{"id":52811,"date":"2026-02-28T09:33:07","date_gmt":"2026-02-28T09:33:07","guid":{"rendered":"https:\/\/bihavadis.com\/?p=52811"},"modified":"2026-02-28T09:33:07","modified_gmt":"2026-02-28T09:33:07","slug":"cumhurbaskani-erdogandan-suudi-arabistan-ile-kaan-ortakligi-sinyali-her-an-gerceklesebilir","status":"publish","type":"post","link":"https:\/\/bihavadis.com\/index.php\/2026\/02\/28\/cumhurbaskani-erdogandan-suudi-arabistan-ile-kaan-ortakligi-sinyali-her-an-gerceklesebilir\/","title":{"rendered":"Cumhurba\u015fkan\u0131 Erdo\u011fan&#8217;dan Suudi Arabistan ile &#8220;KAAN&#8221; ortakl\u0131\u011f\u0131 sinyali: Her an ger\u00e7ekle\u015febilir"},"content":{"rendered":"<p>Cumhurba\u015fkan\u0131 Recep Tayyip Erdo\u011fan Suudi Arabistan ve M\u0131s\u0131r ziyaretleri d\u00f6n\u00fc\u015f\u00fc u\u00e7akta gazetecilerin sorular\u0131n\u0131 yan\u0131tlad\u0131.<\/p>\n<p>Cumhurba\u015fkan\u0131 Erdo\u011fan sorular \u00f6ncesi genel bir de\u011ferlendirmede bulundu. Cumhurba\u015fkan\u0131 Erdo\u011fan&#8217;\u0131n de\u011ferlendirmeleri \u015fu \u015fekilde:<\/p>\n<p>Suudi Arabistan ve M\u0131s\u0131r&#8217;a yapt\u0131\u011f\u0131m\u0131z ziyareti tamamlam\u0131\u015f bulunuyoruz. \u0130ki \u00fclkenin liderleri ve heyetleriyle fevkalade yararl\u0131 g\u00f6r\u00fc\u015fmeler yapt\u0131k. \u0130kili ili\u015fkilerimizi t\u00fcm boyutlar\u0131yla kapsaml\u0131 \u015fekilde ele ald\u0131k. B\u00f6lgemizin \u00f6nde gelen \u00fclkeleri olarak &#8216;b\u00f6lgesel sahiplenme&#8217; yakla\u015f\u0131m\u0131yla Filistin ve Suriye ba\u015fta olmak \u00fczere g\u00fcncel geli\u015fmelere dair isti\u015farelerde bulunduk. Ziyaretimizin ilk dura\u011f\u0131 olan Suudi Arabistan&#8217;da Veliaht Prens ve Ba\u015fbakan Muhammed bin Selman ile verimli bir g\u00f6r\u00fc\u015fmemiz oldu.<\/p>\n<p>Akabinde heyetler aras\u0131 toplant\u0131m\u0131z\u0131 yapt\u0131k. D\u00f6rt belgeye imza att\u0131k, ortak a\u00e7\u0131klamay\u0131 kabul ettik. Malumunuz Suudi Arabistan bizim i\u00e7in savunma sanayii, ula\u015ft\u0131rma, sa\u011fl\u0131k, yat\u0131r\u0131mlar ve m\u00fcteahhitlik hizmetleri gibi alanlarda \u00f6zel konuma sahip bir karde\u015f \u00fclke. Ticaret hacmimiz istikrarl\u0131 bir \u015fekilde artarak 2025 y\u0131l\u0131nda 8 milyar dolar seviyesine ula\u015ft\u0131. M\u00fcteahhitlerimiz Suudi Arabistan&#8217;da toplam de\u011feri 30 milyar dolar\u0131 bulan, 400&#8217;den fazla proje \u00fcstlenmi\u015f durumda. EXPO-2030 ve F\u0130FA 2034 D\u00fcnya Kupas\u0131 gibi dev organizasyonlara haz\u0131rlanan \u00fclkede, de\u011ferlendirece\u011fimiz \u00e7ok say\u0131da f\u0131rsatlar bulunuyor. Ayr\u0131ca Suudi Arabistan vatanda\u015flar\u0131n\u0131n \u00fclkemize yo\u011fun bir tevecc\u00fch g\u00f6sterdiklerine \u015fahit oluyoruz.<\/p>\n<p>M\u0131s\u0131r Cumhurba\u015fkan\u0131 Say\u0131n Abdulfettah es-Sisi&#8217;nin davetine icabetle T\u00fcrkiye-M\u0131s\u0131r Y\u00fcksek D\u00fczeyli Stratejik \u0130\u015f Birli\u011fi Konseyi \u0130kinci Toplant\u0131s\u0131&#8217;n\u0131 yapmak \u00fczere de Kahire&#8217;deydik. Konseyimizin ilk toplant\u0131s\u0131n\u0131 Eyl\u00fcl 2024&#8217;te Ankara&#8217;da yapm\u0131\u015ft\u0131k. G\u00f6r\u00fc\u015fmelerimizde ikili ticari ve ekonomik ili\u015fkilerimiz \u00f6nemli yer tuttu. Ortak bildiri dahil toplam 8 metin imzalad\u0131k.<\/p>\n<p>Hem Riyad&#8217;da hem de Kahire&#8217;de iki \u00fclke i\u015f \u00e7evrelerinin kat\u0131l\u0131mlar\u0131yla i\u015f forumlar\u0131 d\u00fczenlendi. Say\u0131n Sisi ile ayr\u0131ca Gazze bar\u0131\u015f s\u00fcreci ba\u015fta olmak \u00fczere b\u00f6lgemizi ilgilendiren konular\u0131 isti\u015fare ettik. \u0130srail&#8217;in Gazze&#8217;ye y\u00f6nelik sald\u0131r\u0131lar\u0131n\u0131n durdurulmas\u0131nda M\u0131s\u0131r ve Suudi Arabistan ile beraber \u00e7al\u0131\u015ft\u0131k. Ate\u015fkes mutabakat\u0131na giden s\u00fcre\u00e7te i\u015f birli\u011fi i\u00e7inde olduk. Bug\u00fcn de Gazze&#8217;nin yeniden imar\u0131n\u0131n \u00f6n\u00fcn\u00fcn a\u00e7\u0131lmas\u0131 i\u00e7in yak\u0131n diyalog halindeyiz. T\u00fcrkiye&#8217;den Gazze&#8217;ye ula\u015ft\u0131r\u0131lmakta olan insani yard\u0131mlar\u0131n e\u015fg\u00fcd\u00fcm\u00fcnde M\u0131s\u0131r&#8217;\u0131n deste\u011fi \u00e7ok \u00f6nemli. \u0130srail h\u00fck\u00fcmeti maalesef sivilleri hedef almay\u0131 s\u00fcrd\u00fcr\u00fcyor. 11 Ekim&#8217;den bu yana 500&#8217;\u00fc a\u015fk\u0131n Gazzeli \u0130srail taraf\u0131ndan \u015fehit edildi. \u0130nsani yard\u0131m t\u0131rlar\u0131n\u0131n Gazze&#8217;ye giri\u015flerinde halen ciddi k\u0131s\u0131tlamalar, sorunlar ya\u015fan\u0131yor. Ancak \u0130srail&#8217;in t\u00fcm k\u0131\u015fk\u0131rtmalar\u0131na ve ihlallerine ra\u011fmen, Gazze bar\u0131\u015f plan\u0131n\u0131n birinci a\u015famas\u0131 tamamlanm\u0131\u015ft\u0131r. Kimin bar\u0131\u015f, kimin sava\u015f yanl\u0131s\u0131 oldu\u011fu bir kez daha ortaya \u00e7\u0131km\u0131\u015ft\u0131r.<\/p>\n<p>T\u00fcrkiye, Suudi Arabistan ve M\u0131s\u0131r olarak t\u00fcm s\u00fcre\u00e7lerin i\u00e7inde olmay\u0131, b\u00f6ylece Filistinli karde\u015flerimizin hukukunu korumay\u0131 hedefliyoruz. Ziyaretlerimiz s\u0131ras\u0131nda \u015fahs\u0131ma ve heyetime g\u00f6sterilen misafirperverlik i\u00e7in, iki \u00fclke makamlar\u0131na te\u015fekk\u00fcrlerimi ifade etmek istiyorum. Ziyaretimizin \u00fclkelerimiz i\u00e7in \u015fimdiden hay\u0131rlara vesile olmas\u0131n\u0131 diliyorum, te\u015fekk\u00fcr ediyorum.&#8221;<\/p>\n<p><b>&#8220;KAAN ile ilgili olarak Suudi Arabistan&#8217;la bir i\u015f birli\u011fi projesi s\u00f6z konusu olabilir mi?&#8221;<\/b><\/p>\n<p>&#8220;Suudi Arabistan&#8217;la son d\u00f6nemde olumlu y\u00f6nde ivmelenen ikili ili\u015fkilerimiz var. Bu ikili ili\u015fki alanlar\u0131ndan biri de savunma sanayii. \u015eu ana kadar takip etti\u011fimiz, bildi\u011fimiz, ba\u015fta insans\u0131z hava ara\u00e7lar\u0131 olmak \u00fczere savunma sanayii alan\u0131nda bir\u00e7ok i\u015f birli\u011fi projeleri, anla\u015fmalar imzaland\u0131. \u015eimdi de milli muharip u\u00e7a\u011f\u0131m\u0131z KAAN&#8217;a y\u00f6nelik Suudi Arabistan&#8217;\u0131n bir ilgisi oldu\u011fu iddialar\u0131, haberleri g\u00fcndeme geliyor. B\u00f6yle bir niyet var m\u0131? Bu \u00e7er\u00e7evede milli sava\u015f u\u00e7a\u011f\u0131m\u0131z KAAN ile ilgili olarak Suudi Arabistan&#8217;la bir i\u015f birli\u011fi projesi s\u00f6z konusu olabilir mi?&#8221; sorusu \u00fczerine Cumhurba\u015fkan\u0131 Erdo\u011fan \u015funlar\u0131 s\u00f6yledi:<\/p>\n<p>Suudi Arabistan ile k\u00fclt\u00fcrel ve tarihsel boyutlar\u0131 bulunan k\u00f6kl\u00fc ili\u015fkilere sahibiz. Bunu geli\u015ftirmek i\u00e7in bu ziyaretimizde de \u00f6nemli anla\u015fmalara imzay\u0131 att\u0131k. \u00dclkemizin savunma sanayii alan\u0131nda ald\u0131\u011f\u0131 mesafe b\u00fct\u00fcn d\u00fcnya gibi Suudi Arabistan taraf\u0131ndan da ilgiyle takip ediliyor. Biz, savunma sanayiinde, \u00f6ncelikle kendi ihtiya\u00e7lar\u0131m\u0131z\u0131 kar\u015f\u0131lamaya odaklanm\u0131\u015f bulunuyoruz. Bunun yan\u0131nda dost ve karde\u015flerimizin ihtiya\u00e7lar\u0131n\u0131n temini i\u00e7in de gayret g\u00f6steriyoruz. Suudi Arabistan ile savunma sanayii konusunda \u00f6nemli i\u015f birliklerine imza at\u0131yoruz ve bunu geli\u015ftirmekte de kararl\u0131y\u0131z. KAAN sadece bir sava\u015f u\u00e7a\u011f\u0131 de\u011fil, KAAN T\u00fcrkiye&#8217;nin m\u00fchendislik kabiliyetinin, ba\u011f\u0131ms\u0131z savunma iradesinin sembol\u00fcd\u00fcr. KAAN ile ilgili \u00f6vg\u00fc dolu bir\u00e7ok geri d\u00f6n\u00fc\u015f ald\u0131k. D\u00fcnyada bu alanda daha fazla s\u00f6z sahibi olduk\u00e7a, bu t\u00fcr i\u015f birliklerimiz de kesinlikle artacakt\u0131r. Kald\u0131 ki Suudi Arabistan ile bu konuda ortak yat\u0131r\u0131m s\u00f6z konusu. Her an bu ortak yat\u0131r\u0131m\u0131 da ger\u00e7ekle\u015ftirebiliriz.<\/p>\n<p><b>&#8220;Suudi Arabistan ile enerji alan\u0131nda anla\u015fmalar&#8221;<\/b><\/p>\n<p>&#8220;Suudi Arabistan ile enerji alan\u0131nda \u00e7ok da \u00f6nemli anla\u015fmalara imza att\u0131\u011f\u0131n\u0131z yans\u0131d\u0131 bizlere. Rakamlar da yans\u0131d\u0131 ama tam kapsam\u0131n\u0131 merak ederiz efendim ve ne anlama gelir?&#8221; sorusu \u00fczerine Cumhurba\u015fkan\u0131 Erdo\u011fan \u015funlar\u0131 s\u00f6yledi:<\/p>\n<p>&#8220;Ziyaretimiz esnas\u0131nda Enerji ve Tabii Kaynaklar Bakanl\u0131\u011f\u0131m\u0131z ile Suudi Arabistan Enerji Bakanl\u0131\u011f\u0131 aras\u0131nda yenilenebilir enerji alan\u0131nda \u00f6nemli bir anla\u015fma imzaland\u0131. Suudi Arabistan \u015firketleri T\u00fcrkiye&#8217;de toplam 5 bin megavat g\u00fcc\u00fcnde g\u00fcne\u015f ve r\u00fczgar santralleri in\u015fa edecek. \u0130lk a\u015famada Sivas ve Karaman&#8217;da 1000&#8217;er megavatl\u0131k g\u00fcne\u015f enerjisi santralleri yap\u0131lacak. Yat\u0131r\u0131mlar, d\u0131\u015f finansman ve uluslararas\u0131 krediler yoluyla hayata ge\u00e7irilecek. Bu santrallerden T\u00fcrkiye&#8217;de bug\u00fcne kadar g\u00f6r\u00fclen en d\u00fc\u015f\u00fck fiyatlardan elektrik al\u0131m\u0131 yapaca\u011f\u0131z. \u0130ki g\u00fcne\u015f enerjisi santrali projesiyle 2,1 milyon hanenin elektrik ihtiyac\u0131 kar\u015f\u0131lanacak. 2027 y\u0131l\u0131nda temelleri at\u0131lacak santraller y\u00fczde 50 yerlilik oran\u0131na sahip olacak. Projeler elektrik ekipman ve hizmet sekt\u00f6rlerimize \u00f6nemli katk\u0131 sa\u011flayacak.&#8221;<\/p>\n<p><b>\u0130ran-ABD gerginli\u011fi<\/b><\/p>\n<p>&#8220;\u0130ran-ABD gerginli\u011finin ba\u015flamas\u0131ndan sonra \u0130ran Cumhurba\u015fkan\u0131 Mesud Peze\u015fkiyan ve ABD Ba\u015fkan\u0131 Donald Trump ile g\u00f6r\u00fc\u015fmeleriniz oldu ve bir s\u00fcre\u00e7 ba\u015flad\u0131. Bu s\u00fcrecin evrildi\u011fi nokta an itibariyle nedir?&#8221; sorusu \u00fczerine Cumhurba\u015fkan\u0131 Erdo\u011fan \u015funlar\u0131 s\u00f6yledi:<\/p>\n<p>&#8220;\u00d6ncelikle Amerika ve \u0130ran aras\u0131ndaki gerilimin b\u00f6lgeyi yeni bir \u00e7at\u0131\u015fmaya, kaosa s\u00fcr\u00fcklemeden d\u00fc\u015f\u00fcr\u00fclmesi i\u00e7in elimizden geleni yap\u0131yoruz. Onun i\u00e7in de biliyorsunuz ABD Ba\u015fkan\u0131 Donald Trump ile g\u00f6r\u00fc\u015fmem oldu ve \u0130ran Cumhurba\u015fkan\u0131 Mesud Peze\u015fkiyan ile hemen ertesi g\u00fcn g\u00f6r\u00fc\u015ft\u00fcm. \u0130ran D\u0131\u015fi\u015fleri Bakan\u0131 Abbas Arak\u00e7i ile de \u0130stanbul&#8217;da D\u0131\u015fi\u015fleri Bakan\u0131mla beraber \u00fc\u00e7l\u00fc bir g\u00f6r\u00fc\u015fme yapt\u0131k. \u0130\u015fi s\u0131cak tutuyoruz. \u0130ran&#8217;a askeri m\u00fcdahaleye kar\u015f\u0131 oldu\u011fumuzu net \u015fekilde ortaya koyduk ve bunu muhataplar\u0131m\u0131za ilettik. \u015eu ana kadar taraflar\u0131n diplomasiye alan a\u00e7mak istedi\u011fini g\u00f6r\u00fcyorum. Bu olumlu bir geli\u015fme olarak \u00f6n\u00fcm\u00fczde duruyor. Sorunlar\u0131n \u00e7\u00f6z\u00fcm yolu \u00e7at\u0131\u015fmalar de\u011fil, uzla\u015fma zemininde bulu\u015fmak ve m\u00fczakere etmektir. S\u00fcre\u00e7 canl\u0131d\u0131r ve kopmu\u015f de\u011fildir. Zemin diyaloga ve diplomasiye hala a\u00e7\u0131kt\u0131r. Alt d\u00fczeyde yap\u0131lacak g\u00f6r\u00fc\u015fmelerde mesafe al\u0131nmas\u0131n\u0131n ard\u0131ndan liderler seviyesinde m\u00fczakerenin de faydal\u0131 olaca\u011f\u0131n\u0131 d\u00fc\u015f\u00fcn\u00fcyorum. Askeri gerilim bu kadar artm\u0131\u015fken m\u00fczakere masas\u0131n\u0131n bir \u015fekilde kurulacak olmas\u0131 da \u00f6nemlidir. Umar\u0131z sorunlar diyalog yoluyla \u00e7\u00f6z\u00fcl\u00fcr ve b\u00f6lgemizde yeni bir \u00e7at\u0131\u015fma ba\u015f g\u00f6stermez. Biz gerek lider diplomasisi gerek di\u011fer d\u00fczeylerde yap\u0131lan g\u00f6r\u00fc\u015fmeler yoluyla, m\u00fczakere zeminini kuvvetlendirmek i\u00e7in \u00e7al\u0131\u015faca\u011f\u0131z. Bu zemin ne kadar geni\u015fler, ba\u015fka \u00fclkeler de devreye girer mi g\u00f6rece\u011fiz.&#8221;<\/p>\n<p>&#8220;Suudi Arabistan ba\u015fta olmak \u00fczere, ki bug\u00fcn ziyaretinizden dolay\u0131 \u00f6nde geliyor, K\u00f6rfez \u00fclkelerinin toplamda \u0130ran&#8217;a kar\u015f\u0131 yakla\u015f\u0131mlar\u0131 biraz daha Amerikan yanl\u0131s\u0131 gibiydi daha \u00f6nceki y\u0131llarda. \u015eimdi biraz daha sizin, T\u00fcrkiye&#8217;nin politikalar\u0131na yak\u0131n gibi duruyorlar. Bug\u00fcnk\u00fc politikalar\u0131 nas\u0131l de\u011ferlendiriyorsunuz?&#8221; sorusu \u00fczerine Cumhurba\u015fkan\u0131 Erdo\u011fan \u015funlar\u0131 s\u00f6yledi:<\/p>\n<p>&#8220;Her \u015feyden \u00f6nce biz b\u00f6lgemizde yeni bir sava\u015f istemiyoruz. Bunu en net \u015fekilde her zaman dile getirdim, dile getiriyorum. Suudi Arabistan da tabii ki bu b\u00f6lgedeki \u00e7at\u0131\u015fmalardan etkileniyor. Onlar da b\u00f6lgemizde huzurun, bar\u0131\u015f\u0131n ve sa\u011fduyunun hakim olmas\u0131n\u0131 istiyor. Hassasiyetlerimiz genel manada \u00f6rt\u00fc\u015f\u00fcyor. Herkes biliyor ki; b\u00f6lgemizde tam anlam\u0131yla tesis edilecek huzur, bar\u0131\u015f ve istikrar hepimize kazand\u0131r\u0131r. \u00c7at\u0131\u015fmalar\u0131n, kan\u0131n, g\u00f6zya\u015f\u0131n\u0131n hakim oldu\u011fu bir co\u011frafyada ise kesinlikle herkes kaybeder. Bu nedenle hepimizin bar\u0131\u015f\u0131n taraf\u0131nda yer almas\u0131, en ak\u0131lc\u0131 se\u00e7enektir. B\u00f6lge \u00fclkelerinin son y\u0131llarda ya\u015fanan \u00e7at\u0131\u015fmal\u0131 s\u00fcre\u00e7lerden, bunu net bir \u015fekilde g\u00f6rd\u00fc\u011f\u00fcn\u00fc ve bizim duru\u015fumuzu desteklediklerini de d\u00fc\u015f\u00fcn\u00fcyorum. Art\u0131k, etraf\u0131m\u0131z\u0131 saran ate\u015f \u00e7emberinden s\u0131yr\u0131lman\u0131n, yanan ate\u015fleri s\u00f6nd\u00fcrmenin, vakti \u00e7oktan gelmi\u015ftir. Sa\u011fduyu burada ortak paydad\u0131r. Bu meseleye sadece askeri pencereden bakmak, b\u00f6lgeyi felakete g\u00f6t\u00fcr\u00fcr. Ate\u015fi daha fazla harlaman\u0131n kimseye faydas\u0131 olmaz. B\u00f6lgemiz kana, g\u00f6zya\u015f\u0131na, sava\u015flara doymu\u015ftur. Art\u0131k, bar\u0131\u015f\u0131 ve huzuru konu\u015fmay\u0131, i\u015f birliklerini art\u0131rmay\u0131 istiyoruz. Sorunlar her zaman olur; anla\u015fmazl\u0131klar uluslararas\u0131 ili\u015fkilerin bir par\u00e7as\u0131d\u0131r. Ancak diplomasi de bunun i\u00e7in vard\u0131r. Biz de bar\u0131\u015f\u00e7\u0131l diplomasiyi g\u00fc\u00e7lendirmek zorunday\u0131z. Bu, hem \u00fclkemizin hem b\u00f6lgemizin \u00e7\u0131karlar\u0131 i\u00e7in hayati \u00f6nemdedir.&#8221;<\/p>\n<p><b>T\u00fcrkiye, Gazze bar\u0131\u015f plan\u0131n\u0131n uygulanmas\u0131nda nas\u0131l bir rol \u00fcstlenecek?<\/b><\/p>\n<p>&#8220;T\u00fcrkiye, Gazze bar\u0131\u015f plan\u0131n\u0131n uygulanmas\u0131nda nas\u0131l bir rol \u00fcstlenecek? Ba\u015flang\u0131ca nispetle nerede? T\u00fcrkiye&#8217;nin murad\u0131 nedir bu mevzuda? Siz de ifade ettiniz \u015earm el-\u015eeyh&#8217;teki 20 maddeli bar\u0131\u015f plan\u0131ndan bu yana, Ekim ay\u0131ndan bu yana \u0130srail, sald\u0131r\u0131lar\u0131n\u0131 s\u00fcrd\u00fcr\u00fcyor, gidecek yard\u0131mlara mani oluyor, sabote ediyor. Bu s\u00fcre\u00e7te \u0130srail konusunda hem T\u00fcrkiye&#8217;nin hem de m\u00fcdahil olan bar\u0131\u015f plan\u0131ndaki di\u011fer \u00fclkelerin de\u011ferlendirmesi nedir?&#8221; sorusu \u00fczerine Cumhurba\u015fkan\u0131 Erdo\u011fan \u015funlar\u0131 s\u00f6yledi:<\/p>\n<p>&#8220;T\u00fcrkiye, Gazze bar\u0131\u015f plan\u0131n\u0131n olmas\u0131 gerekti\u011fi gibi i\u015fletilmesi ve Gazze&#8217;de huzurun, istikrar\u0131n yeniden tesis edilmesi i\u00e7in etkin bir rol oynayacakt\u0131r. Biz, Gazze&#8217;de Filistinli karde\u015flerimizin hak ettikleri onurlu bir gelece\u011fe ve kal\u0131c\u0131 bir bar\u0131\u015fa ula\u015fmas\u0131n\u0131 istiyoruz. Bar\u0131\u015f\u0131, ka\u011f\u0131t \u00fczerinde de\u011fil, sahada tesis etmekten yanay\u0131z. Gazze&#8217;de ya\u015fanan zul\u00fcmlere, soyk\u0131r\u0131ma varan uygulamalara, a\u00e7l\u0131\u011f\u0131n silah olarak kullan\u0131lmas\u0131na kar\u015f\u0131 olmak i\u00e7in, M\u00fcsl\u00fcman olmak gerekmez. Bizim duru\u015fumuz, \u00f6ncelikle insanl\u0131\u011f\u0131n temel de\u011ferlerini muhafazad\u0131r. Tabii ki bu tutumumuzda Filistinli karde\u015flerimizle tarihsel ve k\u00fclt\u00fcrel ba\u011flar\u0131m\u0131z da etkilidir. Ancak bunu k\u00f6r\u00fc k\u00f6r\u00fcne bir kar\u015f\u0131tl\u0131k olarak g\u00f6stermeye \u00e7al\u0131\u015fmak, meselenin \u00f6z\u00fcn\u00fc sapt\u0131rmak olur.<\/p>\n<p>Gazze&#8217;deki zulm\u00fcn bir benzerini bir ba\u015fka co\u011frafyada M\u00fcsl\u00fcmanlar yapsayd\u0131, biz onlar\u0131n da kar\u015f\u0131s\u0131nda bug\u00fcnk\u00fc gibi dimdik dururduk. Biz y\u0131llard\u0131r &#8216;Mazlumun diline, dinine, inanc\u0131na, derisinin rengine bakmay\u0131z&#8217; demiyor muyuz? \u0130\u015fte bu, bizim klas duru\u015fumuzdur. Ate\u015fkes, insani yard\u0131m ve sivillerin korunmas\u0131 i\u00e7in at\u0131lacak ad\u0131mlar\u0131n bir an \u00f6nce hayata ge\u00e7irilmesi gerekiyor. T\u00fcrkiye bunlar\u0131 sa\u011flamak i\u00e7in b\u00fcy\u00fck bir \u00e7aba g\u00f6steriyor.&#8221;<\/p>\n<p><b>M\u0131s\u0131r&#8217;\u0131n yakla\u015f\u0131mlar\u0131 T\u00fcrkiye&#8217;nin g\u00f6r\u00fc\u015fleriyle \u00f6rt\u00fc\u015f\u00fcyor mu?<\/b><\/p>\n<p>&#8220;Gazze meselesinde \u00e7\u00f6z\u00fcm i\u00e7in aray\u0131\u015flarda M\u0131s\u0131r&#8217;\u0131n yakla\u015f\u0131mlar\u0131 T\u00fcrkiye&#8217;nin g\u00f6r\u00fc\u015fleriyle \u00f6rt\u00fc\u015f\u00fcyor mu? \u00c7\u00fcnk\u00fc \u0130srail&#8217;in bask\u0131lanabilmesi i\u00e7in garant\u00f6r \u00fclkelerin aras\u0131ndaki fikir birli\u011fi \u00f6nemli. Mesela Gazze&#8217;de y\u00f6netimin devredilmesi noktas\u0131nda M\u0131s\u0131r ne \u00f6ng\u00f6r\u00fcyor?&#8221; sorusu \u00fczerine Cumhurba\u015fkan\u0131 Erdo\u011fan \u015funlar\u0131 s\u00f6yledi:<\/p>\n<p>&#8220;M\u0131s\u0131r, Gazze&#8217;deki zulm\u00fcn etkilerini en yak\u0131ndan hisseden \u00fclkelerden biri. M\u0131s\u0131r&#8217;\u0131n da Gazze ve Filistin meselesinin daha fazla derinle\u015fmesini istemedi\u011fini g\u00f6rd\u00fck ve bunu biliyoruz. B\u00f6lgenin yeni bir yang\u0131n\u0131 kald\u0131racak hali yok. Bunu M\u0131s\u0131r y\u00f6netimi de \u00e7ok iyi g\u00f6r\u00fcyor. \u0130srail&#8217;in b\u00f6lgede y\u0131llard\u0131r olu\u015fturdu\u011fu sistematik istikrars\u0131zl\u0131k, M\u0131s\u0131r&#8217;\u0131 da s\u00fcre\u00e7 i\u00e7erisinde y\u0131pratt\u0131. Bu \u00e7at\u0131\u015fmalar\u0131n sona ermesini, Filistin&#8217;in huzura kavu\u015fmas\u0131n\u0131 bizim kadar M\u0131s\u0131r da istiyor. \u00d6zellikle a\u00e7l\u0131\u011f\u0131n silah olarak kullan\u0131lmas\u0131na ve Filistinlilerin topraklar\u0131ndan s\u00fcr\u00fclmesine y\u00fcksek sesle kar\u015f\u0131 \u00e7\u0131kt\u0131lar ve bunu s\u00fcrd\u00fcr\u00fcyorlar. M\u0131s\u0131r&#8217;\u0131n bulundu\u011fu yer kritik. Hem co\u011frafi konumu, hem tarihi sorumlulu\u011fu itibar\u0131yla Gazze&#8217;nin kaderinde \u00f6nemli bir akt\u00f6r.<\/p>\n<p>Bu nedenlerle Gazze&#8217;de ve b\u00fct\u00fcn Filistin&#8217;de istikrar\u0131n sa\u011flanmas\u0131, M\u0131s\u0131r&#8217;\u0131n da \u00e7\u0131kar\u0131nad\u0131r. Gazze&#8217;ye Refah&#8217;tan insani yard\u0131mlar\u0131n giri\u015fi ve yard\u0131mlar\u0131n organizasyonu i\u00e7in ortaya koyduklar\u0131 gayret takdire \u015fayand\u0131r. Hep birlikte Gazze&#8217;de huzurun yeniden hakim olmas\u0131n\u0131 ve Gazze&#8217;nin yeniden in\u015fa edilmesini sa\u011flayaca\u011f\u0131m\u0131za inan\u0131yorum. \u0130srail&#8217;in bitmek bilmeyen sald\u0131r\u0131lar\u0131 ve ate\u015fkes ihlalleri kesinlikle kabul edilemez. Uluslararas\u0131 toplumu \u0130srail&#8217;e ate\u015fkese tam uyum i\u00e7in bask\u0131 yapmaya \u00e7a\u011f\u0131r\u0131yoruz. Filistinli karde\u015flerimizin hak ettikleri mutlu g\u00fcnlere kavu\u015fmas\u0131 i\u00e7in gece g\u00fcnd\u00fcz \u00e7al\u0131\u015fmaya, mazlumlar\u0131n sesi olmaya devam ediyoruz.&#8221;<\/p>\n","protected":false},"excerpt":{"rendered":"<p>Cumhurba\u015fkan\u0131 Erdo\u011fan&#8217;dan Suudi Arabistan ile &#8220;KAAN&#8221; ortakl\u0131\u011f\u0131 sinyali: Her an ger\u00e7ekle\u015febilir<\/p>\n","protected":false},"author":1,"featured_media":52812,"comment_status":"open","ping_status":"open","sticky":false,"template":"","format":"standard","meta":{"footnotes":""},"categories":[9,4,13],"tags":[469,510,557,899,514],"class_list":["post-52811","post","type-post","status-publish","format-standard","has-post-thumbnail","hentry","category-genel","category-gundem","category-son-dakika","tag-bas","tag-bolge","tag-gazze","tag-misir","tag-suudi-arabistan"],"_links":{"self":[{"href":"https:\/\/bihavadis.com\/index.php\/wp-json\/wp\/v2\/posts\/52811","targetHints":{"allow":["GET"]}}],"collection":[{"href":"https:\/\/bihavadis.com\/index.php\/wp-json\/wp\/v2\/posts"}],"about":[{"href":"https:\/\/bihavadis.com\/index.php\/wp-json\/wp\/v2\/types\/post"}],"author":[{"embeddable":true,"href":"https:\/\/bihavadis.com\/index.php\/wp-json\/wp\/v2\/users\/1"}],"replies":[{"embeddable":true,"href":"https:\/\/bihavadis.com\/index.php\/wp-json\/wp\/v2\/comments?post=52811"}],"version-history":[{"count":1,"href":"https:\/\/bihavadis.com\/index.php\/wp-json\/wp\/v2\/posts\/52811\/revisions"}],"predecessor-version":[{"id":52813,"href":"https:\/\/bihavadis.com\/index.php\/wp-json\/wp\/v2\/posts\/52811\/revisions\/52813"}],"wp:featuredmedia":[{"embeddable":true,"href":"https:\/\/bihavadis.com\/index.php\/wp-json\/wp\/v2\/media\/52812"}],"wp:attachment":[{"href":"https:\/\/bihavadis.com\/index.php\/wp-json\/wp\/v2\/media?parent=52811"}],"wp:term":[{"taxonomy":"category","embeddable":true,"href":"https:\/\/bihavadis.com\/index.php\/wp-json\/wp\/v2\/categories?post=52811"},{"taxonomy":"post_tag","embeddable":true,"href":"https:\/\/bihavadis.com\/index.php\/wp-json\/wp\/v2\/tags?post=52811"}],"curies":[{"name":"wp","href":"https:\/\/api.w.org\/{rel}","templated":true}]}}