{"id":52827,"date":"2026-02-28T09:45:07","date_gmt":"2026-02-28T09:45:07","guid":{"rendered":"https:\/\/bihavadis.com\/?p=52827"},"modified":"2026-02-28T09:45:07","modified_gmt":"2026-02-28T09:45:07","slug":"bakan-tekin-sanliurfada-deprem-sehitlerini-andi","status":"publish","type":"post","link":"https:\/\/bihavadis.com\/index.php\/2026\/02\/28\/bakan-tekin-sanliurfada-deprem-sehitlerini-andi\/","title":{"rendered":"Bakan Tekin \u015eanl\u0131urfa&#8217;da Deprem \u015eehitlerini And\u0131"},"content":{"rendered":"<p>\n<p>M\u0130LL\u0130 E\u011fitim Bakan\u0131 Yusuf Tekin, \u00e7e\u015fitli ziyaretlerde bulunmak \u00fczere geldi\u011fi \u015eanl\u0131urfa&#8217;da, depremde hayat\u0131n\u0131 kaybedenlerin kabirlerini ziyaret ederek karanfil b\u0131rakt\u0131.<\/p>\n<p> Milli E\u011fitim Bakan\u0131 Yusuf Tekin, \u00e7e\u015fitli temaslarda bulunmak \u00fczere \u015eanl\u0131urfa&#8217;ya geldi. Kent protokol\u00fc taraf\u0131ndan GAP Havaliman\u0131&#8217;nda kar\u015f\u0131lanan Bakan Tekin, Karak\u00f6pr\u00fc il\u00e7esindeki Narl\u0131 \u0130lkokulu&#8217;na s\u00fcrpriz ziyarette bulundu. Ziyaret s\u0131ras\u0131nda s\u0131n\u0131flar\u0131 gezen Bakan Tekin, \u00f6\u011frencilerle sohbet etti. \u00d6\u011fretmenler odas\u0131nda \u00f6\u011fretmenlerle bir araya gelen Tekin, e\u011fitim faaliyetlerine ili\u015fkin isti\u015farelerde bulunarak okulda y\u00fcr\u00fct\u00fclen \u00e7al\u0131\u015fmalar hakk\u0131nda bilgi ald\u0131. Bakan Tekin, ziyaretin sonunda \u00f6\u011fretmenlerle hat\u0131ra foto\u011fraf\u0131 \u00e7ektirdi. <\/p>\n<p>Ard\u0131ndan \u015eanl\u0131urfa Valili\u011fi&#8217;ni de ziyaret eden Bakan Tekin, Vali Hasan \u015e\u0131ldak ile g\u00f6r\u00fc\u015ferek kentte y\u00fcr\u00fct\u00fclen e\u011fitim \u00e7al\u0131\u015fmalar\u0131na ili\u015fkin de\u011ferlendirmelerde bulundu. Bakan Tekin, daha sonra Asri Mezarl\u0131k&#8217;a ge\u00e7erek Kahramanmara\u015f merkezli 6 \u015eubat 2023&#8217;teki depremlerde hayat\u0131n\u0131 kaybedenlerin kabirlerine karanfil b\u0131rakt\u0131. Ziyaret s\u0131ras\u0131nda Kur&#8217;an-\u0131 Kerim okunarak dualar edildi.<\/p>\n<p>Program\u0131n devam\u0131nda depremlerde 6 yak\u0131n\u0131n\u0131 kaybeden F\u0131rat ailesini Karak\u00f6pr\u00fc il\u00e7esindeki evlerinde ziyaret eden Bakan Tekin, aileye ba\u015fsa\u011fl\u0131\u011f\u0131 dileklerini iletti. <\/p>\n<p>Bakan Tekin, daha sonra esnaf ziyaretinde bulundu. <\/p>\n","protected":false},"excerpt":{"rendered":"<p>Milli E\u011fitim Bakan\u0131 Yusuf Tekin, \u015eanl\u0131urfa&#8217;da depremde hayat\u0131n\u0131 kaybedenlerin kabirlerini ziyaret etti.<\/p>\n","protected":false},"author":1,"featured_media":52828,"comment_status":"open","ping_status":"open","sticky":false,"template":"","format":"standard","meta":{"footnotes":""},"categories":[12],"tags":[2929,319],"class_list":["post-52827","post","type-post","status-publish","format-standard","has-post-thumbnail","hentry","category-siyaset","tag-bakan-tekin","tag-ziyaret"],"_links":{"self":[{"href":"https:\/\/bihavadis.com\/index.php\/wp-json\/wp\/v2\/posts\/52827","targetHints":{"allow":["GET"]}}],"collection":[{"href":"https:\/\/bihavadis.com\/index.php\/wp-json\/wp\/v2\/posts"}],"about":[{"href":"https:\/\/bihavadis.com\/index.php\/wp-json\/wp\/v2\/types\/post"}],"author":[{"embeddable":true,"href":"https:\/\/bihavadis.com\/index.php\/wp-json\/wp\/v2\/users\/1"}],"replies":[{"embeddable":true,"href":"https:\/\/bihavadis.com\/index.php\/wp-json\/wp\/v2\/comments?post=52827"}],"version-history":[{"count":1,"href":"https:\/\/bihavadis.com\/index.php\/wp-json\/wp\/v2\/posts\/52827\/revisions"}],"predecessor-version":[{"id":52829,"href":"https:\/\/bihavadis.com\/index.php\/wp-json\/wp\/v2\/posts\/52827\/revisions\/52829"}],"wp:featuredmedia":[{"embeddable":true,"href":"https:\/\/bihavadis.com\/index.php\/wp-json\/wp\/v2\/media\/52828"}],"wp:attachment":[{"href":"https:\/\/bihavadis.com\/index.php\/wp-json\/wp\/v2\/media?parent=52827"}],"wp:term":[{"taxonomy":"category","embeddable":true,"href":"https:\/\/bihavadis.com\/index.php\/wp-json\/wp\/v2\/categories?post=52827"},{"taxonomy":"post_tag","embeddable":true,"href":"https:\/\/bihavadis.com\/index.php\/wp-json\/wp\/v2\/tags?post=52827"}],"curies":[{"name":"wp","href":"https:\/\/api.w.org\/{rel}","templated":true}]}}