{"id":52833,"date":"2026-02-28T09:51:07","date_gmt":"2026-02-28T09:51:07","guid":{"rendered":"https:\/\/bihavadis.com\/?p=52833"},"modified":"2026-02-28T09:51:07","modified_gmt":"2026-02-28T09:51:07","slug":"bakan-uraloglu-malatyada-depremlerde-hayatini-kaybedenlerin-kabirlerini-ziyaret-etti","status":"publish","type":"post","link":"https:\/\/bihavadis.com\/index.php\/2026\/02\/28\/bakan-uraloglu-malatyada-depremlerde-hayatini-kaybedenlerin-kabirlerini-ziyaret-etti\/","title":{"rendered":"Bakan Uralo\u011flu, Malatya&#8217;da depremlerde hayat\u0131n\u0131 kaybedenlerin kabirlerini ziyaret etti"},"content":{"rendered":"<p> Ula\u015ft\u0131rma ve Altyap\u0131 Bakan\u0131 Abdulkadir Uralo\u011flu, Kahramanmara\u015f merkezli 6 \u015eubat 2023&#8217;teki depremlerde hayat\u0131n\u0131 kaybedenlerin kabirlerini ziyaret etti.<\/p>\n<p>Bir dizi ziyaret i\u00e7in kente gelen Bakan Uralo\u011flu, Pazarc\u0131k ve Elbistan merkezli depremlerde hayat\u0131n\u0131 kaybedenlerin Malatya \u015eehir Mezarl\u0131\u011f\u0131&#8217;nda bulunan kabirlerine ziyarette bulundu.<\/p>\n<p>Kabirlere karanfil b\u0131rakan Bakan Uralo\u011flu, 6 \u015eubat Deprem \u015eehitleri An\u0131t\u0131 \u00f6n\u00fcnde mezarl\u0131\u011f\u0131 ziyaret eden vatanda\u015flara ba\u015fsa\u011fl\u0131\u011f\u0131 diledi.<\/p>\n<p>Bakan Uralo\u011flu daha sonra Kernek Karag\u00f6zl\u00fcler Camisi&#8217;nde deprem \u015fehitleri i\u00e7in okutulan mevlid prgoram\u0131na kat\u0131ld\u0131.<\/p>\n<p>Programlarda, Malatya Valisi Seddar Yavuz, Karayollar\u0131 Genel M\u00fcd\u00fcr\u00fc Ahmet G\u00fcl\u015fen, Malatya B\u00fcy\u00fck\u015fehir Belediye Ba\u015fkan\u0131 Sami Er, AK Parti Malatya milletvekilleri B\u00fclent T\u00fcfenkci, \u0130hsan Koca, \u0130nan\u00e7 Sira\u00e7 Kara \u00d6lmeztoprak, Abdurrahman Babacan, MHP Malatya Milletvekili Mehmet Fendo\u011flu ve belediye ba\u015fkanlar\u0131 da yer ald\u0131.<\/p>\n","protected":false},"excerpt":{"rendered":"<p>Ula\u015ft\u0131rma ve Altyap\u0131 Bakan\u0131 Abdulkadir Uralo\u011flu, Kahramanmara\u015f merkezli 6 \u015eubat 2023&#8217;teki depremlerde hayat\u0131n\u0131 kaybedenlerin kabirlerini ziyaret etti.<\/p>\n","protected":false},"author":1,"featured_media":52834,"comment_status":"open","ping_status":"open","sticky":false,"template":"","format":"standard","meta":{"footnotes":""},"categories":[12],"tags":[2454],"class_list":["post-52833","post","type-post","status-publish","format-standard","has-post-thumbnail","hentry","category-siyaset","tag-malatya"],"_links":{"self":[{"href":"https:\/\/bihavadis.com\/index.php\/wp-json\/wp\/v2\/posts\/52833","targetHints":{"allow":["GET"]}}],"collection":[{"href":"https:\/\/bihavadis.com\/index.php\/wp-json\/wp\/v2\/posts"}],"about":[{"href":"https:\/\/bihavadis.com\/index.php\/wp-json\/wp\/v2\/types\/post"}],"author":[{"embeddable":true,"href":"https:\/\/bihavadis.com\/index.php\/wp-json\/wp\/v2\/users\/1"}],"replies":[{"embeddable":true,"href":"https:\/\/bihavadis.com\/index.php\/wp-json\/wp\/v2\/comments?post=52833"}],"version-history":[{"count":1,"href":"https:\/\/bihavadis.com\/index.php\/wp-json\/wp\/v2\/posts\/52833\/revisions"}],"predecessor-version":[{"id":52835,"href":"https:\/\/bihavadis.com\/index.php\/wp-json\/wp\/v2\/posts\/52833\/revisions\/52835"}],"wp:featuredmedia":[{"embeddable":true,"href":"https:\/\/bihavadis.com\/index.php\/wp-json\/wp\/v2\/media\/52834"}],"wp:attachment":[{"href":"https:\/\/bihavadis.com\/index.php\/wp-json\/wp\/v2\/media?parent=52833"}],"wp:term":[{"taxonomy":"category","embeddable":true,"href":"https:\/\/bihavadis.com\/index.php\/wp-json\/wp\/v2\/categories?post=52833"},{"taxonomy":"post_tag","embeddable":true,"href":"https:\/\/bihavadis.com\/index.php\/wp-json\/wp\/v2\/tags?post=52833"}],"curies":[{"name":"wp","href":"https:\/\/api.w.org\/{rel}","templated":true}]}}