{"id":52906,"date":"2026-02-28T10:33:08","date_gmt":"2026-02-28T10:33:08","guid":{"rendered":"https:\/\/bihavadis.com\/?p=52906"},"modified":"2026-02-28T10:33:08","modified_gmt":"2026-02-28T10:33:08","slug":"izmirde-kan-bagisi-kampanyasi-baslatildi","status":"publish","type":"post","link":"https:\/\/bihavadis.com\/index.php\/2026\/02\/28\/izmirde-kan-bagisi-kampanyasi-baslatildi\/","title":{"rendered":"\u0130zmir&#8217;de Kan Ba\u011f\u0131\u015f\u0131 Kampanyas\u0131 Ba\u015flat\u0131ld\u0131"},"content":{"rendered":"<p> \u0130zmir&#8217;de \u00d6NDER \u0130mam Hatipliler Derne\u011finin T\u00fcrk K\u0131z\u0131lay i\u015fbirli\u011fiyle \u00fclke genelinde ba\u015flatt\u0131\u011f\u0131 &#8220;\u0130yilik Kan\u0131m\u0131zda Var&#8221; kan ba\u011f\u0131\u015f\u0131 kampanyas\u0131 tan\u0131t\u0131ld\u0131.<\/p>\n<p>Konak Meydan\u0131&#8217;ndaki T\u00fcrk K\u0131z\u0131lay&#8217;\u0131n mobil merkezinde bulu\u015fan dernek \u00fcyeleri, kan ba\u011f\u0131\u015f\u0131 yapt\u0131.<\/p>\n<p>Derne\u011fin \u0130zmir Ba\u015fkan\u0131 \u0130zzet G\u00fcnd\u00fcz, burada yapt\u0131\u011f\u0131 konu\u015fmada, iyili\u011fi, dayan\u0131\u015fmay\u0131 ve insan hayat\u0131n\u0131 her \u015feyin \u00fczerinde tutmay\u0131 \u015fiar edinen bir camia olduklar\u0131n\u0131 belirtti.<\/p>\n<p>Kampanya kapsam\u0131nda \u015fubat ay\u0131 itibariyle T\u00fcrkiye genelinde kapsaml\u0131 bir kan ba\u011f\u0131\u015f\u0131 seferberli\u011fini ba\u015flatt\u0131klar\u0131n\u0131 an\u0131msatan G\u00fcnd\u00fcz, \u015funlar\u0131 kaydetti: <\/p>\n<p>&#8220;Bu seferberli\u011fi yaln\u0131zca bir kampanya olarak de\u011fil uzun vadeli ve d\u00fczenli bir kan ba\u011f\u0131\u015f\u0131 k\u00fclt\u00fcr\u00fcn\u00fcn olu\u015fmas\u0131na vesile olacak g\u00fc\u00e7l\u00fc bir toplumsal \u00e7a\u011fr\u0131 olarak g\u00f6r\u00fcyoruz. \u00d6NDER&#8217;in yayg\u0131n te\u015fkilat yap\u0131s\u0131 ve g\u00f6n\u00fcll\u00fc g\u00fcc\u00fcyle T\u00fcrk K\u0131z\u0131lay&#8217;\u0131n kurumsal tecr\u00fcbesini bir araya getirerek, 81 ilde e\u015f zamanl\u0131 y\u00fcr\u00fct\u00fclecek bu \u00e7al\u0131\u015fma ile \u00fclkemizin d\u00f6rt bir yan\u0131nda kal\u0131c\u0131 bir iyilik hareketi ba\u015flatmay\u0131 hedefliyoruz.&#8221;<\/p>\n","protected":false},"excerpt":{"rendered":"<p>\u00d6NDER \u0130mam Hatipliler Derne\u011fi, T\u00fcrk K\u0131z\u0131lay i\u015fbirli\u011fiyle &#8216;\u0130yilik Kan\u0131m\u0131zda Var&#8217; kampanyas\u0131n\u0131 tan\u0131tt\u0131.<\/p>\n","protected":false},"author":1,"featured_media":52907,"comment_status":"open","ping_status":"open","sticky":false,"template":"","format":"standard","meta":{"footnotes":""},"categories":[9,4,13],"tags":[1424],"class_list":["post-52906","post","type-post","status-publish","format-standard","has-post-thumbnail","hentry","category-genel","category-gundem","category-son-dakika","tag-kan"],"_links":{"self":[{"href":"https:\/\/bihavadis.com\/index.php\/wp-json\/wp\/v2\/posts\/52906","targetHints":{"allow":["GET"]}}],"collection":[{"href":"https:\/\/bihavadis.com\/index.php\/wp-json\/wp\/v2\/posts"}],"about":[{"href":"https:\/\/bihavadis.com\/index.php\/wp-json\/wp\/v2\/types\/post"}],"author":[{"embeddable":true,"href":"https:\/\/bihavadis.com\/index.php\/wp-json\/wp\/v2\/users\/1"}],"replies":[{"embeddable":true,"href":"https:\/\/bihavadis.com\/index.php\/wp-json\/wp\/v2\/comments?post=52906"}],"version-history":[{"count":1,"href":"https:\/\/bihavadis.com\/index.php\/wp-json\/wp\/v2\/posts\/52906\/revisions"}],"predecessor-version":[{"id":52908,"href":"https:\/\/bihavadis.com\/index.php\/wp-json\/wp\/v2\/posts\/52906\/revisions\/52908"}],"wp:featuredmedia":[{"embeddable":true,"href":"https:\/\/bihavadis.com\/index.php\/wp-json\/wp\/v2\/media\/52907"}],"wp:attachment":[{"href":"https:\/\/bihavadis.com\/index.php\/wp-json\/wp\/v2\/media?parent=52906"}],"wp:term":[{"taxonomy":"category","embeddable":true,"href":"https:\/\/bihavadis.com\/index.php\/wp-json\/wp\/v2\/categories?post=52906"},{"taxonomy":"post_tag","embeddable":true,"href":"https:\/\/bihavadis.com\/index.php\/wp-json\/wp\/v2\/tags?post=52906"}],"curies":[{"name":"wp","href":"https:\/\/api.w.org\/{rel}","templated":true}]}}