{"id":52921,"date":"2026-02-28T10:45:14","date_gmt":"2026-02-28T10:45:14","guid":{"rendered":"https:\/\/bihavadis.com\/?p=52921"},"modified":"2026-02-28T10:45:14","modified_gmt":"2026-02-28T10:45:14","slug":"ulke-genelinde-sicakliklar-dusuyor-yagisli-hava-etkisini-surdurecek","status":"publish","type":"post","link":"https:\/\/bihavadis.com\/index.php\/2026\/02\/28\/ulke-genelinde-sicakliklar-dusuyor-yagisli-hava-etkisini-surdurecek\/","title":{"rendered":"\u00dclke genelinde s\u0131cakl\u0131klar d\u00fc\u015f\u00fcyor: Ya\u011f\u0131\u015fl\u0131 hava etkisini s\u00fcrd\u00fcrecek"},"content":{"rendered":"<p>T\u00fcrkiye&#8217;de \u00f6n\u00fcm\u00fczdeki g\u00fcnlerde hava durumu, Meteoroloji Genel M\u00fcd\u00fcrl\u00fc\u011f\u00fc&#8217;n\u00fcn (MGM) son verilerine g\u00f6re de\u011fi\u015fken bir seyir izleyecek.<\/p>\n<p>Son g\u00fcnlerde mevsim normalleri \u00fczerinde seyreden hava s\u0131cakl\u0131klar\u0131n\u0131n, \u00f6zellikle bat\u0131 ve i\u00e7 kesimlerde kademeli olarak azalmas\u0131 bekleniyor.<\/p>\n<p><strong>\u015e\u0130DDETL\u0130 YA\u011eMUR BEKLEN\u0130YOR<\/strong><\/p>\n<p>Bug\u00fcn \u00fclke genelinde par\u00e7al\u0131 ve \u00e7ok bulutlu bir hava hakim olacak.<\/p>\n<p>\u00d6zellikle Karadeniz k\u0131y\u0131lar\u0131, Do\u011fu Anadolu ve \u0130\u00e7 Anadolu&#8217;nun do\u011fusunda ya\u011f\u0131\u015flar\u0131n yo\u011fun olmas\u0131 bekleniyor.<\/p>\n<p>Marmara ve Ege&#8217;de ise ya\u011f\u0131\u015flar daha hafif seyirde olacak.<\/p>\n<p>S\u0131cakl\u0131klar bat\u0131da 5-15 derece, do\u011fuda ise 0-10 civar\u0131nda seyredecek.<\/p>\n<p><img decoding=\"async\" src=\"https:\/\/bihavadis.com\/wp-content\/uploads\/2026\/02\/ulke-genelinde-sicakliklar-dusuyor-yagisli-hava-etkisini-surdurecek-0-myFsalQw.jpg\"\/><\/p>\n<p><strong>YA\u011eI\u015eLARDA AZALMA G\u00d6R\u00dcLECEK<\/strong><\/p>\n<p>Cuma g\u00fcn\u00fc ya\u011f\u0131\u015flar Karadeniz ve Do\u011fu Anadolu&#8217;da devam ederken, bat\u0131 kesimlerde azalmas\u0131 bekleniyor.<\/p>\n<p>Bulutlu hava hakimiyetini s\u00fcrd\u00fcr\u00fcrken, s\u0131cakl\u0131klar\u0131n hafif \u015fekilde y\u00fckselece\u011fi \u00f6ng\u00f6r\u00fcl\u00fcyor.<\/p>\n<p>\u00d6zellikle bat\u0131da 10-20 derecelere ula\u015fan de\u011ferlerin g\u00f6r\u00fclece\u011fi tahmin ediliyor.<\/p>\n<p>G\u00fcneydo\u011fu Anadolu&#8217;da g\u00fcn\u00fcn daha kuru ve \u0131l\u0131man ge\u00e7ece\u011fi d\u00fc\u015f\u00fcn\u00fcl\u00fcyor.<\/p>\n<p><strong>SICAKLIKLAR MEVS\u0130M NORMALLER\u0130NDE SEYREDECEK<\/strong><\/p>\n<p>Cumartesi g\u00fcn\u00fc ya\u011f\u0131\u015fl\u0131 havan\u0131n etkisini biraz kaybetmesi bekleniyor.<\/p>\n<p>Ancak Karadeniz k\u0131y\u0131lar\u0131 ve Do\u011fu Anadolu&#8217;da hala ya\u011fmur ve kar ge\u00e7i\u015fi \u00f6ng\u00f6r\u00fcl\u00fcyor.<\/p>\n<p>\u0130\u00e7 ve bat\u0131 kesimlerde par\u00e7al\u0131 bulutlu bir hava ve mevsim normalleri civar\u0131nda s\u0131cakl\u0131klar tahmin ediliyor.<\/p>\n<p><img decoding=\"async\" src=\"https:\/\/bihavadis.com\/wp-content\/uploads\/2026\/02\/ulke-genelinde-sicakliklar-dusuyor-yagisli-hava-etkisini-surdurecek-1-aezO67mn.jpg\"\/><\/p>\n<p><strong>KARLA KARI\u015eIK YA\u011eMUR ETK\u0130L\u0130 OLACAK<\/strong><\/p>\n<p>Pazar g\u00fcn\u00fc ya\u011f\u0131\u015flar\u0131n \u00fclke genelinde daha hafif seyretmesi ancak \u00f6zellikle do\u011fu b\u00f6lgelerde karla kar\u0131\u015f\u0131k ya\u011fmur ve kar bekleniyor.<\/p>\n<p>Bat\u0131 ve g\u00fcneyde ise s\u0131cakl\u0131klar\u0131n d\u00fc\u015f\u00fc\u015fe ge\u00e7ece\u011fi \u00f6ng\u00f6r\u00fcl\u00fcyor.<\/p>\n<p><strong>HAFTANIN EN SO\u011eUK G\u00dcN\u00dc YA\u015eANACAK<\/strong><\/p>\n<p>Pazartesi g\u00fcn\u00fc ya\u011f\u0131\u015fl\u0131 havan\u0131n do\u011fu kesimlerde etkisini s\u00fcrd\u00fcrmesi, bat\u0131da ise havan\u0131n daha a\u00e7\u0131k seyretmesi bekleniyor.<\/p>\n<p>S\u0131cakl\u0131klar\u0131n genel olarak d\u00fc\u015f\u00fck seviyelerde kaydedilece\u011fi, \u00f6zellikle i\u00e7 ve do\u011fu b\u00f6lgelerde gece s\u0131f\u0131r\u0131n alt\u0131na inebilece\u011fi \u00f6ng\u00f6r\u00fcl\u00fcyor.<\/p>\n<p>Haftan\u0131n en so\u011fuk g\u00fcnlerinden biri olaca\u011f\u0131 tahmin ediliyor.<\/p>\n<p><img decoding=\"async\" src=\"https:\/\/bihavadis.com\/wp-content\/uploads\/2026\/02\/ulke-genelinde-sicakliklar-dusuyor-yagisli-hava-etkisini-surdurecek-2-wd8m5ND2.jpg\"\/><\/p>\n<p><strong>5 G\u00dcNL\u00dcK HAVA DURUMU TAHM\u0130NLER\u0130:<\/strong><\/p>\n<p><em><b>19 \u015eubat Per\u015fembe:<\/b><\/em><\/p>\n<p><img decoding=\"async\" src=\"https:\/\/bihavadis.com\/wp-content\/uploads\/2026\/02\/ulke-genelinde-sicakliklar-dusuyor-yagisli-hava-etkisini-surdurecek-3-i94EKEDx.jpg\"\/><\/p>\n<p><em><b>20 \u015eubat Cuma:<\/b><\/em><\/p>\n<p><img decoding=\"async\" src=\"https:\/\/bihavadis.com\/wp-content\/uploads\/2026\/02\/ulke-genelinde-sicakliklar-dusuyor-yagisli-hava-etkisini-surdurecek-4-qAPGwdy7.jpg\"\/><\/p>\n<p><em><b>21 \u015eubat Cumartesi:<\/b><\/em><\/p>\n<p><img decoding=\"async\" src=\"https:\/\/bihavadis.com\/wp-content\/uploads\/2026\/02\/ulke-genelinde-sicakliklar-dusuyor-yagisli-hava-etkisini-surdurecek-5-lGTg2c6t.jpg\"\/><\/p>\n<p><em><b>22 \u015eubat Pazar:<\/b><\/em><\/p>\n<p><img decoding=\"async\" src=\"https:\/\/bihavadis.com\/wp-content\/uploads\/2026\/02\/ulke-genelinde-sicakliklar-dusuyor-yagisli-hava-etkisini-surdurecek-6-SN3AZFTv.jpg\"\/><\/p>\n<p><em><b>23 \u015eubat Pazartesi:<\/b><\/em><\/p>\n<p><img decoding=\"async\" src=\"https:\/\/bihavadis.com\/wp-content\/uploads\/2026\/02\/ulke-genelinde-sicakliklar-dusuyor-yagisli-hava-etkisini-surdurecek-7-QyVv74Pe.jpg\"\/> <\/p>\n<div> <span><strong>Kaynak:<\/strong> Ensonhaber Haber Merkezi<\/span> <\/div>\n","protected":false},"excerpt":{"rendered":"<p>T\u00fcrkiye&#8217;de \u00f6n\u00fcm\u00fczdeki g\u00fcnlerde hava durumu, Meteoroloji Genel M\u00fcd\u00fcrl\u00fc\u011f\u00fc&#8217;n\u00fcn (MGM) son verilerine g\u00f6re de\u011fi\u015fken bir seyir izleyecek. Son g\u00fcnlerde mevsim normalleri \u00fczerinde seyreden hava s\u0131cakl\u0131klar\u0131n\u0131n, \u00f6zellikle bat\u0131 ve i\u00e7 kesimlerde kademeli olarak &#8230;<\/p>\n","protected":false},"author":1,"featured_media":52922,"comment_status":"open","ping_status":"open","sticky":false,"template":"","format":"standard","meta":{"footnotes":""},"categories":[9,13],"tags":[1360,1362,459,297,1361],"class_list":["post-52921","post","type-post","status-publish","format-standard","has-post-thumbnail","hentry","category-genel","category-son-dakika","tag-bati","tag-dogu","tag-hava","tag-kar","tag-sicakliklar"],"_links":{"self":[{"href":"https:\/\/bihavadis.com\/index.php\/wp-json\/wp\/v2\/posts\/52921","targetHints":{"allow":["GET"]}}],"collection":[{"href":"https:\/\/bihavadis.com\/index.php\/wp-json\/wp\/v2\/posts"}],"about":[{"href":"https:\/\/bihavadis.com\/index.php\/wp-json\/wp\/v2\/types\/post"}],"author":[{"embeddable":true,"href":"https:\/\/bihavadis.com\/index.php\/wp-json\/wp\/v2\/users\/1"}],"replies":[{"embeddable":true,"href":"https:\/\/bihavadis.com\/index.php\/wp-json\/wp\/v2\/comments?post=52921"}],"version-history":[{"count":1,"href":"https:\/\/bihavadis.com\/index.php\/wp-json\/wp\/v2\/posts\/52921\/revisions"}],"predecessor-version":[{"id":52931,"href":"https:\/\/bihavadis.com\/index.php\/wp-json\/wp\/v2\/posts\/52921\/revisions\/52931"}],"wp:featuredmedia":[{"embeddable":true,"href":"https:\/\/bihavadis.com\/index.php\/wp-json\/wp\/v2\/media\/52922"}],"wp:attachment":[{"href":"https:\/\/bihavadis.com\/index.php\/wp-json\/wp\/v2\/media?parent=52921"}],"wp:term":[{"taxonomy":"category","embeddable":true,"href":"https:\/\/bihavadis.com\/index.php\/wp-json\/wp\/v2\/categories?post=52921"},{"taxonomy":"post_tag","embeddable":true,"href":"https:\/\/bihavadis.com\/index.php\/wp-json\/wp\/v2\/tags?post=52921"}],"curies":[{"name":"wp","href":"https:\/\/api.w.org\/{rel}","templated":true}]}}