{"id":52998,"date":"2026-02-28T11:39:05","date_gmt":"2026-02-28T11:39:05","guid":{"rendered":"https:\/\/bihavadis.com\/?p=52998"},"modified":"2026-02-28T11:39:05","modified_gmt":"2026-02-28T11:39:05","slug":"kemal-memisoglu-yerli-asilarimizi-kendimiz-uretip-dost-ulkelere-de-verecegiz","status":"publish","type":"post","link":"https:\/\/bihavadis.com\/index.php\/2026\/02\/28\/kemal-memisoglu-yerli-asilarimizi-kendimiz-uretip-dost-ulkelere-de-verecegiz\/","title":{"rendered":"Kemal: Memi\u015fo\u011flu: Yerli a\u015f\u0131lar\u0131m\u0131z\u0131 kendimiz \u00fcretip dost \u00fclkelere de verece\u011fiz"},"content":{"rendered":"<p>Sa\u011fl\u0131k Bakan\u0131 Kemal Memi\u015fo\u011flu, TBMM Kad\u0131n Erkek F\u0131rsat E\u015fitli\u011fi Komisyonu&#8217;nda sunum yaparken\u00a0<span>a\u015f\u0131 kar\u015f\u0131tl\u0131\u011f\u0131yla ilgili konu\u015ftu.<span>\u00a0<\/span><\/span><\/p>\n<p><span>Kemal Memi\u015fo\u011flu,<span>\u00a0toplant\u0131da yapt\u0131\u011f\u0131 konu\u015fmada,<b><em> &#8220;<\/em><\/b><span><b><em>T\u00fcrkiye \u00f6nce kendi a\u015f\u0131s\u0131n\u0131 \u00fcretecek, \u00e7\u00fcnk\u00fc \u00f6zellikle baz\u0131 kesimlerin a\u015f\u0131n\u0131n i\u00e7eri\u011fiyle ilgili \u015f\u00fcpheleri var. O konuda biz de 13 tane a\u015f\u0131y\u0131 planlad\u0131k, in\u015fallah yak\u0131n zamanda ihalesini yapaca\u011f\u0131z. T\u00fcrkiye&#8217;de yerli a\u015f\u0131lar\u0131m\u0131z\u0131 kendimiz \u00fcretip sadece T\u00fcrkiye&#8217;ye de\u011fil dost \u00fclkelere de verece\u011fiz&#8221;<\/em><\/b> diyerek hedefleri aktard\u0131.<\/span><\/span><\/span><\/p>\n<p>Sa\u011fl\u0131k Bakan\u0131\u00a0Memi\u015fo\u011flu, TBMM Kad\u0131n Erkek F\u0131rsat E\u015fitli\u011fi Komisyonu&#8217;nda, TBMM Kad\u0131n Erkek F\u0131rsat E\u015fitli\u011fi Komisyonu&#8217;nda (KEFEK) milletvekillerinin sorular\u0131n\u0131 yan\u0131tlad\u0131.<\/p>\n<p>Sa\u011fl\u0131k Bakan\u0131\u00a0Kemal\u00a0Memi\u015fo\u011flu, HPV (Human Papilloma Vir\u00fcs) a\u015f\u0131s\u0131n\u0131n \u00fccretsiz yap\u0131lmas\u0131na ili\u015fkin, <b><em>&#8220;Bilimsel kurul \u00e7al\u0131\u015f\u0131yor. Karar veremedi\u011fi i\u00e7in de biz bunu uygulamaya karar verilinceye kadar sokmayaca\u011f\u0131z. Komisyon karar\u0131na g\u00f6re hareket etmeyi do\u011fru buluyorum. Biz ba\u015flataca\u011f\u0131z diye s\u00f6yledik ama bilimsel kurul &#8216;bir dakika&#8217; dedi.&#8221;<\/em><\/b> ifadelerini kulland\u0131.<\/p>\n<p><strong>&#8220;T\u00dcRK\u0130YE SA\u011eLIKTA EN \u0130Y\u0130 \u00dcLKE&#8221;<\/strong><\/p>\n<p>T\u00fcrkiye&#8217;nin sa\u011fl\u0131k sistemini \u00f6rnek al\u0131p yard\u0131m isteyen onlarca \u00fclke bulundu\u011funu aktaran\u00a0Memi\u015fo\u011flu,<b><em> &#8220;T\u00fcrkiye bug\u00fcn sa\u011fl\u0131k hizmetleri anlam\u0131nda d\u00fcnyan\u0131n en iyi, en ula\u015f\u0131labilir, en sosyal ve \u00fccretsiz sa\u011fl\u0131k hizmetini sunuyor. Senede 1 milyar insana bak\u0131yor, dokunuyoruz.&#8221; <\/em><\/b>dedi.<\/p>\n<p><img decoding=\"async\" src=\"https:\/\/bihavadis.com\/wp-content\/uploads\/2026\/02\/kemal-memisoglu-yerli-asilarimizi-kendimiz-uretip-dost-ulkelere-de-verecegiz-0-HPgck676.jpg\"\/><\/p>\n<p><strong>&#8220;T\u00dcRK\u0130YE&#8217;DE A\u015e KAR\u015eITLI\u011eI Y\u00dcKSELD\u0130&#8221;<\/strong><\/p>\n<p>Bakan\u00a0Memi\u015fo\u011flu, Kovid-19 salg\u0131n\u0131 sonras\u0131 T\u00fcrkiye&#8217;de a\u015f\u0131 kar\u015f\u0131tl\u0131\u011f\u0131n\u0131n y\u00fckseldi\u011fini belirterek, <b><em>&#8220;Bununla ilgili bir eylem plan\u0131 haz\u0131rl\u0131yoruz. T\u00fcrkiye \u00f6nce kendi a\u015f\u0131s\u0131n\u0131 \u00fcretecek, \u00e7\u00fcnk\u00fc \u00f6zellikle baz\u0131 kesimlerin a\u015f\u0131n\u0131n i\u00e7eri\u011fiyle ilgili \u015f\u00fcpheleri var. O konuda biz de 13 tane a\u015f\u0131y\u0131 planlad\u0131k, in\u015fallah yak\u0131n zamanda ihalesini yapaca\u011f\u0131z. T\u00fcrkiye&#8217;de yerli a\u015f\u0131lar\u0131m\u0131z\u0131 kendimiz \u00fcretip sadece T\u00fcrkiye&#8217;ye de\u011fil dost \u00fclkelere de verece\u011fiz.&#8221;<\/em><\/b> de\u011ferlendirmesinde bulundu.<\/p>\n<p><strong>&#8220;DO\u011eURGANLIK ORANI D\u00dc\u015eT\u00dc&#8221;<\/strong><\/p>\n<p>Do\u011furganl\u0131k oranlar\u0131n\u0131n d\u00fc\u015ft\u00fc\u011f\u00fcn\u00fc s\u00f6yleyen\u00a0Memi\u015fo\u011flu, <b><em>&#8220;T\u00fcrkiye&#8217;nin art\u0131k \u00f6zellikle son 10 senede do\u011furganl\u0131k oran\u0131 inan\u0131lmaz h\u0131zl\u0131 d\u00fc\u015fmeye ba\u015flad\u0131. \u00d6zellikle son 5 senede do\u011fudaki do\u011furganl\u0131k oranlar\u0131m\u0131z m\u00fcthi\u015f d\u00fc\u015fmeye ba\u015flad\u0131, bu tehlikeye i\u015faret. Bunu siyasi olarak s\u00f6ylemiyorum. Do\u011furganl\u0131\u011f\u0131 te\u015fvik edici politikalar\u0131 uygulamak durumunday\u0131z. N\u00fcfus planlamas\u0131n\u0131 de\u011fil azaltmaya, \u00e7o\u011faltmaya g\u00f6re planlama yapma zorunlulu\u011fumuz var.&#8221;<\/em><\/b> dedi.<\/p>\n<p><img decoding=\"async\" src=\"https:\/\/bihavadis.com\/wp-content\/uploads\/2026\/02\/kemal-memisoglu-yerli-asilarimizi-kendimiz-uretip-dost-ulkelere-de-verecegiz-1-mJjrxatR.jpg\"\/><\/p>\n<p><strong>&#8220;T\u00dcRK\u0130YE, HPV TARAMASI YAPAN ENDER \u00dcLKELERDEN B\u0130R\u0130&#8221;<\/strong><\/p>\n<p>T\u00fcrkiye&#8217;nin HPV taramas\u0131 yapan ender \u00fclkelerden biri oldu\u011funu ve uygulaman\u0131n \u00fccretsiz yap\u0131ld\u0131\u011f\u0131n\u0131 belirten\u00a0Memi\u015fo\u011flu, s\u00f6zlerini \u015f\u00f6yle s\u00fcrd\u00fcrd\u00fc:<\/p>\n<p>\u015eu ana kadar 1 milyon 760 bin HPV taramas\u0131 yapt\u0131k. Farkl\u0131 b\u00f6lgelerde farkl\u0131 varyantlar\u0131 olan bu HPV ile ilgili \u00e7al\u0131\u015fma da yap\u0131yoruz. T\u00fcrkiye&#8217;nin HPV risklerini ortaya \u00e7\u0131kar\u0131yoruz ve bunu bilimsel kurula sunuyoruz.<\/p>\n<p><strong>&#8220;HPV A\u015eISINA B\u0130L\u0130M KURULU KARAR VERECEK&#8221;<\/strong><\/p>\n<p>Amerika&#8217;daki bir a\u015f\u0131 \u00fcreticisinin Amerika&#8217;daki HPV&#8217;ye g\u00f6re a\u015f\u0131 uygulamas\u0131yla T\u00fcrkiye&#8217;deki HPV varyantlar\u0131na g\u00f6re a\u015f\u0131 uygulamas\u0131 farkl\u0131 olabilir. Bu tamamen bilimsel bir karard\u0131r. T\u00fcrkiye&#8217;nin HPV tipleri ile kanser olu\u015fturma aras\u0131ndaki ili\u015fki netle\u015fmemi\u015f durumda. \u00d6yle olunca ili\u015fkisi olmayan HPV tipinin kanserle\u015fmenin olu\u015fmad\u0131\u011f\u0131 bir toplumda a\u015f\u0131 yap\u0131p yap\u0131lmayaca\u011f\u0131n\u0131 bilimsel kurulu karar verir, siyasi etmenler karar vermez.<\/p>\n<p><strong>&#8220;HPV&#8217;\u0130N B\u0130L\u0130MSEL KURUL KARARINI BEKL\u0130YORUZ&#8221;<\/strong><\/p>\n<p>Biz onun i\u00e7in o bilimsel kurul ne diyorsa onu yapaca\u011f\u0131z. Bilimsel kurul \u00e7al\u0131\u015f\u0131yor. Karar veremedi\u011fi i\u00e7in de biz bunu uygulamaya karar verilinceye kadar sokmayaca\u011f\u0131z. Komisyon karar\u0131na g\u00f6re hareket etmeyi do\u011fru buluyorum. Biz ba\u015flataca\u011f\u0131z diye s\u00f6yledik ama bilimsel kurul &#8216;bir dakika&#8217; dedi. Taramas\u0131 yap\u0131lan HPV&#8217;nin bilimsel kurul karar\u0131n\u0131 bekliyoruz.<\/p>\n<div> <span><strong>Kaynak:<\/strong> Anadolu Ajans\u0131 (AA)<\/span> <\/div>\n","protected":false},"excerpt":{"rendered":"<p>Sa\u011fl\u0131k Bakan\u0131 Kemal Memi\u015fo\u011flu, TBMM Kad\u0131n Erkek F\u0131rsat E\u015fitli\u011fi Komisyonu&#8217;nda sunum yaparken\u00a0a\u015f\u0131 kar\u015f\u0131tl\u0131\u011f\u0131yla ilgili konu\u015ftu.\u00a0 Kemal Memi\u015fo\u011flu,\u00a0toplant\u0131da yapt\u0131\u011f\u0131 konu\u015fmada, &#8221; T\u00fcrkiye \u00f6nce kendi a\u015f\u0131s\u0131n\u0131 \u00fcretecek, \u00e7\u00fcnk\u00fc \u00f6zellikle baz\u0131 kesimlerin &#8230;<\/p>\n","protected":false},"author":1,"featured_media":52999,"comment_status":"open","ping_status":"open","sticky":false,"template":"","format":"standard","meta":{"footnotes":""},"categories":[11],"tags":[887,719,424,5568,197],"class_list":["post-52998","post","type-post","status-publish","format-standard","has-post-thumbnail","hentry","category-saglik","tag-as","tag-hpv","tag-karar","tag-memisoglu","tag-turkiye"],"_links":{"self":[{"href":"https:\/\/bihavadis.com\/index.php\/wp-json\/wp\/v2\/posts\/52998","targetHints":{"allow":["GET"]}}],"collection":[{"href":"https:\/\/bihavadis.com\/index.php\/wp-json\/wp\/v2\/posts"}],"about":[{"href":"https:\/\/bihavadis.com\/index.php\/wp-json\/wp\/v2\/types\/post"}],"author":[{"embeddable":true,"href":"https:\/\/bihavadis.com\/index.php\/wp-json\/wp\/v2\/users\/1"}],"replies":[{"embeddable":true,"href":"https:\/\/bihavadis.com\/index.php\/wp-json\/wp\/v2\/comments?post=52998"}],"version-history":[{"count":1,"href":"https:\/\/bihavadis.com\/index.php\/wp-json\/wp\/v2\/posts\/52998\/revisions"}],"predecessor-version":[{"id":53002,"href":"https:\/\/bihavadis.com\/index.php\/wp-json\/wp\/v2\/posts\/52998\/revisions\/53002"}],"wp:featuredmedia":[{"embeddable":true,"href":"https:\/\/bihavadis.com\/index.php\/wp-json\/wp\/v2\/media\/52999"}],"wp:attachment":[{"href":"https:\/\/bihavadis.com\/index.php\/wp-json\/wp\/v2\/media?parent=52998"}],"wp:term":[{"taxonomy":"category","embeddable":true,"href":"https:\/\/bihavadis.com\/index.php\/wp-json\/wp\/v2\/categories?post=52998"},{"taxonomy":"post_tag","embeddable":true,"href":"https:\/\/bihavadis.com\/index.php\/wp-json\/wp\/v2\/tags?post=52998"}],"curies":[{"name":"wp","href":"https:\/\/api.w.org\/{rel}","templated":true}]}}