{"id":53003,"date":"2026-02-28T11:42:08","date_gmt":"2026-02-28T11:42:08","guid":{"rendered":"https:\/\/bihavadis.com\/?p=53003"},"modified":"2026-02-28T11:42:08","modified_gmt":"2026-02-28T11:42:08","slug":"bakan-tekin-sanliurfada-deprem-sehitligini-ziyaret-etti","status":"publish","type":"post","link":"https:\/\/bihavadis.com\/index.php\/2026\/02\/28\/bakan-tekin-sanliurfada-deprem-sehitligini-ziyaret-etti\/","title":{"rendered":"Bakan Tekin \u015eanl\u0131urfa&#8217;da deprem \u015fehitli\u011fini ziyaret etti"},"content":{"rendered":"<p> Milli E\u011fitim Bakan\u0131 Yusuf Tekin, \u015eanl\u0131urfa&#8217;da deprem \u015fehitli\u011fini ziyaret ederek kabirlere karanfil b\u0131rakt\u0131.<\/p>\n<p>Milli E\u011fitim Bakan\u0131 Yusuf Tekin, baz\u0131 temaslarda bulunmak \u00fczere \u015eanl\u0131urfa&#8217;ya geldi. Bakan Tekin, valilik ziyaretinin ard\u0131ndan Haliliye il\u00e7esine ba\u011fl\u0131 Osmanbey Mahallesi&#8217;nde yer alan Yeni Asri Mezarl\u0131\u011f\u0131nda deprem \u015fehitli\u011fini ziyaret etti. Bakan Tekin burada depremde hayat\u0131n\u0131 kaybedenlerin kabirlerine karanfil b\u0131rakt\u0131. Kur&#8217;an-\u0131 Kerim tilavetinin ard\u0131ndan Bakan Tekin ve beraberindekiler, mezarl\u0131ktan ayr\u0131larak temaslar\u0131n\u0131 s\u00fcrd\u00fcrmek \u00fczere kent merkezine ge\u00e7ti. &#8211; \u015eANLIURFA<\/p>\n","protected":false},"excerpt":{"rendered":"<p>Milli E\u011fitim Bakan\u0131 Yusuf Tekin, \u015eanl\u0131urfa&#8217;da deprem \u015fehitli\u011fini ziyaret ederek kabirlere karanfil b\u0131rakt\u0131.<\/p>\n","protected":false},"author":1,"featured_media":53004,"comment_status":"open","ping_status":"open","sticky":false,"template":"","format":"standard","meta":{"footnotes":""},"categories":[12],"tags":[436,3466],"class_list":["post-53003","post","type-post","status-publish","format-standard","has-post-thumbnail","hentry","category-siyaset","tag-bakan","tag-tekin"],"_links":{"self":[{"href":"https:\/\/bihavadis.com\/index.php\/wp-json\/wp\/v2\/posts\/53003","targetHints":{"allow":["GET"]}}],"collection":[{"href":"https:\/\/bihavadis.com\/index.php\/wp-json\/wp\/v2\/posts"}],"about":[{"href":"https:\/\/bihavadis.com\/index.php\/wp-json\/wp\/v2\/types\/post"}],"author":[{"embeddable":true,"href":"https:\/\/bihavadis.com\/index.php\/wp-json\/wp\/v2\/users\/1"}],"replies":[{"embeddable":true,"href":"https:\/\/bihavadis.com\/index.php\/wp-json\/wp\/v2\/comments?post=53003"}],"version-history":[{"count":1,"href":"https:\/\/bihavadis.com\/index.php\/wp-json\/wp\/v2\/posts\/53003\/revisions"}],"predecessor-version":[{"id":53005,"href":"https:\/\/bihavadis.com\/index.php\/wp-json\/wp\/v2\/posts\/53003\/revisions\/53005"}],"wp:featuredmedia":[{"embeddable":true,"href":"https:\/\/bihavadis.com\/index.php\/wp-json\/wp\/v2\/media\/53004"}],"wp:attachment":[{"href":"https:\/\/bihavadis.com\/index.php\/wp-json\/wp\/v2\/media?parent=53003"}],"wp:term":[{"taxonomy":"category","embeddable":true,"href":"https:\/\/bihavadis.com\/index.php\/wp-json\/wp\/v2\/categories?post=53003"},{"taxonomy":"post_tag","embeddable":true,"href":"https:\/\/bihavadis.com\/index.php\/wp-json\/wp\/v2\/tags?post=53003"}],"curies":[{"name":"wp","href":"https:\/\/api.w.org\/{rel}","templated":true}]}}