{"id":53046,"date":"2026-02-28T12:12:39","date_gmt":"2026-02-28T12:12:39","guid":{"rendered":"https:\/\/bihavadis.com\/?p=53046"},"modified":"2026-02-28T12:12:39","modified_gmt":"2026-02-28T12:12:39","slug":"ispanyadan-500-bin-gocmene-yasal-statu","status":"publish","type":"post","link":"https:\/\/bihavadis.com\/index.php\/2026\/02\/28\/ispanyadan-500-bin-gocmene-yasal-statu\/","title":{"rendered":"\u0130spanya&#8217;dan 500 Bin G\u00f6\u00e7mene Yasal Stat\u00fc"},"content":{"rendered":"<p>\n<p>\u0130SPANYA Ba\u015fbakan\u0131 Pedro Sanchez, \u00fclkesinde 500 bin d\u00fczensiz g\u00f6\u00e7mene yasal stat\u00fc verilmesi karar\u0131n\u0131 savunarak, &#8220;Bat\u0131&#8217;n\u0131n insanlara ihtiyac\u0131 var. G\u00f6\u00e7\u00fc benimsemezsek ekonomilerimiz ve kamu hizmetlerimiz ayakta kalamayacak&#8221; dedi.<\/p>\n<p> \u0130spanya Ba\u015fbakan\u0131 Pedro Sanchez, New York Times gazetesi i\u00e7in &#8216;\u0130\u015fte Bat\u0131&#8217;n\u0131n G\u00f6\u00e7menlere \u0130htiya\u00e7 Duymas\u0131n\u0131n Nedeni&#8217; ba\u015fl\u0131kl\u0131 bir makale kaleme ald\u0131. Sanchez makalesinde, \u0130spanya h\u00fck\u00fcmetinin ge\u00e7en ay y\u00fcr\u00fcrl\u00fc\u011fe koydu\u011fu ve \u00fclkede ya\u015fayan yakla\u015f\u0131k 500 bin belgesiz g\u00f6\u00e7mene oturma ve \u00e7al\u0131\u015fma izni yolunu a\u00e7an kararnameyi savundu. \u00dclkesindeki g\u00f6\u00e7menlerin toplumsal hayattaki yerine dikkat \u00e7eken Sanchez, &#8220;Ya\u015fl\u0131 anne-babalar\u0131m\u0131za bak\u0131yorlar, sofram\u0131zdaki yiyecekleri hasat ediyorlar. Onlar toplulu\u011fumuzun bir par\u00e7as\u0131 ancak yasal belgelere sahip de\u011filler. Sonu\u00e7 olarak vergi \u00f6deyemiyor veya sosyal g\u00fcvenlik sistemine katk\u0131da bulunam\u0131yorlar&#8221; ifadelerini kulland\u0131.<\/p>\n<p>Karar\u0131n arkas\u0131nda iki temel neden oldu\u011funu belirten Sanchez, bunlar\u0131 ahlaki ve pragmatik sebepler olarak s\u0131ralad\u0131. \u0130spanya&#8217;n\u0131n bir zamanlar g\u00f6\u00e7 veren bir \u00fclke oldu\u011funu hat\u0131rlatan Sanchez, &#8220;\u015eimdi roller de\u011fi\u015fti. Ekonomimiz geli\u015fiyor ve yabanc\u0131lar \u0130spanya&#8217;ya ta\u015f\u0131n\u0131yor. Akrabalar\u0131m\u0131z\u0131n ba\u015fka \u00fclkelerde bulmay\u0131 umdu\u011fu misafirperver toplumu yaratmak bizim g\u00f6revimiz&#8221; de\u011ferlendirmesinde bulundu.<\/p>\n<p>&#8216;G\u00d6\u00c7MENLER\u0130 M\u00dcMK\u00dcN OLAN EN D\u00dcZENL\u0130 VE ETK\u0130L\u0130 \u015eEK\u0130LDE ENTEGRE ETMEL\u0130Y\u0130Z&#8217;<\/p>\n<p>Sanchez, pragmatik nedenin ise demografik ger\u00e7ekler oldu\u011funu vurgulayarak, &#8220;Bat\u0131&#8217;n\u0131n insanlara ihtiyac\u0131 var. \u015eu anda \u00e7ok az Bat\u0131 \u00fclkesi artan bir n\u00fcfus oran\u0131na sahip. G\u00f6\u00e7\u00fc benimsemedikleri s\u00fcrece, ekonomilerini ve kamu hizmetlerini ayakta tutmalar\u0131n\u0131 engelleyecek keskin bir demografik d\u00fc\u015f\u00fc\u015f ya\u015fayacaklar. Gayri safi yurti\u00e7i has\u0131lalar\u0131 durgunla\u015facak. Sa\u011fl\u0131k ve emeklilik sistemleri zarar g\u00f6recek. Ne yapay zeka ne de robotlar, en az\u0131ndan k\u0131sa vadede bu sonucu engelleyemeyecek. D\u00fc\u015f\u00fc\u015f\u00fc \u00f6nlemenin tek yolu, g\u00f6\u00e7menleri m\u00fcmk\u00fcn olan en d\u00fczenli ve etkili \u015fekilde entegre etmektir&#8221; dedi.<\/p>\n<p>Baz\u0131 liderlerin g\u00f6\u00e7menleri s\u0131n\u0131r d\u0131\u015f\u0131 etmeyi se\u00e7ti\u011fini, kendilerinin ise entegrasyon yolunu tercih etti\u011fini kaydeden Sanchez, a\u015f\u0131r\u0131 sa\u011fc\u0131 politikalara da tepki g\u00f6sterdi. Bat\u0131l\u0131 liderlere \u00e7a\u011fr\u0131da bulunan Sanchez, &#8220;Bat\u0131l\u0131 uluslar olarak, kapal\u0131 ve yoksulla\u015fm\u0131\u015f toplumlar olmakla a\u00e7\u0131k ve refah i\u00e7indeki toplumlar olmak aras\u0131nda bir se\u00e7im yapmal\u0131y\u0131z. B\u00fcy\u00fcme veya gerileme. \u00d6n\u00fcm\u00fczdeki iki se\u00e7enek budur ve b\u00fcy\u00fcme derken sadece maddi kazan\u00e7tan de\u011fil, ayn\u0131 zamanda manevi geli\u015fimimizden de bahsediyorum. Benim i\u00e7in se\u00e7im a\u00e7\u0131k. Refah\u0131m\u0131z ve insan onuru ad\u0131na, umar\u0131m pek \u00e7ok ki\u015fi de bu yolu izler&#8221; ifadelerini kulland\u0131.<\/p>\n","protected":false},"excerpt":{"rendered":"<p>Ba\u015fbakan Sanchez, 500 bin d\u00fczensiz g\u00f6\u00e7mene yasal stat\u00fc verilmesini savundu, b\u00fcy\u00fcme i\u00e7in gerekli dedi.<\/p>\n","protected":false},"author":1,"featured_media":53047,"comment_status":"open","ping_status":"open","sticky":false,"template":"","format":"standard","meta":{"footnotes":""},"categories":[8],"tags":[1360,1713,3460,3459,700],"class_list":["post-53046","post","type-post","status-publish","format-standard","has-post-thumbnail","hentry","category-ekonomi","tag-bati","tag-goc","tag-ispanya","tag-sanchez","tag-ulke"],"_links":{"self":[{"href":"https:\/\/bihavadis.com\/index.php\/wp-json\/wp\/v2\/posts\/53046","targetHints":{"allow":["GET"]}}],"collection":[{"href":"https:\/\/bihavadis.com\/index.php\/wp-json\/wp\/v2\/posts"}],"about":[{"href":"https:\/\/bihavadis.com\/index.php\/wp-json\/wp\/v2\/types\/post"}],"author":[{"embeddable":true,"href":"https:\/\/bihavadis.com\/index.php\/wp-json\/wp\/v2\/users\/1"}],"replies":[{"embeddable":true,"href":"https:\/\/bihavadis.com\/index.php\/wp-json\/wp\/v2\/comments?post=53046"}],"version-history":[{"count":1,"href":"https:\/\/bihavadis.com\/index.php\/wp-json\/wp\/v2\/posts\/53046\/revisions"}],"predecessor-version":[{"id":53048,"href":"https:\/\/bihavadis.com\/index.php\/wp-json\/wp\/v2\/posts\/53046\/revisions\/53048"}],"wp:featuredmedia":[{"embeddable":true,"href":"https:\/\/bihavadis.com\/index.php\/wp-json\/wp\/v2\/media\/53047"}],"wp:attachment":[{"href":"https:\/\/bihavadis.com\/index.php\/wp-json\/wp\/v2\/media?parent=53046"}],"wp:term":[{"taxonomy":"category","embeddable":true,"href":"https:\/\/bihavadis.com\/index.php\/wp-json\/wp\/v2\/categories?post=53046"},{"taxonomy":"post_tag","embeddable":true,"href":"https:\/\/bihavadis.com\/index.php\/wp-json\/wp\/v2\/tags?post=53046"}],"curies":[{"name":"wp","href":"https:\/\/api.w.org\/{rel}","templated":true}]}}