{"id":53079,"date":"2026-02-28T12:39:39","date_gmt":"2026-02-28T12:39:39","guid":{"rendered":"https:\/\/bihavadis.com\/?p=53079"},"modified":"2026-02-28T12:39:39","modified_gmt":"2026-02-28T12:39:39","slug":"chp-vezirkoprude-birlik-programi","status":"publish","type":"post","link":"https:\/\/bihavadis.com\/index.php\/2026\/02\/28\/chp-vezirkoprude-birlik-programi\/","title":{"rendered":"CHP Vezirk\u00f6pr\u00fc&#8217;de Birlik Program\u0131"},"content":{"rendered":"<p>CHP Vezirk\u00f6pr\u00fc \u0130l\u00e7e Ba\u015fkanl\u0131\u011f\u0131 taraf\u0131ndan birlik ve dayan\u0131\u015fma program\u0131 d\u00fczenlendi.<\/p>\n<p>CHP Vezirk\u00f6pr\u00fc \u0130l\u00e7e Ba\u015fkanl\u0131\u011f\u0131n\u0131n ev sahipli\u011finde il\u00e7edeki bir d\u00fc\u011f\u00fcn salonunda d\u00fczenlenen programa Samsun \u0130l Ba\u015fkan\u0131 Mehmet \u00d6zda\u011f, Vezirk\u00f6pr\u00fc \u0130l\u00e7e Ba\u015fkan\u0131 Naz\u0131m Kale, Parti Meclisi \u00dcyesi Nazan G\u00fcneysu, eski Samsun Milletvekili Kemal Zeybek, eski Samsun B\u00fcy\u00fck\u015fehir Belediye Ba\u015fkan aday\u0131 Cevat \u00d6nc\u00fc ile partililer kat\u0131ld\u0131.<\/p>\n<p>\u00d6zda\u011f, burada yapt\u0131\u011f\u0131 konu\u015fmada, partilerinin Samsun&#8217;da birinci parti olmas\u0131 i\u00e7in yo\u011fun \u00e7al\u0131\u015fma y\u00fcr\u00fct\u00fcld\u00fc\u011f\u00fcn\u00fc belirterek, &#8220;Genel Ba\u015fkan\u0131m\u0131z \u00d6zg\u00fcr \u00d6zel liderli\u011finde, Ekrem \u0130mamo\u011flu&#8217;nun cumhurba\u015fkanl\u0131\u011f\u0131nda T\u00fcrkiye transatlanti\u011fini enginlere a\u00e7aca\u011f\u0131z.&#8221; dedi.<\/p>\n<p>Kale de siyaseti sadece se\u00e7im d\u00f6nemlerinde hat\u0131rlanan bir faaliyet olarak g\u00f6rmediklerini dile getirerek, &#8220;Bizler siyaseti halkla i\u00e7 i\u00e7e, halk\u0131n her an\u0131nda yan\u0131nda olmay\u0131 gerektiren bir g\u00f6rev olarak g\u00f6r\u00fcyoruz. Bu anlay\u0131\u015fla d\u00fc\u011f\u00fcnlerde, cenazelerde, taziyelerde ve sosyal k\u00fclt\u00fcrel etkinliklerde her zaman halk\u0131m\u0131z\u0131n yan\u0131nda olduk, olmaya da devam edece\u011fiz.&#8221; ifadesini kulland\u0131.<\/p>\n<p>Konu\u015fmalar\u0131n ard\u0131ndan Sebahattin D\u00fclger taraf\u0131ndan \u015fiir dinletisi ger\u00e7ekle\u015ftirildi, partiye yeni kat\u0131lanlara \u00d6zda\u011f taraf\u0131ndan rozet tak\u0131ld\u0131.<\/p>\n<p>Program, m\u00fczik dinletisi ve Ercan Ayd\u0131n&#8217;\u0131n sahne almas\u0131n\u0131n ard\u0131ndan son buldu.<\/p>\n","protected":false},"excerpt":{"rendered":"<p>CHP Vezirk\u00f6pr\u00fc, dayan\u0131\u015fma program\u0131nda partinin hedeflerini ve halkla ili\u015fkilerini vurgulad\u0131.<\/p>\n","protected":false},"author":1,"featured_media":53080,"comment_status":"open","ping_status":"open","sticky":false,"template":"","format":"standard","meta":{"footnotes":""},"categories":[9,4,13],"tags":[516,563],"class_list":["post-53079","post","type-post","status-publish","format-standard","has-post-thumbnail","hentry","category-genel","category-gundem","category-son-dakika","tag-baskan","tag-parti"],"_links":{"self":[{"href":"https:\/\/bihavadis.com\/index.php\/wp-json\/wp\/v2\/posts\/53079","targetHints":{"allow":["GET"]}}],"collection":[{"href":"https:\/\/bihavadis.com\/index.php\/wp-json\/wp\/v2\/posts"}],"about":[{"href":"https:\/\/bihavadis.com\/index.php\/wp-json\/wp\/v2\/types\/post"}],"author":[{"embeddable":true,"href":"https:\/\/bihavadis.com\/index.php\/wp-json\/wp\/v2\/users\/1"}],"replies":[{"embeddable":true,"href":"https:\/\/bihavadis.com\/index.php\/wp-json\/wp\/v2\/comments?post=53079"}],"version-history":[{"count":1,"href":"https:\/\/bihavadis.com\/index.php\/wp-json\/wp\/v2\/posts\/53079\/revisions"}],"predecessor-version":[{"id":53081,"href":"https:\/\/bihavadis.com\/index.php\/wp-json\/wp\/v2\/posts\/53079\/revisions\/53081"}],"wp:featuredmedia":[{"embeddable":true,"href":"https:\/\/bihavadis.com\/index.php\/wp-json\/wp\/v2\/media\/53080"}],"wp:attachment":[{"href":"https:\/\/bihavadis.com\/index.php\/wp-json\/wp\/v2\/media?parent=53079"}],"wp:term":[{"taxonomy":"category","embeddable":true,"href":"https:\/\/bihavadis.com\/index.php\/wp-json\/wp\/v2\/categories?post=53079"},{"taxonomy":"post_tag","embeddable":true,"href":"https:\/\/bihavadis.com\/index.php\/wp-json\/wp\/v2\/tags?post=53079"}],"curies":[{"name":"wp","href":"https:\/\/api.w.org\/{rel}","templated":true}]}}