{"id":53082,"date":"2026-02-28T12:42:06","date_gmt":"2026-02-28T12:42:06","guid":{"rendered":"https:\/\/bihavadis.com\/?p=53082"},"modified":"2026-02-28T12:42:06","modified_gmt":"2026-02-28T12:42:06","slug":"kayseride-teravih-namazi-sirasinda-torpil-atti","status":"publish","type":"post","link":"https:\/\/bihavadis.com\/index.php\/2026\/02\/28\/kayseride-teravih-namazi-sirasinda-torpil-atti\/","title":{"rendered":"Kayseri&#8217;de teravih namaz\u0131 s\u0131ras\u0131nda torpil att\u0131"},"content":{"rendered":"<p>Kayseri&#8217;de tepki \u00e7eken anlar&#8230;<\/p>\n<p>Ramazan ay\u0131n\u0131n ilk teravih namaz\u0131nda Kayseri genelinde camiler doldu.<\/p>\n<p>Ancak bir \u00e7ocu\u011fun, teravih k\u0131lanlara y\u00f6nelik hareketi, korkuya neden oldu.\u00a0<\/p>\n<p><strong>CAM\u0130YE TORP\u0130L ATILDI<\/strong><\/p>\n<p>Kocasinan il\u00e7esi Ziyag\u00f6kalp Mahallesi\u2019nde bulunan Abdulkadir Geylani Camii\u2019nde teravih namaz\u0131 esnas\u0131nda cami i\u00e7erisine torpil at\u0131lmas\u0131 cemaat aras\u0131nda k\u0131sa s\u00fcreli tedirginli\u011fe yol a\u00e7t\u0131.<\/p>\n<p>O anlara ili\u015fkin g\u00f6r\u00fcnt\u00fclerin sosyal medyada payla\u015f\u0131lmas\u0131n\u0131n ard\u0131ndan g\u00fcvenlik g\u00fc\u00e7leri inceleme ba\u015flatt\u0131.<\/p>\n<p><strong>\u015e\u00dcPHEL\u0130 \u00c7OCUK YAKALANDI<\/strong><\/p>\n<p>Kocasinan \u0130l\u00e7e Emniyet M\u00fcd\u00fcrl\u00fc\u011f\u00fc Su\u00e7 \u00d6nleme ve Soru\u015fturma B\u00fcro Amirli\u011fi ekiplerince y\u00fcr\u00fct\u00fclen \u00e7al\u0131\u015fmalar sonucunda, olay\u0131 ger\u00e7ekle\u015ftirdi\u011fi belirlenen 15 ya\u015f\u0131ndaki M.T. isimli \u00e7ocuk yakaland\u0131.<\/p>\n<p>\u00c7ocuk ve ailesi hakk\u0131nda gerekli adli ve idari i\u015flemler ba\u015flat\u0131ld\u0131.<\/p>\n<p><img decoding=\"async\" src=\"https:\/\/bihavadis.com\/wp-content\/uploads\/2026\/02\/kayseride-teravih-namazi-sirasinda-torpil-atti-0-8D4umFLK.jpg\"\/><\/p>\n<p><img decoding=\"async\" src=\"https:\/\/bihavadis.com\/wp-content\/uploads\/2026\/02\/kayseride-teravih-namazi-sirasinda-torpil-atti-1-7mJKIwQ9.jpg\"\/> <\/p>\n<div> <span><strong>Kaynak:<\/strong> Ensonhaber Haber Merkezi<\/span> <\/div>\n","protected":false},"excerpt":{"rendered":"<p>Kayseri&#8217;de tepki \u00e7eken anlar&#8230; Ramazan ay\u0131n\u0131n ilk teravih namaz\u0131nda Kayseri genelinde camiler doldu. Ancak bir \u00e7ocu\u011fun, teravih k\u0131lanlara y\u00f6nelik hareketi, korkuya neden oldu.\u00a0 CAM\u0130YE TORP\u0130L ATILDI Kocasinan il\u00e7esi Ziyag\u00f6kalp Mahallesi\u2019nde bulunan &#8230;<\/p>\n","protected":false},"author":1,"featured_media":53083,"comment_status":"open","ping_status":"open","sticky":false,"template":"","format":"standard","meta":{"footnotes":""},"categories":[4,13],"tags":[],"class_list":["post-53082","post","type-post","status-publish","format-standard","has-post-thumbnail","hentry","category-gundem","category-son-dakika"],"_links":{"self":[{"href":"https:\/\/bihavadis.com\/index.php\/wp-json\/wp\/v2\/posts\/53082","targetHints":{"allow":["GET"]}}],"collection":[{"href":"https:\/\/bihavadis.com\/index.php\/wp-json\/wp\/v2\/posts"}],"about":[{"href":"https:\/\/bihavadis.com\/index.php\/wp-json\/wp\/v2\/types\/post"}],"author":[{"embeddable":true,"href":"https:\/\/bihavadis.com\/index.php\/wp-json\/wp\/v2\/users\/1"}],"replies":[{"embeddable":true,"href":"https:\/\/bihavadis.com\/index.php\/wp-json\/wp\/v2\/comments?post=53082"}],"version-history":[{"count":1,"href":"https:\/\/bihavadis.com\/index.php\/wp-json\/wp\/v2\/posts\/53082\/revisions"}],"predecessor-version":[{"id":53086,"href":"https:\/\/bihavadis.com\/index.php\/wp-json\/wp\/v2\/posts\/53082\/revisions\/53086"}],"wp:featuredmedia":[{"embeddable":true,"href":"https:\/\/bihavadis.com\/index.php\/wp-json\/wp\/v2\/media\/53083"}],"wp:attachment":[{"href":"https:\/\/bihavadis.com\/index.php\/wp-json\/wp\/v2\/media?parent=53082"}],"wp:term":[{"taxonomy":"category","embeddable":true,"href":"https:\/\/bihavadis.com\/index.php\/wp-json\/wp\/v2\/categories?post=53082"},{"taxonomy":"post_tag","embeddable":true,"href":"https:\/\/bihavadis.com\/index.php\/wp-json\/wp\/v2\/tags?post=53082"}],"curies":[{"name":"wp","href":"https:\/\/api.w.org\/{rel}","templated":true}]}}