{"id":53144,"date":"2026-02-28T13:30:09","date_gmt":"2026-02-28T13:30:09","guid":{"rendered":"https:\/\/bihavadis.com\/?p=53144"},"modified":"2026-02-28T13:30:09","modified_gmt":"2026-02-28T13:30:09","slug":"antalyada-evde-cikan-yanginda-yasli-kadin-hayatini-kaybetti","status":"publish","type":"post","link":"https:\/\/bihavadis.com\/index.php\/2026\/02\/28\/antalyada-evde-cikan-yanginda-yasli-kadin-hayatini-kaybetti\/","title":{"rendered":"Antalya&#8217;da evde \u00e7\u0131kan yang\u0131nda ya\u015fl\u0131 kad\u0131n hayat\u0131n\u0131 kaybetti"},"content":{"rendered":"<p>Antalya&#8217;n\u0131n Serik il\u00e7esi Gebiz Mahallesi Nurlular K\u00fcme Evleri mevkisinde, d\u00fcn saat 19.00 s\u0131ralar\u0131nda tek katl\u0131 m\u00fcstakil evde yang\u0131n meydana geldi.\u00a0<\/p>\n<p>Evde yaln\u0131z olan Hasibe B\u00fcy\u00fckdemir (84), d\u0131\u015far\u0131 \u00e7\u0131kamad\u0131.<\/p>\n<p><strong>CANSIZ BEDEN\u0130NE ULA\u015eILDI <\/strong><\/p>\n<p>Alevleri fark edenlerin ihbar\u0131yla adrese jandarma, sa\u011fl\u0131k ve itfaiye ekibi sevk edildi.<\/p>\n<p>\u0130tfaiyenin m\u00fcdahalesiyle yang\u0131n s\u00f6nd\u00fcr\u00fcld\u00fc.<\/p>\n<p>Evde yap\u0131lan incelemede, B\u00fcy\u00fckdemir&#8217;in cans\u0131z bedenine ula\u015f\u0131ld\u0131.<\/p>\n<p><strong>\u0130NCELEME BA\u015eLATILDI <\/strong><\/p>\n<p>Cans\u0131z beden Serik Devlet Hastanesi morguna g\u00f6t\u00fcr\u00fcld\u00fc.<\/p>\n<p>B\u00fcy\u00fckdemir&#8217;in e\u015fi \u015eevket B\u00fcy\u00fckdemir&#8217;in (86) yang\u0131n s\u0131ras\u0131nda evde bulunmad\u0131\u011f\u0131 belirtildi. Jandarma yang\u0131na ili\u015fkin inceleme ba\u015flatt\u0131.\u00a0<\/p>\n<p><img decoding=\"async\" src=\"https:\/\/bihavadis.com\/wp-content\/uploads\/2026\/02\/antalyada-evde-cikan-yanginda-yasli-kadin-hayatini-kaybetti-0-sC9I5UDz.jpg\"\/><\/p>\n<p><img decoding=\"async\" src=\"https:\/\/bihavadis.com\/wp-content\/uploads\/2026\/02\/antalyada-evde-cikan-yanginda-yasli-kadin-hayatini-kaybetti-1-rZlCll5N.jpg\"\/> <\/p>\n<div> <span><strong>Kaynak:<\/strong> \u0130hlas Haber Ajans\u0131 (\u0130HA)<\/span> <\/div>\n","protected":false},"excerpt":{"rendered":"<p>Antalya&#8217;n\u0131n Serik il\u00e7esi Gebiz Mahallesi Nurlular K\u00fcme Evleri mevkisinde, d\u00fcn saat 19.00 s\u0131ralar\u0131nda tek katl\u0131 m\u00fcstakil evde yang\u0131n meydana geldi.\u00a0 Evde yaln\u0131z olan Hasibe B\u00fcy\u00fckdemir (84), d\u0131\u015far\u0131 \u00e7\u0131kamad\u0131. CANSIZ BEDEN\u0130NE ULA\u015eILDI Alevleri fark &#8230;<\/p>\n","protected":false},"author":1,"featured_media":53145,"comment_status":"open","ping_status":"open","sticky":false,"template":"","format":"standard","meta":{"footnotes":""},"categories":[4,13],"tags":[],"class_list":["post-53144","post","type-post","status-publish","format-standard","has-post-thumbnail","hentry","category-gundem","category-son-dakika"],"_links":{"self":[{"href":"https:\/\/bihavadis.com\/index.php\/wp-json\/wp\/v2\/posts\/53144","targetHints":{"allow":["GET"]}}],"collection":[{"href":"https:\/\/bihavadis.com\/index.php\/wp-json\/wp\/v2\/posts"}],"about":[{"href":"https:\/\/bihavadis.com\/index.php\/wp-json\/wp\/v2\/types\/post"}],"author":[{"embeddable":true,"href":"https:\/\/bihavadis.com\/index.php\/wp-json\/wp\/v2\/users\/1"}],"replies":[{"embeddable":true,"href":"https:\/\/bihavadis.com\/index.php\/wp-json\/wp\/v2\/comments?post=53144"}],"version-history":[{"count":1,"href":"https:\/\/bihavadis.com\/index.php\/wp-json\/wp\/v2\/posts\/53144\/revisions"}],"predecessor-version":[{"id":53148,"href":"https:\/\/bihavadis.com\/index.php\/wp-json\/wp\/v2\/posts\/53144\/revisions\/53148"}],"wp:featuredmedia":[{"embeddable":true,"href":"https:\/\/bihavadis.com\/index.php\/wp-json\/wp\/v2\/media\/53145"}],"wp:attachment":[{"href":"https:\/\/bihavadis.com\/index.php\/wp-json\/wp\/v2\/media?parent=53144"}],"wp:term":[{"taxonomy":"category","embeddable":true,"href":"https:\/\/bihavadis.com\/index.php\/wp-json\/wp\/v2\/categories?post=53144"},{"taxonomy":"post_tag","embeddable":true,"href":"https:\/\/bihavadis.com\/index.php\/wp-json\/wp\/v2\/tags?post=53144"}],"curies":[{"name":"wp","href":"https:\/\/api.w.org\/{rel}","templated":true}]}}