{"id":53170,"date":"2026-02-28T13:51:05","date_gmt":"2026-02-28T13:51:05","guid":{"rendered":"https:\/\/bihavadis.com\/?p=53170"},"modified":"2026-02-28T13:51:05","modified_gmt":"2026-02-28T13:51:05","slug":"chp-genel-baskani-ozel-adiyamanda-konustu-aciklamasi","status":"publish","type":"post","link":"https:\/\/bihavadis.com\/index.php\/2026\/02\/28\/chp-genel-baskani-ozel-adiyamanda-konustu-aciklamasi\/","title":{"rendered":"CHP Genel Ba\u015fkan\u0131 \u00d6zel, Ad\u0131yaman&#8217;da konu\u015ftu A\u00e7\u0131klamas\u0131"},"content":{"rendered":"<p>CHP Genel Ba\u015fkan\u0131 \u00d6zg\u00fcr \u00d6zel, &#8221; Ad\u0131yaman&#8217;da bug\u00fcn bir temel kazandan ya da bitmi\u015f apartman\u0131n \u00e7at\u0131s\u0131na bir kiremit koyandan raz\u0131 olsun. Bunun ad\u0131 AK Parti&#8217;li de olsa, MHP&#8217;li de olsa, DEM&#8217;li de olsa ondan raz\u0131 olsun. Hangi g\u00f6r\u00fc\u015ften olursa olsun.&#8221; dedi.<\/p>\n<p>Baz\u0131 programlara kat\u0131lmak \u00fczere kente gelen \u00d6zel, ilk olarak 6 \u015eubat 2023&#8217;teki depremlerde hayat\u0131n\u0131 kaybedenlerin defnedildi\u011fi \u0130mama\u011fa Mahallesi&#8217;ndeki mezarl\u0131\u011f\u0131 ziyaret etti, kabirlere karanfil b\u0131rakt\u0131.<\/p>\n<p>Ard\u0131ndan Ad\u0131yaman Belediyesi ve \u0130stanbul B\u00fcy\u00fck\u015fehir Belediyesinin katk\u0131lar\u0131yla in\u015fa edilen Deprem \u015eehitli\u011fi&#8217;nin temel atma t\u00f6renine kat\u0131lan \u00d6zel, depremde hayat\u0131n\u0131 kaybedenlere Allah&#8217;tan rahmet, yak\u0131nlar\u0131na ba\u015fsa\u011fl\u0131\u011f\u0131 diledi.<\/p>\n<p>Depremlerden ders \u00e7\u0131kar\u0131lmas\u0131 gerekti\u011fini belirten \u00d6zel, \u015f\u00f6yle konu\u015ftu: <\/p>\n<p>&#8220;\u00d6nemli olan b\u00f6yle ac\u0131lar\u0131n ya\u015fanmamas\u0131 i\u00e7in tedbir almak. Ge\u00e7mi\u015f ac\u0131dan ders \u00e7\u0131kar\u0131p bundan sonras\u0131 i\u00e7in depreme kar\u015f\u0131 haz\u0131rl\u0131kl\u0131 olmak hepimizin birinci g\u00f6revi. Buradaki t\u00fcm kamu kurum ve kurulu\u015flar\u0131 emek veriyorlar yeter ki Ad\u0131yaman&#8217;\u0131n yaralar\u0131 sar\u0131ls\u0131n. Sonras\u0131 i\u00e7in de bu b\u00fcy\u00fck ac\u0131y\u0131 unutmamak, unutturmamak ve hat\u0131ralar\u0131n\u0131 en iyi \u015fekilde ya\u015fatmak i\u00e7in burada bir d\u00fczenleme yapt\u0131k. Yitirdi\u011fimiz herkesin isimlerini ayr\u0131 ayr\u0131 yaz\u0131laca\u011f\u0131 b\u00fcy\u00fck ac\u0131y\u0131 unutturmayacak b\u00fcy\u00fckl\u00fckte ve sadelikte bir tasar\u0131m yap\u0131lm\u0131\u015f. Hep beraber \u00fcmit ederiz bundan sonra b\u00f6yle ac\u0131lar\u0131n ya\u015fanmamas\u0131na vesile olmas\u0131, toplumsal haf\u0131zay\u0131 diri tutmas\u0131 ve yas\u0131m\u0131z\u0131 en iyi \u015fekilde yans\u0131tmas\u0131 a\u00e7\u0131s\u0131ndan en iyisi yap\u0131l\u0131yor.&#8221;<\/p>\n<p>&#8220;Biz o depreme haz\u0131rl\u0131ks\u0131z yakaland\u0131k&#8221;<\/p>\n<p>\u00d6zg\u00fcr \u00d6zel, daha sonra partisinin Ad\u0131yaman \u0130l Ba\u015fkanl\u0131\u011f\u0131n\u0131 ziyaret etti.<\/p>\n<p>Parti binas\u0131 \u00f6n\u00fcnde vatanda\u015flara hitap eden \u00d6zel, depremin y\u0131l d\u00f6n\u00fcm\u00fc dolay\u0131s\u0131yla kente geldi\u011fini, \u00e7e\u015fitli ziyaretlerde bulunaca\u011f\u0131n\u0131 s\u00f6yledi.<\/p>\n<p>\u0130l Ba\u015fkanl\u0131\u011f\u0131 \u00f6n\u00fcn\u00fcn adeta miting alan\u0131na d\u00f6nd\u00fc\u011f\u00fcn\u00fc anlatan \u00d6zel, &#8220;Siyasette bir partinin genel ba\u015fkan\u0131 \u00f6nceden haz\u0131rlanm\u0131\u015f b\u00fcy\u00fck sahnelerde co\u015fkulu konu\u015fmalar yapt\u0131\u011f\u0131 zaman bu iyi bir \u015feydir ama bu iktidar\u0131 g\u00f6stermez. \u0130ktidar\u0131 ne g\u00f6sterir biliyor musunuz? \u00c7ay i\u00e7meye gitti\u011fin il ba\u015fkanl\u0131\u011f\u0131n\u0131n \u00f6n\u00fcnde millet miting alan\u0131 gibi topland\u0131ysa, o partinin iktidar olmas\u0131 an meselesidir. B\u00fcy\u00fck \u015fa\u015faal\u0131 k\u00fcrs\u00fclerden de\u011fil de b\u00f6yle portakal kasas\u0131n\u0131 ters \u00e7evirip milletle g\u00f6z g\u00f6ze geldi\u011fin, ona selam verdi\u011fin vakit, parti iktidara gelmi\u015f demektir. Psikolojik iktidar partidedir ama iktidar de\u011fi\u015fimi an meselesidir.&#8221; diye konu\u015ftu.<\/p>\n<p>\u00dc\u00e7 y\u0131l \u00f6nce 10 milletvekilinin 1,5 ay b\u00fcy\u00fck ac\u0131y\u0131 Ad\u0131yamanl\u0131larla birlikte ya\u015fad\u0131\u011f\u0131n\u0131 ifade eden \u00d6zel, kendisinin de 10 ili s\u00fcrekli ziyaret etti\u011fini, 4-5 kez de Ad\u0131yaman&#8217;a geldi\u011fini belirtti.<\/p>\n<p>\u00d6zel, annesinin de aralar\u0131nda bulundu\u011fu baz\u0131 yak\u0131nlar\u0131n\u0131 depremde kaybeden, o d\u00f6nem milletvekili olan Abdurrahman Tutdere&#8217;nin taziye kabul etmedi\u011fini belirterek, &#8220;Abdurrahman Tutdere&#8217;yi taziye vermek i\u00e7in bir yere g\u00f6t\u00fcrmeye kalkt\u0131k, dedi ki &#8216;Ne taziyesi? Ad\u0131yaman bu haldeyken ben ne taziye alabilirim, ne yas\u0131m\u0131 tutabilirim. Ad\u0131yaman yas olmu\u015f&#8217; dedi. ve hep birlikte di\u011fer enkazlar\u0131n ba\u015f\u0131na ko\u015fturdular. O b\u00fcy\u00fck ac\u0131y\u0131 ya\u015farken Abdurrahman&#8217;\u0131n bu \u015fehirde ne manaya geldi\u011fini o g\u00fcn ben idrak ettim.&#8221; ifadelerini kulland\u0131.<\/p>\n<p>Anket yapmadan belediye ba\u015fkan\u0131 aday\u0131 g\u00f6sterip kazand\u0131klar\u0131 tek \u015fehrin Ad\u0131yaman oldu\u011funu dile getiren \u00d6zel, &#8220;Ben size Abdurrahman&#8217;a, Abdurrahman&#8217;a da Ad\u0131yaman&#8217;a b\u00f6yle sahip \u00e7\u0131kt\u0131\u011f\u0131n\u0131z i\u00e7in hepinize te\u015fekk\u00fcr ediyorum.&#8221; dedi.<\/p>\n<p>\u00d6zel, &#8220;Biz o depreme haz\u0131rl\u0131ks\u0131z yakaland\u0131k.&#8221; ifadesini kullanarak, \u015funlar\u0131 kaydetti: <\/p>\n<p>&#8220;Saat kuleniz bile o dakika durdu, daha ilerlemiyor. Ama iktidar da o depreme mazeretsiz yakaland\u0131. E\u011friye e\u011fri, do\u011fruya do\u011fru. 2 ayl\u0131k iktidar olsa &#8216;Bunlar ne yaps\u0131n&#8217; dersin, 21 ayl\u0131k iktidar olsa &#8216;Depreme bu kadar s\u00fcrede nas\u0131l haz\u0131rlars\u0131n?&#8217; dersin. O g\u00fcn 21 y\u0131ll\u0131k iktidard\u0131lar. \u015eunu hat\u0131rlayal\u0131m, Gazi Mustafa Kemal Atat\u00fcrk&#8217;e bile 15 sene aral\u0131ks\u0131z iktidar nasip oldu. 21 y\u0131ld\u0131r bu arkada\u015flar iktidardayd\u0131lar. 21 sene vakit vard\u0131 \u00f6nlerinde. Kanun, vallahi 1999 depreminden \u00e7\u0131km\u0131\u015ft\u0131k, millet hem haz\u0131rd\u0131 hem de kanunlar haz\u0131rd\u0131. Ne diyoruz, &#8217;99&#8217;dan sonra yap\u0131ld\u0131\u011f\u0131 o ev, ondan y\u0131k\u0131lmad\u0131.&#8217; Depreme dayan\u0131kl\u0131 ev nas\u0131l yap\u0131lacak? Bir \u00f6nceki h\u00fck\u00fcmet depremden sonra o kanunlar\u0131 \u00e7\u0131karm\u0131\u015ft\u0131. Rahmetli Ecevit, Say\u0131n Bah\u00e7eli, rahmetli Mesut Y\u0131lmaz. Millet 99&#8217;da \u00f6yle bir ac\u0131 g\u00f6rd\u00fc ki o zaman \u00f6zel ileti\u015fim vergisi koydular, hepimiz &#8216;Tamam&#8217; dedik. \u0130ki y\u0131ll\u0131\u011f\u0131nayd\u0131, bu iktidar geldi o vergiyi kal\u0131c\u0131 yapt\u0131. O g\u00fcnden bug\u00fcne \u00f6zel ileti\u015fim vergileriyle toplad\u0131klar\u0131 para 41 milyar dolar. \u00c7\u0131kard\u0131klar\u0131 8 imar aff\u0131yla da 26 milyar dolar. \u00d6zelle\u015ftirmelerden 65 milyar dolar. 10 il y\u0131k\u0131ld\u0131 \u015fimdi yeniden yap\u0131l\u0131yor ya harcanan para 40 milyar dolar. Yani 99 depreminden sonra gelen h\u00fck\u00fcmete 21 y\u0131l vakit, milletin &#8216;Depreme bizi haz\u0131rla&#8217; diye kararl\u0131l\u0131\u011f\u0131, toplumsal r\u0131za \u00fcst\u00fcne de s\u0131rf \u00f6zel ileti\u015fim vergisinden bile bu y\u0131k\u0131lan b\u00fct\u00fcn evleri, depremden \u00f6nce y\u0131k\u0131p yapacak kadar paran\u0131n \u00fc\u00e7 kat\u0131 verilmi\u015f. Ne olmu\u015f?&#8221;<\/p>\n<p>&#8220;Bir \u00e7ak\u0131l ta\u015f\u0131n\u0131 kald\u0131randan Allah raz\u0131 olsun&#8221;<\/p>\n<p>Ad\u0131yaman&#8217;\u0131n aya\u011fa kalkmas\u0131 i\u00e7in b\u00fcy\u00fck bir emek ve gayret sarf edildi\u011fini belirten \u00d6zel, &#8220;Ad\u0131yaman&#8217;da o g\u00fcn gelip bir \u00e7ak\u0131l ta\u015f\u0131n\u0131 kald\u0131randan Allah raz\u0131 olsun. Ad\u0131yaman&#8217;da bug\u00fcn bir temel kazandan ya da bitmi\u015f apartman\u0131n \u00e7at\u0131s\u0131na bir kiremit koyandan raz\u0131 olsun. Bunun ad\u0131 AK Parti&#8217;li de olsa, MHP&#8217;li de olsa, DEM&#8217;li de olsa ondan raz\u0131 olsun. Hangi g\u00f6r\u00fc\u015ften olursa olsun. Biz Ad\u0131yaman&#8217;a geldi\u011fimizde her partiyi burada g\u00f6rd\u00fck. Ama Cumhuriyet Halk Partisi&#8217;ni o g\u00fcn g\u00f6r\u00fcp ki birinci kan\u0131t \u015fudur, Ad\u0131yaman gibi bir \u015fehirde o g\u00fcn CHP&#8217;nin milletvekili bir mutabakatla belediye ba\u015fkan aday\u0131 olup bu kadar g\u00fc\u00e7l\u00fc se\u00e7iliyorsa zaten CHP&#8217;nin o g\u00fcn orada oldu\u011funun birinci ispat\u0131 budur, cismi budur yani.&#8221; diye konu\u015ftu.<\/p>\n<p>Daha \u00f6nce kentte \u00f6nemli i\u015fler yapt\u0131klar\u0131n\u0131 ifade eden \u00d6zel, parti olarak Ad\u0131yaman&#8217;a 873 ara\u00e7la geldiklerini, 1818 personeli \u00e7al\u0131\u015ft\u0131\u011f\u0131n\u0131, 834 t\u0131r Ad\u0131yaman&#8217;a malzeme ula\u015ft\u0131rd\u0131klar\u0131n\u0131, 10 mobil mutfak kuruldu\u011funu, 10 ikram arac\u0131, 343 bin battaniye, 31 bin \u0131s\u0131t\u0131c\u0131, 2 bin 600 \u00e7ad\u0131r\u0131 b\u00f6lgeye ula\u015ft\u0131rd\u0131klar\u0131n\u0131 bildirdi.<\/p>\n<p>\u00d6zg\u00fcr \u00d6zel, deprem b\u00f6lgesindeki illerin \u00f6zel durumlar\u0131n\u0131 g\u00f6rd\u00fcklerini, siyasi rekabet ve polemik yerine hizmette rekabeti, yaralar\u0131 sarmada yar\u0131\u015fmay\u0131 do\u011fru bulduklar\u0131n\u0131 dile getirdi.<\/p>\n<p>G\u00fcn i\u00e7erisinde deprem \u015fehitli\u011finin temelini att\u0131klar\u0131n\u0131 ifade eden \u00d6zel, &#8220;O depremi unutturmayacak, kay\u0131plar\u0131m\u0131z\u0131 en iyi \u015fekilde anabilece\u011fimiz b\u00fcy\u00fck bir an\u0131t ve \u00e7ok iyi bir deprem \u015fehitli\u011finin temeli at\u0131ld\u0131. \u0130n\u015fallah \u00f6n\u00fcm\u00fczdeki sene hep birlikte a\u00e7\u0131l\u0131\u015f\u0131n\u0131 yapaca\u011f\u0131z. Ankara B\u00fcy\u00fck\u015fehir&#8217;in 90 personeli Ad\u0131yaman&#8217;da hasar tespiti yapm\u0131\u015ft\u0131. Ad\u0131yaman&#8217;\u0131n zarar g\u00f6ren do\u011fal gaz altyap\u0131s\u0131n\u0131 \u0130stanbul B\u00fcy\u00fck\u015fehir \u0130GDA\u015e onard\u0131. \u0130stanbul B\u00fcy\u00fck\u015fehir, \u00c7atdere K\u00f6pr\u00fcs\u00fc&#8217;n\u00fc 300 milyon lira yat\u0131r\u0131mla yeniden yapt\u0131. \u0130zmir B\u00fcy\u00fck\u015fehir, biri 180, di\u011feri 90 konteynerle iki ya\u015fam alan\u0131 yapm\u0131\u015ft\u0131. Yine \u0130zmir B\u00fcy\u00fck\u015fehir 250 bin ki\u015fiye s\u0131cak yemek da\u011f\u0131tt\u0131, a\u015fevini yap\u0131p b\u0131rakm\u0131\u015ft\u0131. Mersin B\u00fcy\u00fck\u015fehir 670 konteynerl\u0131k bir kent kurmu\u015ftu buraya. Tut, G\u00f6lba\u015f\u0131, P\u0131narba\u015f\u0131, Harmanl\u0131&#8217;n\u0131n su altyap\u0131s\u0131n\u0131 Mersin&#8217;in MESK\u0130&#8217;si yapm\u0131\u015ft\u0131.&#8221; dedi.<\/p>\n<p>\u00d6zel, kentte yapacaklar\u0131 \u00e7al\u0131\u015fmalara de\u011finerek, \u015funlar\u0131 aktard\u0131: <\/p>\n<p>&#8220;Denizli B\u00fcy\u00fck\u015fehir, Karap\u0131nar Mahallemize 3 bin 500 metrekarelik bir park yap\u0131yor. \u0130stanbul B\u00fcy\u00fck\u015fehir, G\u00f6lba\u015f\u0131&#8217;na 4 bin 400 metrekarelik ya\u015fam vadisi kuruyor. \u0130stanbul B\u00fcy\u00fck\u015fehir, 80 milyonluk yat\u0131r\u0131mla deprem an\u0131t\u0131n\u0131 ve anma a\u00e7\u0131k hava m\u00fczesini hayata ge\u00e7iriyor. Tekirda\u011f B\u00fcy\u00fck\u015fehir Cumhuriyet Mahallesi&#8217;ne bir b\u00fcy\u00fck park yap\u0131yor. Manisa B\u00fcy\u00fck\u015fehir, 4 bin metrekarelik alana Ferdi Zeybek \u00c7ocuk K\u00fclt\u00fcr ve Sanat Merkezi yap\u0131yor. Onun i\u00e7in de Manisa B\u00fcy\u00fck\u015fehir Belediye Ba\u015fkan\u0131m\u0131z Besim Dutlulu burada. Benim karde\u015fim, onun karde\u015fi, a\u011fabeyi Ferdi Zeyrek&#8217;in ismini buradaki bir hizmetle ya\u015fatmak i\u00e7in bug\u00fcn buraya geldik. Bundan sonra da Abdurrahman Tutdere &#8216;Ad\u0131yaman&#8217;\u0131n neye ihtiyac\u0131 var&#8217; derse g\u00fcc\u00fcm\u00fcz nispetinde, olanaklar dahilinde yan\u0131n\u0131zday\u0131z. Allah&#8217;\u0131n izniyle ilk sand\u0131k kurulup da parti T\u00fcrkiye&#8217;de iktidar olunca, ne emrederseniz emrinize amadeyiz.&#8221;<\/p>\n<p>\u00d6zel, depremde hayat\u0131n\u0131 kaybedenlere rahmet dileyerek, iktidara geldiklerinde Ad\u0131yaman&#8217;a daha \u00f6nemli hizmetler de sa\u011flayacaklar\u0131n\u0131 s\u00f6zlerine ekledi.<\/p>\n","protected":false},"excerpt":{"rendered":"<p>CHP Genel Ba\u015fkan\u0131 \u00d6zg\u00fcr \u00d6zel, &#8220;Ad\u0131yaman&#8217;da bug\u00fcn bir temel kazandan ya da bitmi\u015f apartman\u0131n \u00e7at\u0131s\u0131na bir kiremit koyandan raz\u0131 olsun. Bunun ad\u0131 AK Parti&#8217;li de olsa, MHP&#8217;li de olsa, DEM&#8217;li de olsa ondan raz\u0131 olsun. Hangi g\u00f6r\u00fc\u015ften olursa olsun.&#8221; dedi.<\/p>\n","protected":false},"author":1,"featured_media":0,"comment_status":"open","ping_status":"open","sticky":false,"template":"","format":"standard","meta":{"footnotes":""},"categories":[12],"tags":[3434,60,2180,5085,563],"class_list":["post-53170","post","type-post","status-publish","format-standard","hentry","category-siyaset","tag-adi","tag-deprem","tag-geldi","tag-iktidar","tag-parti"],"_links":{"self":[{"href":"https:\/\/bihavadis.com\/index.php\/wp-json\/wp\/v2\/posts\/53170","targetHints":{"allow":["GET"]}}],"collection":[{"href":"https:\/\/bihavadis.com\/index.php\/wp-json\/wp\/v2\/posts"}],"about":[{"href":"https:\/\/bihavadis.com\/index.php\/wp-json\/wp\/v2\/types\/post"}],"author":[{"embeddable":true,"href":"https:\/\/bihavadis.com\/index.php\/wp-json\/wp\/v2\/users\/1"}],"replies":[{"embeddable":true,"href":"https:\/\/bihavadis.com\/index.php\/wp-json\/wp\/v2\/comments?post=53170"}],"version-history":[{"count":1,"href":"https:\/\/bihavadis.com\/index.php\/wp-json\/wp\/v2\/posts\/53170\/revisions"}],"predecessor-version":[{"id":53171,"href":"https:\/\/bihavadis.com\/index.php\/wp-json\/wp\/v2\/posts\/53170\/revisions\/53171"}],"wp:attachment":[{"href":"https:\/\/bihavadis.com\/index.php\/wp-json\/wp\/v2\/media?parent=53170"}],"wp:term":[{"taxonomy":"category","embeddable":true,"href":"https:\/\/bihavadis.com\/index.php\/wp-json\/wp\/v2\/categories?post=53170"},{"taxonomy":"post_tag","embeddable":true,"href":"https:\/\/bihavadis.com\/index.php\/wp-json\/wp\/v2\/tags?post=53170"}],"curies":[{"name":"wp","href":"https:\/\/api.w.org\/{rel}","templated":true}]}}