{"id":53175,"date":"2026-02-28T13:57:34","date_gmt":"2026-02-28T13:57:34","guid":{"rendered":"https:\/\/bihavadis.com\/?p=53175"},"modified":"2026-02-28T13:57:34","modified_gmt":"2026-02-28T13:57:34","slug":"ak-partili-elitastan-umut-hakki-aciklamasi-ak-partinin-gorusu-rapora-intikal-edecektir","status":"publish","type":"post","link":"https:\/\/bihavadis.com\/index.php\/2026\/02\/28\/ak-partili-elitastan-umut-hakki-aciklamasi-ak-partinin-gorusu-rapora-intikal-edecektir\/","title":{"rendered":"AK Parti&#8217;li Elita\u015f&#8217;tan &#8216;umut hakk\u0131&#8217; a\u00e7\u0131klamas\u0131; AK Parti&#8217;nin g\u00f6r\u00fc\u015f\u00fc rapora intikal edecektir"},"content":{"rendered":"<p>\n<p> AK Parti Genel Ba\u015fkan Vekili Mustafa Elita\u015f, MHP Genel Ba\u015fkan\u0131 Devlet Bah\u00e7eli&#8217;nin PKK eleba\u015f\u0131 Abdullah \u00d6calan i\u00e7in &#8216;umut hakk\u0131&#8217; s\u00f6zleri ile ilgili, &#8220;Bu konu komisyondaki arkada\u015flar\u0131m\u0131z taraf\u0131ndan de\u011ferlendiriliyor. O \u00e7er\u00e7evede de bu konuyla ilgili rapora nihayet verildi\u011fi anda rapora da AK Parti&#8217;nin g\u00f6r\u00fc\u015f\u00fc yani b\u00fct\u00fcn partilerin g\u00f6r\u00fc\u015f\u00fc olarak intikal edecektir diye d\u00fc\u015f\u00fcn\u00fcyorum&#8221; dedi.<\/p>\n<p>AK Parti Genel Ba\u015fkan Vekili Mustafa Elita\u015f, T\u00fcrkiye Bas\u0131n Federasyonu&#8217;nun &#8216;Anadolu Sohbetleri&#8217; program\u0131nda bas\u0131n mensuplar\u0131yla bir araya geldi. Elita\u015f, MHP Genel Ba\u015fkan\u0131 Devlet Bah\u00e7eli&#8217;nin PKK eleba\u015f\u0131 Abdullah \u00d6calan i\u00e7in &#8216;umut hakk\u0131&#8217; s\u00f6zleri ile ilgili soru \u00fczerine, TBMM&#8217;de kurulan Milli Dayan\u0131\u015fma Karde\u015flik ve Demokrasi Komisyonu&#8217;nun \u00e7al\u0131\u015fmalar\u0131n\u0131 s\u00fcrd\u00fcrd\u00fc\u011f\u00fcn\u00fc s\u00f6yledi. Elita\u015f, komisyonda bulunan partilerin temsilcileriyle d\u00fcn de bir toplant\u0131 yap\u0131ld\u0131\u011f\u0131n\u0131 belirterek, &#8220;Baz\u0131 a\u00e7\u0131klamalar oldu. Bu a\u00e7\u0131klamalarla ilgili bir k\u0131sm\u0131 kendi g\u00f6r\u00fc\u015fleri olabilir. \u00c7\u00fcnk\u00fc &#8216;anla\u015ft\u0131k&#8217; dedi\u011fine di\u011feri daha hen\u00fcz net olmad\u0131\u011f\u0131n\u0131 ifade etti\u011fine g\u00f6re demek ki kendi g\u00f6r\u00fc\u015flerini ifade edecekler. Ama arzumuz, dile\u011fimiz o ki komisyondan tek bir sesin \u00e7\u0131kmas\u0131. Komisyon raporunun TBMM ve kamuoyuna sunulmak \u00fczere raporun tek elden \u00e7\u0131kmas\u0131 ve mutabakatla \u00e7\u0131kmas\u0131 olumludur, uygundur diye d\u00fc\u015f\u00fcn\u00fcyorum&#8221; dedi.<\/p>\n<p>&#8216;KOM\u0130SYONDAK\u0130 ARKADA\u015eLARIMIZ DE\u011eERLEND\u0130R\u0130YOR&#8217;<\/p>\n<p>Elita\u015f, Bah\u00e7eli&#8217;nin &#8216;umut hakk\u0131&#8217;yla ilgili konuyu sal\u0131 g\u00fcnk\u00fc toplant\u0131s\u0131nda ve daha \u00f6nceki d\u00f6nemlerde de beyan etti\u011fine vurgu yaparak, &#8220;Bu konu komisyondaki arkada\u015flar\u0131m\u0131z taraf\u0131ndan de\u011ferlendiriliyor. O \u00e7er\u00e7evede de bu konuyla ilgili rapora nihayet verildi\u011fi anda rapora da AK Parti&#8217;nin g\u00f6r\u00fc\u015f\u00fc yani b\u00fct\u00fcn partilerin g\u00f6r\u00fc\u015f\u00fc olarak intikal edecektir diye d\u00fc\u015f\u00fcn\u00fcyorum. \u0130n\u015fallah ter\u00f6rle ilgili Milli Dayan\u0131\u015fma Karde\u015flik ve Demokrasi Komisyonu amac\u0131na ula\u015facakt\u0131r diye d\u00fc\u015f\u00fcn\u00fcyorum. Bundan sonraki s\u00fcre\u00e7te de rapor \u00e7\u0131kt\u0131ktan sonra hep birlikte tart\u0131\u015f\u0131l\u0131r. Bu tart\u0131\u015fmalar sonucunda en olumlu, \u0131l\u0131ml\u0131, herkesin kabul g\u00f6rece\u011fi bir sonu\u00e7 \u00e7\u0131kar&#8221; dedi.<\/p>\n<p>&#8216;\u00d6ZG\u00dcR \u00d6ZEL&#8217;\u0130N \u00d6ZG\u00dcRLE\u015eMES\u0130 GEREK&#8217;<\/p>\n<p>Elita\u015f, CHP Genel Ba\u015fkan\u0131 \u00d6zg\u00fcr \u00d6zel&#8217;in erken se\u00e7im a\u00e7\u0131klamalar\u0131 ile ilgili soru \u00fczerine, &#8221; Say\u0131n \u00d6zg\u00fcr \u00d6zel&#8217;in de erken se\u00e7im kanaatinde oldu\u011fu kanaatinde de\u011filim. Say\u0131n \u00d6zg\u00fcr \u00d6zel bir \u00f6zg\u00fcrle\u015fmesi gerekir. Say\u0131n \u00d6zg\u00fcr \u00d6zel haftal\u0131k ola\u011fan bilgi verme toplant\u0131lar\u0131ndan uzakla\u015fmas\u0131 gerekir. \u015eu anda Say\u0131n \u00d6zg\u00fcr \u00d6zel \u00f6zg\u00fcrl\u00fc\u011f\u00fcn\u00fc, r\u00fc\u015ft\u00fcn\u00fc ispat edebilmesi i\u00e7in a\u011fz\u0131ndan \u00e7\u0131kan\u0131n net bir \u015fekilde sonu\u00e7 do\u011furabilmesi i\u00e7in haftal\u0131k ola\u011fan g\u00f6r\u00fc\u015fmelerinden kurtulabilmesi gerekir. Yani \u00d6zg\u00fcr \u00d6zel&#8217;in dedi\u011fine bakmay\u0131n, e\u015f ba\u015fkan\u0131n \u00f6tesindeki ki\u015finin s\u00f6ylediklerine bakmak gerekir. Onun i\u00e7in \u015fu anda grup ba\u015fkan\u0131 stat\u00fcs\u00fcne belki gelmi\u015f olabilir. Bask\u0131n se\u00e7im, erken se\u00e7im zaten \u00f6ne al\u0131nm\u0131\u015f se\u00e7im demek&#8221; dedi.<\/p>\n<p>&#8216;SE\u00c7\u0130M\u0130N EN \u0130Y\u0130 \u0130KL\u0130M\u0130 EK\u0130M, KASIM AYLARI&#8217;<\/p>\n<p>Elita\u015f, Anayasa&#8217;da se\u00e7imlerin nas\u0131l yap\u0131laca\u011f\u0131n\u0131n belli oldu\u011funa dikkat \u00e7ekerken, Muhsin Yaz\u0131c\u0131o\u011flu&#8217;nun yerel se\u00e7im a\u015famas\u0131nda k\u00f6t\u00fc hava \u015fartlar\u0131 nedeniyle \u015fehit oldu\u011funu hat\u0131rlatt\u0131. Elita\u015f, &#8220;Hem yerel se\u00e7imlerin hem genel se\u00e7imlerin en iyi iklimi ekim, kas\u0131m aylar\u0131. Se\u00e7imlerin \u00f6ne al\u0131nmas\u0131yla ilgili en uygun zaman\u0131n mevsimsel olarak s\u00f6yl\u00fcyorum kas\u0131m ay\u0131 i\u00e7inde olabilir. Bu da 2027 Kas\u0131m ay\u0131 genel se\u00e7im i\u00e7in, 2028 Kas\u0131m ay\u0131 da yerel se\u00e7im i\u00e7in, bu tabii 2029 Kas\u0131m da olabilir. Ben bunu 25 se\u00e7im ya\u015fam\u0131\u015f birisi olarak s\u00f6yl\u00fcyorum&#8221; ifadelerini kulland\u0131. <\/p>\n","protected":false},"excerpt":{"rendered":"<p>AK Parti Genel Ba\u015fkan Vekili Mustafa Elita\u015f, MHP Genel Ba\u015fkan\u0131 Devlet Bah\u00e7eli&#8217;nin PKK eleba\u015f\u0131 Abdullah \u00d6calan i\u00e7in &#8216;umut hakk\u0131&#8217; s\u00f6zleri ile ilgili, &#8220;Bu konu komisyondaki arkada\u015flar\u0131m\u0131z taraf\u0131ndan de\u011ferlendiriliyor.<\/p>\n","protected":false},"author":1,"featured_media":53176,"comment_status":"open","ping_status":"open","sticky":false,"template":"","format":"standard","meta":{"footnotes":""},"categories":[12],"tags":[5686,1846,563,1564,2020],"class_list":["post-53175","post","type-post","status-publish","format-standard","has-post-thumbnail","hentry","category-siyaset","tag-elitas","tag-ozgur-ozel","tag-parti","tag-rapor","tag-secim"],"_links":{"self":[{"href":"https:\/\/bihavadis.com\/index.php\/wp-json\/wp\/v2\/posts\/53175","targetHints":{"allow":["GET"]}}],"collection":[{"href":"https:\/\/bihavadis.com\/index.php\/wp-json\/wp\/v2\/posts"}],"about":[{"href":"https:\/\/bihavadis.com\/index.php\/wp-json\/wp\/v2\/types\/post"}],"author":[{"embeddable":true,"href":"https:\/\/bihavadis.com\/index.php\/wp-json\/wp\/v2\/users\/1"}],"replies":[{"embeddable":true,"href":"https:\/\/bihavadis.com\/index.php\/wp-json\/wp\/v2\/comments?post=53175"}],"version-history":[{"count":1,"href":"https:\/\/bihavadis.com\/index.php\/wp-json\/wp\/v2\/posts\/53175\/revisions"}],"predecessor-version":[{"id":53177,"href":"https:\/\/bihavadis.com\/index.php\/wp-json\/wp\/v2\/posts\/53175\/revisions\/53177"}],"wp:featuredmedia":[{"embeddable":true,"href":"https:\/\/bihavadis.com\/index.php\/wp-json\/wp\/v2\/media\/53176"}],"wp:attachment":[{"href":"https:\/\/bihavadis.com\/index.php\/wp-json\/wp\/v2\/media?parent=53175"}],"wp:term":[{"taxonomy":"category","embeddable":true,"href":"https:\/\/bihavadis.com\/index.php\/wp-json\/wp\/v2\/categories?post=53175"},{"taxonomy":"post_tag","embeddable":true,"href":"https:\/\/bihavadis.com\/index.php\/wp-json\/wp\/v2\/tags?post=53175"}],"curies":[{"name":"wp","href":"https:\/\/api.w.org\/{rel}","templated":true}]}}