{"id":53206,"date":"2026-02-28T14:21:08","date_gmt":"2026-02-28T14:21:08","guid":{"rendered":"https:\/\/bihavadis.com\/?p=53206"},"modified":"2026-02-28T14:21:08","modified_gmt":"2026-02-28T14:21:08","slug":"yusuf-demir-yeni-takimina-imzayi-atti-kardesiyle-beraber-oynayacak","status":"publish","type":"post","link":"https:\/\/bihavadis.com\/index.php\/2026\/02\/28\/yusuf-demir-yeni-takimina-imzayi-atti-kardesiyle-beraber-oynayacak\/","title":{"rendered":"Yusuf Demir yeni tak\u0131m\u0131na imzay\u0131 att\u0131! Karde\u015fiyle beraber oynayacak"},"content":{"rendered":"<p> Galatasaray ile yollar\u0131n\u0131 ay\u0131ran Yusuf Demir&#8217;in yeni adresi belli oldu. Sar\u0131-k\u0131rm\u0131z\u0131l\u0131 kul\u00fcple s\u00f6zle\u015fmesini fesheden 22 ya\u015f\u0131ndaki futbolcu, altyap\u0131s\u0131ndan yeti\u015fti\u011fi Avusturya ekibi Rapid Wien ile 1,5 y\u0131ll\u0131k s\u00f6zle\u015fme imzalad\u0131.<\/p>\n<p><b>KARDE\u015e\u0130YLE AYNI TAKIMDA FORMA G\u0130YECEK<\/b><\/p>\n<p>Yusuf Demir, Rapid Wien&#8217;de hali haz\u0131rda forma giyen karde\u015fi Furkan Demir ile ayn\u0131 tak\u0131mda oynayacak. Bu durum, transferin en dikkat \u00e7eken detaylar\u0131ndan biri oldu.<\/p>\n<p><b>RAPID WIEN&#8217;DEN A\u00c7IKLAMA<\/b><\/p>\n<p>Avusturya kul\u00fcb\u00fc transferi, &#8220;Tan\u0131d\u0131k bir y\u00fcz, \u00e7ocukluk kul\u00fcb\u00fcn\u00fcn formas\u0131n\u0131 tekrar giyecek. 22 ya\u015f\u0131ndaki Yusuf Demir, \u0130stanbul&#8217;daki T\u00fcrk \u015fampiyonu Galatasaray&#8217;dan Viyana-H\u00fctteldorf&#8217;a derhal ge\u00e7erli olmak \u00fczere geri d\u00f6n\u00fcyor&#8221; ifadeleriyle duyurdu.<\/p>\n<div>\n<figure><img decoding=\"async\" src=\"https:\/\/bihavadis.com\/wp-content\/uploads\/2026\/02\/yusuf-demir-yeni-takimina-imzayi-atti-kardesiyle-beraber-oynayacak-0-O3vYRHB3.jpg\"\/><\/figure>\n<\/div>\n<p><b>YUSUF DEM\u0130R: RAPID TARAFTARI KALDIM<\/b><\/p>\n<p>\u0130mza t\u00f6reninde konu\u015fan Yusuf Demir, Rapid Wien&#8217;e d\u00f6n\u00fc\u015f\u00fcnden dolay\u0131 mutlulu\u011funu dile getirerek, &#8220;Galatasaray&#8217;a transfer oldu\u011fumda da Rapid taraftar\u0131 kalaca\u011f\u0131m\u0131 s\u00f6ylemi\u015ftim. Kul\u00fcb\u00fcm\u00fc her zaman yak\u0131ndan takip ettim. Zor bir d\u00f6nemden ge\u00e7sek de tak\u0131m\u0131n b\u00fcy\u00fck bir potansiyeli var. Karde\u015fim Furkan&#8217;la birlikte forma giymeyi sab\u0131rs\u0131zl\u0131kla bekliyorum&#8221; dedi.<\/p>\n","protected":false},"excerpt":{"rendered":"<p>Galatasaray&#8217;dan ayr\u0131lan Yusuf Demir, altyap\u0131s\u0131ndan yeti\u015fti\u011fi Rapid Wien&#8217;e 1,5 y\u0131ll\u0131k imza atarken, Avusturya ekibinde karde\u015fi Furkan Demir ile birlikte forma giyecek.<\/p>\n","protected":false},"author":1,"featured_media":53207,"comment_status":"open","ping_status":"open","sticky":false,"template":"","format":"standard","meta":{"footnotes":""},"categories":[14],"tags":[601],"class_list":["post-53206","post","type-post","status-publish","format-standard","has-post-thumbnail","hentry","category-spor","tag-demir"],"_links":{"self":[{"href":"https:\/\/bihavadis.com\/index.php\/wp-json\/wp\/v2\/posts\/53206","targetHints":{"allow":["GET"]}}],"collection":[{"href":"https:\/\/bihavadis.com\/index.php\/wp-json\/wp\/v2\/posts"}],"about":[{"href":"https:\/\/bihavadis.com\/index.php\/wp-json\/wp\/v2\/types\/post"}],"author":[{"embeddable":true,"href":"https:\/\/bihavadis.com\/index.php\/wp-json\/wp\/v2\/users\/1"}],"replies":[{"embeddable":true,"href":"https:\/\/bihavadis.com\/index.php\/wp-json\/wp\/v2\/comments?post=53206"}],"version-history":[{"count":1,"href":"https:\/\/bihavadis.com\/index.php\/wp-json\/wp\/v2\/posts\/53206\/revisions"}],"predecessor-version":[{"id":53209,"href":"https:\/\/bihavadis.com\/index.php\/wp-json\/wp\/v2\/posts\/53206\/revisions\/53209"}],"wp:featuredmedia":[{"embeddable":true,"href":"https:\/\/bihavadis.com\/index.php\/wp-json\/wp\/v2\/media\/53207"}],"wp:attachment":[{"href":"https:\/\/bihavadis.com\/index.php\/wp-json\/wp\/v2\/media?parent=53206"}],"wp:term":[{"taxonomy":"category","embeddable":true,"href":"https:\/\/bihavadis.com\/index.php\/wp-json\/wp\/v2\/categories?post=53206"},{"taxonomy":"post_tag","embeddable":true,"href":"https:\/\/bihavadis.com\/index.php\/wp-json\/wp\/v2\/tags?post=53206"}],"curies":[{"name":"wp","href":"https:\/\/api.w.org\/{rel}","templated":true}]}}