{"id":53255,"date":"2026-02-28T15:03:06","date_gmt":"2026-02-28T15:03:06","guid":{"rendered":"https:\/\/bihavadis.com\/?p=53255"},"modified":"2026-02-28T15:03:06","modified_gmt":"2026-02-28T15:03:06","slug":"yerel-uretime-destek-kayserinin-yerel-lezzetleri-carrefoursa-raflarinda","status":"publish","type":"post","link":"https:\/\/bihavadis.com\/index.php\/2026\/02\/28\/yerel-uretime-destek-kayserinin-yerel-lezzetleri-carrefoursa-raflarinda\/","title":{"rendered":"Yerel \u00fcretime destek: Kayseri\u2019nin yerel lezzetleri Carrefoursa raflar\u0131nda"},"content":{"rendered":"<p>Sabanc\u0131 Holding ve Carrefour Grup i\u015ftiraki CarrefourSA, yerel kalk\u0131nmay\u0131 destekleyen projelerine bir yenisini daha ekleyerek Kayseri Valili\u011fi ve Kayseri \u015eeker i\u015f birli\u011fiyle haz\u0131rlanan yerli bakliyat se\u00e7kisini hizmete sundu.<\/p>\n<p>Kayseri\u2019nin tar\u0131msal potansiyelini katma de\u011ferli \u00fcr\u00fcnlere d\u00f6n\u00fc\u015ft\u00fcren bu stratejik i\u015f birli\u011fi kapsam\u0131nda; yerli \u00fcretim nohut, kuru fasulye ve ye\u015fil mercimek, Ramazan ay\u0131 itibar\u0131yla t\u00fcm CarrefourSA reyonlar\u0131nda yerini al\u0131yor.<\/p>\n<p><strong>ANADOLU\u2019NUN BEREKETL\u0130 TOPRAKLARINDAN CARREFOURSA REYONLARINA<\/strong><\/p>\n<p>Kayseri\u2019nin tar\u0131msal potansiyelini y\u00fckseltmek amac\u0131yla ba\u015flat\u0131lan \u00e7al\u0131\u015fma sonucunda; yerli \u00fcretim 1 kg Carrefour Nohut, 1 kg Carrefour Kuru Fasulye ve 1 kg Carrefour Ye\u015fil Mercimek olmak \u00fczere \u00fc\u00e7 farkl\u0131 yerli \u00fcr\u00fcn, Kayseri \u015eeker\u2019in modern tesislerinde titizlikle \u00fcretiliyor. Kayseri Valili\u011fi\u2019nin himayesinde ger\u00e7ekle\u015ftirilen bu \u00fcretim s\u00fcreci, yerel \u00e7ift\u00e7inin pazara eri\u015fimini g\u00fc\u00e7lendirirken b\u00f6lgesel kalk\u0131nmaya da ivme kazand\u0131rmay\u0131 hedefliyor<\/p>\n<p><img decoding=\"async\" src=\"https:\/\/bihavadis.com\/wp-content\/uploads\/2026\/02\/yerel-uretime-destek-kayserinin-yerel-lezzetleri-carrefoursa-raflarinda-0-urkC4Cv3.jpg\"\/><\/p>\n<p><strong>\u201cYERL\u0130 \u00dcRET\u0130M\u0130 VE \u00c7\u0130FT\u00c7\u0130M\u0130Z\u0130 DESTEKLEMEK \u00d6NCEL\u0130\u011e\u0130M\u0130Z\u201d<\/strong><\/p>\n<p><b><em>&#8220;CarrefourSA olarak 32 y\u0131ld\u0131r yerel \u00fcretimin ve s\u00fcrd\u00fcr\u00fclebilir tar\u0131m\u0131n en b\u00fcy\u00fck destek\u00e7ilerinden biri olduk<\/em><\/b>\u201d diyen, CarrefourSA CEO\u2019su Kutay Kartall\u0131o\u011flu, \u015f\u00f6yle konu\u015ftu:<\/p>\n<p>Kayseri Valili\u011fi ve Kayseri \u015eeker ile hayata ge\u00e7irdi\u011fimiz bu k\u0131ymetli i\u015f birli\u011fi, kamu ve \u00f6zel sekt\u00f6r dayan\u0131\u015fmas\u0131n\u0131n en somut \u00f6rneklerinden biri. Kayseri\u2019nin bereketli topraklar\u0131nda yeti\u015fen yerli \u00fcretim nohut, kuru fasulye ve ye\u015fil mercime\u011fi, Carrefour markas\u0131yla ve y\u00fcksek kalite standartlar\u0131m\u0131zla m\u00fc\u015fterilerimize sunuyoruz. <\/p>\n<p>Bu projenin hem \u00fcreticimiz i\u00e7in bereketli bir kazan\u00e7 hem de t\u00fcketicimiz i\u00e7in g\u00fcvenilir bir se\u00e7enek olaca\u011f\u0131na inan\u0131yoruz. Yerel \u00fcretimin g\u00fcc\u00fcne duydu\u011fumuz g\u00fcvenle, 2026 y\u0131l\u0131nda da s\u00fcrd\u00fcr\u00fclebilir tar\u0131m\u0131 ve b\u00f6lgesel ekonomiyi destekleyen yat\u0131r\u0131mlar\u0131m\u0131za kararl\u0131l\u0131kla devam edece\u011fiz.<\/p>\n<div> <span><strong>Kaynak:<\/strong> Ensonhaber Haber Merkezi<\/span> <\/div>\n","protected":false},"excerpt":{"rendered":"<p>Sabanc\u0131 Holding ve Carrefour Grup i\u015ftiraki CarrefourSA, yerel kalk\u0131nmay\u0131 destekleyen projelerine bir yenisini daha ekleyerek Kayseri Valili\u011fi ve Kayseri \u015eeker i\u015f birli\u011fiyle haz\u0131rlanan yerli bakliyat se\u00e7kisini hizmete sundu. Kayseri\u2019nin tar\u0131msal &#8230;<\/p>\n","protected":false},"author":1,"featured_media":53256,"comment_status":"open","ping_status":"open","sticky":false,"template":"","format":"standard","meta":{"footnotes":""},"categories":[8],"tags":[6682,1568,375,2985],"class_list":["post-53255","post","type-post","status-publish","format-standard","has-post-thumbnail","hentry","category-ekonomi","tag-carrefour","tag-kayseri","tag-uretim","tag-yerli"],"_links":{"self":[{"href":"https:\/\/bihavadis.com\/index.php\/wp-json\/wp\/v2\/posts\/53255","targetHints":{"allow":["GET"]}}],"collection":[{"href":"https:\/\/bihavadis.com\/index.php\/wp-json\/wp\/v2\/posts"}],"about":[{"href":"https:\/\/bihavadis.com\/index.php\/wp-json\/wp\/v2\/types\/post"}],"author":[{"embeddable":true,"href":"https:\/\/bihavadis.com\/index.php\/wp-json\/wp\/v2\/users\/1"}],"replies":[{"embeddable":true,"href":"https:\/\/bihavadis.com\/index.php\/wp-json\/wp\/v2\/comments?post=53255"}],"version-history":[{"count":1,"href":"https:\/\/bihavadis.com\/index.php\/wp-json\/wp\/v2\/posts\/53255\/revisions"}],"predecessor-version":[{"id":53258,"href":"https:\/\/bihavadis.com\/index.php\/wp-json\/wp\/v2\/posts\/53255\/revisions\/53258"}],"wp:featuredmedia":[{"embeddable":true,"href":"https:\/\/bihavadis.com\/index.php\/wp-json\/wp\/v2\/media\/53256"}],"wp:attachment":[{"href":"https:\/\/bihavadis.com\/index.php\/wp-json\/wp\/v2\/media?parent=53255"}],"wp:term":[{"taxonomy":"category","embeddable":true,"href":"https:\/\/bihavadis.com\/index.php\/wp-json\/wp\/v2\/categories?post=53255"},{"taxonomy":"post_tag","embeddable":true,"href":"https:\/\/bihavadis.com\/index.php\/wp-json\/wp\/v2\/tags?post=53255"}],"curies":[{"name":"wp","href":"https:\/\/api.w.org\/{rel}","templated":true}]}}