{"id":53298,"date":"2026-02-28T15:39:41","date_gmt":"2026-02-28T15:39:41","guid":{"rendered":"https:\/\/bihavadis.com\/?p=53298"},"modified":"2026-02-28T15:39:41","modified_gmt":"2026-02-28T15:39:41","slug":"bakan-goktas-sundugumuz-tum-hizmetleri-kalici-ve-koklu-bir-sisteme-donusturecegiz","status":"publish","type":"post","link":"https:\/\/bihavadis.com\/index.php\/2026\/02\/28\/bakan-goktas-sundugumuz-tum-hizmetleri-kalici-ve-koklu-bir-sisteme-donusturecegiz\/","title":{"rendered":"Bakan G\u00f6kta\u015f: Sundu\u011fumuz t\u00fcm hizmetleri kal\u0131c\u0131 ve k\u00f6kl\u00fc bir sisteme d\u00f6n\u00fc\u015ft\u00fcrece\u011fiz"},"content":{"rendered":"<p>\n<p>A\u0130LE ve Sosyal Hizmetler Bakan\u0131 Mahinur \u00d6zdemir G\u00f6kta\u015f, &#8220;&#8216;Aile ve N\u00fcfus 10 Y\u0131l\u0131&#8217; vizyonuyla, 2026- 2035 y\u0131llar\u0131n\u0131 kapsayan d\u00f6nemde ger\u00e7ekle\u015ftirdi\u011fimiz t\u00fcm bu politikalar\u0131, sundu\u011fumuz t\u00fcm hizmetleri kal\u0131c\u0131 ve k\u00f6kl\u00fc bir sisteme d\u00f6n\u00fc\u015ft\u00fcrece\u011fiz&#8221; dedi.<\/p>\n<p> Aile ve Sosyal Hizmetler Bakan\u0131 Mahinur \u00d6zdemir G\u00f6kta\u015f, Afyonkarahisar&#8217;da 4 bin 370 hak sahibinin belirlenece\u011fi &#8216;Y\u00fczy\u0131l\u0131n Konut Projesi 500 Bin Sosyal Konut Ev Sahibi T\u00fcrkiye&#8217; kura \u00e7ekim t\u00f6renine kat\u0131ld\u0131. \u015eehit Kerim \u00dcye Konferans Salonu&#8217;nda ger\u00e7ekle\u015ftirilen programa kent protokol\u00fc ve ba\u015fvuru yapan vatanda\u015flar kat\u0131ld\u0131. Bakan Mahinur \u00d6zdemir G\u00f6kta\u015f t\u00f6rende yapt\u0131\u011f\u0131 konu\u015fmada, kura sonucu isimleri belirlenecek hak sahiplerinin heyecan\u0131na ortak olmak ve sevincini payla\u015fmaktan b\u00fcy\u00fck mutluluk duydu\u011funu s\u00f6yledi. Bakan G\u00f6kta\u015f, &#8220;Say\u0131n Cumhurba\u015fkan\u0131m\u0131z\u0131n g\u00fc\u00e7l\u00fc liderli\u011finde \u00fclkemizi, \u015fehirlerimizi eserle, hizmetle b\u00fcy\u00fct\u00fcyor, her ad\u0131mda T\u00fcrkiye&#8217;nin g\u00fcc\u00fcne g\u00fc\u00e7 kat\u0131yoruz. Kimseyi geride b\u0131rakamayan bir sosyal devlet anlay\u0131\u015f\u0131yla, her vatanda\u015f\u0131m\u0131z\u0131n hayat\u0131n\u0131 kolayla\u015ft\u0131ran, refah\u0131n\u0131 art\u0131ran yat\u0131r\u0131mlar\u0131 kararl\u0131l\u0131kla hayata ge\u00e7iriyoruz. 6 \u015eubat&#8217;ta ya\u015fad\u0131\u011f\u0131m\u0131z asr\u0131n felaketi, bize bir kez daha g\u00f6sterdi ki g\u00fc\u00e7l\u00fc \u015fehirler, g\u00fcvenli konutlarla kurulur. Bu vesileyle 3 y\u0131l \u00f6nce 6 \u015eubat&#8217;ta hayat\u0131n\u0131 kaybeden t\u00fcm karde\u015flerimize bir kez daha Allah&#8217;tan rahmet diliyorum. Bug\u00fcn T\u00fcrkiye&#8217;nin her yerinde dayan\u0131kl\u0131 yuvalar\u0131 kararl\u0131l\u0131kla in\u015fa ediyoruz. 81 ilimizin tamam\u0131nda hayata ge\u00e7irdi\u011fimiz 500 bin sosyal konut bu projelerden sadece biridir. Sosyal konutlar, \u015fehirlerimizin planl\u0131 b\u00fcy\u00fcmesini sa\u011flayan mahalle k\u00fclt\u00fcr\u00fcn\u00fc g\u00fc\u00e7lendiren bir yat\u0131r\u0131md\u0131r. Bug\u00fcn de hep birlikte Afyonkarahisar&#8217;\u0131m\u0131zda 4 bin 370 konutun hak sahiplerini belirleyece\u011fiz. Bu projede engelli ve \u015fehit yak\u0131nlar\u0131m\u0131z i\u00e7in de \u00f6zel bir kontenjan ayr\u0131ld\u0131. B\u00f6ylece 81 ilimizin tamam\u0131nda, vatanda\u015flar\u0131m\u0131z\u0131n ev sahibi olma hayalini &#8216;Y\u00fczy\u0131l\u0131n Konut Projesi&#8217; ile ger\u00e7ek k\u0131l\u0131yoruz&#8221; dedi.<\/p>\n<p>&#8216;A\u0130LE DE\u011eERLER\u0130M\u0130Z\u0130 VE GEN\u00c7 N\u00dcFUSU KORUYAN POL\u0130T\u0130KALAR HAYATA GE\u00c7\u0130RD\u0130K&#8217;<\/p>\n<p>Bir evi s\u0131cak yuvaya d\u00f6n\u00fc\u015ft\u00fcrenin g\u00fc\u00e7l\u00fc aile ba\u011flar\u0131 ve kom\u015fulukla b\u00fcy\u00fcyen dayan\u0131\u015fma iklimi oldu\u011funu vurgulayan Bakan G\u00f6kta\u015f, &#8220;Bu anlamda hayata ge\u00e7irilen her bir sosyal konut projesi &#8216;aile dostu&#8217; anlay\u0131\u015f\u0131m\u0131z\u0131n k\u0131ymetli bir par\u00e7as\u0131d\u0131r. 2025 Aile Y\u0131l\u0131, bu kapsamda toplumun t\u00fcm kesimlerinin seferber oldu\u011fu bir d\u00f6n\u00fcm noktas\u0131 oldu. Bu s\u00fcre\u00e7te aile de\u011ferlerimizi ve gen\u00e7 n\u00fcfusu koruyan politikalar hayata ge\u00e7irdik. Ailenin \u00f6nemini bizlere yeniden hat\u0131rlatan faaliyetler, etkinlikler ger\u00e7ekle\u015ftirdik. Evlenecek gen\u00e7lerimize ve \u00e7ocuk sahibi olmak isteyen ailelere sundu\u011fumuz desteklerle aile b\u00fct\u00e7esine katk\u0131 sa\u011flad\u0131k. &#8216;Aile ve N\u00fcfus 10 Y\u0131l\u0131&#8217; vizyonuyla da 2026- 2035 y\u0131llar\u0131n\u0131 kapsayan d\u00f6nemde ger\u00e7ekle\u015ftirdi\u011fimiz t\u00fcm bu politikalar\u0131, sundu\u011fumuz t\u00fcm hizmetleri kal\u0131c\u0131 ve k\u00f6kl\u00fc bir sisteme d\u00f6n\u00fc\u015ft\u00fcrece\u011fiz&#8221; diye konu\u015ftu.<\/p>\n<p>&#8216;A\u0130LELER\u0130N, KADINLARIN, GEN\u00c7LER\u0130N VE \u00c7OCUKLARIN YANINDAYIZ&#8217;<\/p>\n<p>Cumhurba\u015fkan\u0131 Recep Tayyip Erdo\u011fan&#8217;\u0131n deste\u011fiyle Afyonkarahisar&#8217;\u0131 yeni yat\u0131r\u0131mlarla g\u00fc\u00e7lendirmeye, \u00f6nc\u00fc \u015fehirlerden biri haline getirmeye gayret ettiklerini kaydeden Bakan Mahinur \u00d6zdemir G\u00f6kta\u015f, \u015f\u00f6yle devam etti: <\/p>\n<p>&#8220;Bu s\u00fcre zarf\u0131nda \u015fehrimize yakla\u015f\u0131k 139 milyar liral\u0131k yat\u0131r\u0131m ger\u00e7ekle\u015ftirdik. Bu yat\u0131r\u0131mlar\u0131n her biri Afyonkarahisar&#8217;\u0131n kalk\u0131nmas\u0131n\u0131 h\u0131zland\u0131ran, istihdam\u0131 art\u0131ran ve hem\u015ferilerimizin hayat kalitesini y\u00fckselten kal\u0131c\u0131 eserlerdir. Bu yat\u0131r\u0131mlar\u0131n her biri ula\u015f\u0131m\u0131 ve altyap\u0131y\u0131 g\u00fc\u00e7lendiren, ya\u015fam konforunu y\u00fckselten kapsaml\u0131 bir hamledir. Bu yat\u0131r\u0131mlar\u0131n her biri tar\u0131mda, sanayide \u00fcretimi b\u00fcy\u00fcten Afyonkarahisar&#8217;\u0131n ekonomisine yeni bir ivme kazand\u0131ran projelerdir. Sosyal alanda aile, kad\u0131n, \u00e7ocuk, engelli ve ya\u015fl\u0131lar\u0131m\u0131za y\u00f6nelik hizmetlerden, gen\u00e7lerimize d\u00f6n\u00fck desteklere kadar \u015fehrimizin her kesimine dokunan \u00e7al\u0131\u015fmalard\u0131r. Bu do\u011frultuda bakanl\u0131k olarak, aile ve sosyal hizmetler alan\u0131nda 10,8 milyar liral\u0131k yat\u0131r\u0131m ve desteklerle vatanda\u015flar\u0131m\u0131za dokunan hizmet a\u011f\u0131m\u0131z\u0131 b\u00fcy\u00fctt\u00fck. 10&#8217;unu sadece 1 y\u0131l i\u00e7inde a\u00e7t\u0131\u011f\u0131m\u0131z, 16 aile destek merkezlerimizle, ailelerin, kad\u0131nlar\u0131n, gen\u00e7lerin ve \u00e7ocuklar\u0131n yan\u0131nday\u0131z. 36 kurulu\u015fumuzla, Afyonkarahisar&#8217;\u0131n t\u00fcm il\u00e7elerine hizmetlerimizi ula\u015ft\u0131rd\u0131k. G\u00f6reve geldi\u011fimizde Afyon merkez huzurevinin yeniden in\u015fas\u0131 s\u00f6z\u00fcn\u00fc vermi\u015ftik. \u0130n\u015fallah Ocak 2027&#8217;de huzurevimizi hizmete a\u00e7aca\u011f\u0131z. Yine Afyonlu engelli ailelerimize s\u00f6z verdi\u011fimiz bir hizmeti, g\u00fcnd\u00fczl\u00fc engelsiz ya\u015fam merkezimizi \u015fehrimize kazand\u0131raca\u011f\u0131z. Di\u011fer yandan, evde bak\u0131m yard\u0131m\u0131yla 4 bin 367 Afyonlu vatanda\u015f\u0131m\u0131z\u0131n kendi evlerinde huzurla ya\u015famalar\u0131n\u0131 sa\u011fl\u0131yoruz. Bunun i\u00e7in sadece ge\u00e7ti\u011fimiz y\u0131l, evde bak\u0131m yard\u0131m\u0131yla sadece Afyonkarahisar&#8217;a 581,6 milyon lira kaynak aktard\u0131k. Ayr\u0131ca bug\u00fcn T\u00fcrkiye genelinde 5,4 milyar lira ya\u015fl\u0131 ayl\u0131\u011f\u0131 4,3 milyar lira engelli ayl\u0131\u011f\u0131 olmak \u00fczere toplam 9,7 milyar liral\u0131k destek \u00f6demelerini hak sahiplerinin hesaplar\u0131na yat\u0131rmaya ba\u015flad\u0131k. Bunun yan\u0131 s\u0131ra 2025 y\u0131l\u0131nda Sosyal Yard\u0131mla\u015fma ve Dayan\u0131\u015fma Vak\u0131flar\u0131yla 39 bin 328 Afyonlu hane i\u00e7in 2 milyar lira d\u00fczenli yard\u0131m sa\u011flad\u0131k. Bug\u00fcn, memleketime yeni bir hizmet daha sunman\u0131n mutlulu\u011funu ya\u015f\u0131yorum. Halil R\u0131fat Pa\u015fa&#8217;n\u0131n bir s\u00f6z\u00fc vard\u0131r, &#8216;Gidemedi\u011fin yer senin de\u011fildir&#8217;. Biz de bu anlay\u0131\u015fla, her vatanda\u015f\u0131m\u0131za ula\u015facak Mobil Sosyal Hizmet Ara\u00e7lar\u0131m\u0131z\u0131 bug\u00fcn hizmete a\u00e7\u0131yoruz. Hizmet ara\u00e7lar\u0131m\u0131z Afyonkarahisar&#8217;da her mahalleye, her k\u00f6ye ula\u015facak. B\u00f6ylece, kap\u0131s\u0131n\u0131 \u00e7almad\u0131\u011f\u0131m\u0131z hane, elini tutmad\u0131\u011f\u0131m\u0131z hem\u015fehrimiz kalmayacak. Sosyal devletin \u015fefkatini, s\u0131cakl\u0131\u011f\u0131n\u0131 Afyonkarahisar&#8217;\u0131n her mahallesine, her k\u00f6y\u00fcne ula\u015ft\u0131raca\u011f\u0131z.&#8221;<\/p>\n<p>\u00c7ekilecek kura ile Afyonkarahisar&#8217;da binlerce ailenin hayat\u0131nda yeni bir sayfa a\u00e7\u0131laca\u011f\u0131n\u0131 kaydeden Bakan G\u00f6kta\u015f, &#8220;Bug\u00fcn hak sahibi olan ailelerimiz i\u00e7in devletimizin s\u00f6z\u00fc bir kez daha yerine gelecek. \u015eunu ayr\u0131ca vurgulamak isterim ki bu projeyle bu g\u00fczel \u015fehre sadece konut kazand\u0131rm\u0131yoruz; mahalle k\u00fclt\u00fcr\u00fcn\u00fc, kom\u015fuluk hukukunu, \u00e7ocuklar\u0131m\u0131z\u0131n g\u00fcvenle b\u00fcy\u00fcyece\u011fi \u015fehirlerimizi g\u00fc\u00e7lendiriyoruz. Afyonkarahisar&#8217;\u0131n her il\u00e7esinde, her mahallesinde sosyal hizmetin g\u00fcc\u00fcn\u00fc daha da g\u00f6r\u00fcn\u00fcr k\u0131l\u0131yoruz&#8221; dedi. <\/p>\n<p>Aile ve Sosyal Hizmetler Bakan\u0131 Mahinur \u00d6zdemir G\u00f6kta\u015f&#8217;\u0131n konu\u015fmas\u0131n\u0131n ard\u0131ndan hak sahiplerini belirlemek \u00fczere kura \u00e7ekimi ger\u00e7ekle\u015ftirildi. <\/p>\n","protected":false},"excerpt":{"rendered":"<p>A\u0130LE ve Sosyal Hizmetler Bakan\u0131 Mahinur \u00d6zdemir G\u00f6kta\u015f, &#8220;&#8216;Aile ve N\u00fcfus 10 Y\u0131l\u0131&#8217; vizyonuyla, 2026- 2035 y\u0131llar\u0131n\u0131 kapsayan d\u00f6nemde ger\u00e7ekle\u015ftirdi\u011fimiz t\u00fcm bu politikalar\u0131, sundu\u011fumuz t\u00fcm hizmetleri kal\u0131c\u0131 ve k\u00f6kl\u00fc bir sisteme d\u00f6n\u00fc\u015ft\u00fcrece\u011fiz&#8221; dedi.<\/p>\n","protected":false},"author":1,"featured_media":53299,"comment_status":"open","ping_status":"open","sticky":false,"template":"","format":"standard","meta":{"footnotes":""},"categories":[9,4,13],"tags":[250,436,1946,818,172],"class_list":["post-53298","post","type-post","status-publish","format-standard","has-post-thumbnail","hentry","category-genel","category-gundem","category-son-dakika","tag-aile","tag-bakan","tag-guc","tag-konut","tag-sosyal"],"_links":{"self":[{"href":"https:\/\/bihavadis.com\/index.php\/wp-json\/wp\/v2\/posts\/53298","targetHints":{"allow":["GET"]}}],"collection":[{"href":"https:\/\/bihavadis.com\/index.php\/wp-json\/wp\/v2\/posts"}],"about":[{"href":"https:\/\/bihavadis.com\/index.php\/wp-json\/wp\/v2\/types\/post"}],"author":[{"embeddable":true,"href":"https:\/\/bihavadis.com\/index.php\/wp-json\/wp\/v2\/users\/1"}],"replies":[{"embeddable":true,"href":"https:\/\/bihavadis.com\/index.php\/wp-json\/wp\/v2\/comments?post=53298"}],"version-history":[{"count":1,"href":"https:\/\/bihavadis.com\/index.php\/wp-json\/wp\/v2\/posts\/53298\/revisions"}],"predecessor-version":[{"id":53300,"href":"https:\/\/bihavadis.com\/index.php\/wp-json\/wp\/v2\/posts\/53298\/revisions\/53300"}],"wp:featuredmedia":[{"embeddable":true,"href":"https:\/\/bihavadis.com\/index.php\/wp-json\/wp\/v2\/media\/53299"}],"wp:attachment":[{"href":"https:\/\/bihavadis.com\/index.php\/wp-json\/wp\/v2\/media?parent=53298"}],"wp:term":[{"taxonomy":"category","embeddable":true,"href":"https:\/\/bihavadis.com\/index.php\/wp-json\/wp\/v2\/categories?post=53298"},{"taxonomy":"post_tag","embeddable":true,"href":"https:\/\/bihavadis.com\/index.php\/wp-json\/wp\/v2\/tags?post=53298"}],"curies":[{"name":"wp","href":"https:\/\/api.w.org\/{rel}","templated":true}]}}