{"id":53309,"date":"2026-02-28T15:48:08","date_gmt":"2026-02-28T15:48:08","guid":{"rendered":"https:\/\/bihavadis.com\/?p=53309"},"modified":"2026-02-28T15:48:08","modified_gmt":"2026-02-28T15:48:08","slug":"victor-osimhen-dunya-devlerinin-radarinda","status":"publish","type":"post","link":"https:\/\/bihavadis.com\/index.php\/2026\/02\/28\/victor-osimhen-dunya-devlerinin-radarinda\/","title":{"rendered":"Victor Osimhen, d\u00fcnya devlerinin radar\u0131nda!"},"content":{"rendered":"<p>Avrupa futbolunda yaz transfer d\u00f6nemi hen\u00fcz resmen ba\u015flamad\u0131 ancak kulisler \u015fimdiden \u0131s\u0131n\u0131yor.<\/p>\n<p>Is\u0131nan bu kulislerin ba\u015f\u0131nda gelen isimlerden biri de Galatasaray&#8217;\u0131n Nijeryal\u0131 golc\u00fcs\u00fc Victor Osimhen&#8230;<\/p>\n<p>Galatasaray hem ligde hem \u015eampiyonlar Ligi&#8217;nde yoluna doludizgin devam ederken Osimhen de Avrupa devlerinin transfer radar\u0131na \u015fimdiden girmi\u015f durumda.<\/p>\n<p><strong>\u0130SPANYOLLAR YAZDI: PSG, BAYERN VE ATLETICO TAK\u0130P ED\u0130YOR!<\/strong><\/p>\n<p>Osimhen&#8217;le ilgili son iddia ise \u0130spanya bas\u0131n\u0131ndan geldi.<\/p>\n<p>Fichajes&#8217;te yer alan habere g\u00f6re; PSG, Bayern M\u00fcnih ve Atletico Madrid, Nijeryal\u0131 golc\u00fcy\u00fc takibe ald\u0131.<\/p>\n<p>Bu kul\u00fcplerin ortak noktas\u0131 ise b\u00fcy\u00fck Avrupa gecelerinde fark yaratabilecek, oyunun kaderini tek ba\u015f\u0131na de\u011fi\u015ftirebilecek bir santrfor aray\u0131\u015f\u0131.<\/p>\n<p><img decoding=\"async\" src=\"https:\/\/bihavadis.com\/wp-content\/uploads\/2026\/02\/victor-osimhen-dunya-devlerinin-radarinda-0-ZAtQLJcb.jpg\"\/><\/p>\n<p><strong>&#8220;YAZ TRANSFER D\u00d6NEM\u0130N\u0130N K\u0130L\u0130T \u0130SM\u0130 OLAB\u0130L\u0130R&#8221;<\/strong><\/p>\n<p>S\u00f6z konusu haberde, 27 ya\u015f\u0131ndaki santrforla ilgili \u015fu ifadelere yer verildi:<\/p>\n<p>&#8220;Victor Osimhen, yakla\u015fan yaz transfer d\u00f6neminin kilit isimlerinden biri olmaya aday g\u00f6r\u00fcn\u00fcyor. Performans\u0131 ve uluslararas\u0131 itibar\u0131, onu bir\u00e7ok Avrupa devinin aras\u0131nda k\u0131yas\u0131ya ge\u00e7mesi beklenen bir transfer yar\u0131\u015f\u0131n\u0131n merkezine yerle\u015ftirdi.&#8221;<\/p>\n<p><img decoding=\"async\" src=\"https:\/\/bihavadis.com\/wp-content\/uploads\/2026\/02\/victor-osimhen-dunya-devlerinin-radarinda-1-PUMcXGNR.jpg\"\/><\/p>\n<p><strong>&#8220;AVRUPA&#8217;DA KEND\u0130N\u0130 KANITLADI&#8221;<\/strong><\/p>\n<p>&#8220;Galatasaray&#8217;\u0131n Nijeryal\u0131 forveti, b\u00fcy\u00fck kul\u00fcplerin radar\u0131na yeniden girdi. Transferi, yaz\u0131n en b\u00fcy\u00fck transfer olaylar\u0131ndan biri olmaya aday g\u00f6r\u00fcn\u00fcyor. Victor Osimhen, elit bir forvet oyuncusu. G\u00fc\u00e7l\u00fc, a\u00e7\u0131k alanda agresif ve do\u011fal bir golc\u00fcl\u00fck i\u00e7g\u00fcd\u00fcs\u00fcne sahip olan Osimhen, Avrupa&#8217;n\u0131n en etkili h\u00fccum oyuncular\u0131ndan biri olarak kendini kan\u0131tlad\u0131.&#8221;<\/p>\n<p><img decoding=\"async\" src=\"https:\/\/bihavadis.com\/wp-content\/uploads\/2026\/02\/victor-osimhen-dunya-devlerinin-radarinda-2-UBAb83ym.jpg\"\/><\/p>\n<p><strong>&#8220;B\u00dcY\u00dcK MA\u00c7LARDA FARK YARATACAK FORVET ARIYORLAR&#8221;<\/strong><\/p>\n<p>&#8220;Ad\u0131; Atletico Madrid, Bayern M\u00fcnih ve Paris Saint-Germain gibi kul\u00fcplerle an\u0131l\u0131yor. Bu 3 kul\u00fcp de, b\u00fcy\u00fck ma\u00e7larda fark yaratabilecek bir forvet ar\u0131yor.&#8221;<\/p>\n<p><img decoding=\"async\" src=\"https:\/\/bihavadis.com\/wp-content\/uploads\/2026\/02\/victor-osimhen-dunya-devlerinin-radarinda-3-Ve6Qy8yI.jpg\"\/> <\/p>\n<div> <span><strong>Kaynak:<\/strong> Ensonhaber Haber Merkezi<\/span> <\/div>\n","protected":false},"excerpt":{"rendered":"<p>Avrupa futbolunda yaz transfer d\u00f6nemi hen\u00fcz resmen ba\u015flamad\u0131 ancak kulisler \u015fimdiden \u0131s\u0131n\u0131yor. Is\u0131nan bu kulislerin ba\u015f\u0131nda gelen isimlerden biri de Galatasaray&#8217;\u0131n Nijeryal\u0131 golc\u00fcs\u00fc Victor Osimhen&#8230; Galatasaray hem ligde hem \u015eampiyonlar Ligi&#8217;nde &#8230;<\/p>\n","protected":false},"author":1,"featured_media":53310,"comment_status":"open","ping_status":"open","sticky":false,"template":"","format":"standard","meta":{"footnotes":""},"categories":[14],"tags":[1090,2519,404,6687],"class_list":["post-53309","post","type-post","status-publish","format-standard","has-post-thumbnail","hentry","category-spor","tag-avrupa","tag-osimhen","tag-transfer","tag-yaz"],"_links":{"self":[{"href":"https:\/\/bihavadis.com\/index.php\/wp-json\/wp\/v2\/posts\/53309","targetHints":{"allow":["GET"]}}],"collection":[{"href":"https:\/\/bihavadis.com\/index.php\/wp-json\/wp\/v2\/posts"}],"about":[{"href":"https:\/\/bihavadis.com\/index.php\/wp-json\/wp\/v2\/types\/post"}],"author":[{"embeddable":true,"href":"https:\/\/bihavadis.com\/index.php\/wp-json\/wp\/v2\/users\/1"}],"replies":[{"embeddable":true,"href":"https:\/\/bihavadis.com\/index.php\/wp-json\/wp\/v2\/comments?post=53309"}],"version-history":[{"count":1,"href":"https:\/\/bihavadis.com\/index.php\/wp-json\/wp\/v2\/posts\/53309\/revisions"}],"predecessor-version":[{"id":53315,"href":"https:\/\/bihavadis.com\/index.php\/wp-json\/wp\/v2\/posts\/53309\/revisions\/53315"}],"wp:featuredmedia":[{"embeddable":true,"href":"https:\/\/bihavadis.com\/index.php\/wp-json\/wp\/v2\/media\/53310"}],"wp:attachment":[{"href":"https:\/\/bihavadis.com\/index.php\/wp-json\/wp\/v2\/media?parent=53309"}],"wp:term":[{"taxonomy":"category","embeddable":true,"href":"https:\/\/bihavadis.com\/index.php\/wp-json\/wp\/v2\/categories?post=53309"},{"taxonomy":"post_tag","embeddable":true,"href":"https:\/\/bihavadis.com\/index.php\/wp-json\/wp\/v2\/tags?post=53309"}],"curies":[{"name":"wp","href":"https:\/\/api.w.org\/{rel}","templated":true}]}}