{"id":5335,"date":"2026-01-29T22:57:04","date_gmt":"2026-01-29T22:57:04","guid":{"rendered":"https:\/\/bihavadis.com\/?p=5335"},"modified":"2026-01-29T22:57:04","modified_gmt":"2026-01-29T22:57:04","slug":"yangin-riskleri-ve-mucadele-yontemleri-konusuldu","status":"publish","type":"post","link":"https:\/\/bihavadis.com\/index.php\/2026\/01\/29\/yangin-riskleri-ve-mucadele-yontemleri-konusuldu\/","title":{"rendered":"Yang\u0131n riskleri ve m\u00fccadele y\u00f6ntemleri konu\u015fuldu"},"content":{"rendered":"<p>\u0130zmir B\u00fcy\u00fck\u015fehir Belediyesi\u2019nin meslek odalar\u0131 i\u015f birli\u011fi ile bu y\u0131l 5\u2019incisini d\u00fczenledi\u011fi Uluslararas\u0131 Kat\u0131l\u0131ml\u0131 Yang\u0131n Sempozyumu ve Sergisi, alan\u0131nda uzman isimleri \u0130zmir\u2019de bulu\u015fturdu. K\u00fcresel iklim krizi sonucu artan \u00e7evresel sorunlar\u0131n ele al\u0131nd\u0131\u011f\u0131, bunlara y\u00f6nelik \u00f6nlemlerin konu\u015fuldu\u011fu sempozyumda afetlerle m\u00fccadelede yenilik\u00e7i \u00e7\u00f6z\u00fcmlerin \u00f6nemine de\u011finildi.<\/p>\n<p>\u0130zmir B\u00fcy\u00fck\u015fehir Belediyesi \u0130tfaiye Dairesi Ba\u015fkanl\u0131\u011f\u0131 ile T\u00fcrk M\u00fchendis ve Mimar Odalar\u0131 Birli\u011fi&#8217;ne (TMMOB) ba\u011fl\u0131 meslek odalar\u0131 i\u015f birli\u011fiyle bu y\u0131l 3-4 Ekim tarihleri aras\u0131nda 5. kez d\u00fczenlenen Uluslararas\u0131 Kat\u0131l\u0131ml\u0131 Yang\u0131n Sempozyumu ve Sergisi ba\u015flad\u0131. Tepekule Kongre Merkezi&#8217;nde yap\u0131lan sempozyumun a\u00e7\u0131l\u0131\u015f\u0131na \u0130zmir B\u00fcy\u00fck\u015fehir Belediyesi Meclis Ba\u015fkan Vekili Altan \u0130nan\u00e7, \u0130zmir B\u00fcy\u00fck\u015fehir Belediyesi Genel Sekreter Yard\u0131mc\u0131s\u0131 \u015e\u00fckran Nurlu, \u0130zmir B\u00fcy\u00fck\u015fehir Belediyesi \u0130tfaiye Dairesi Ba\u015fkan Vekili Ya\u015far Korkmaz, \u0130ngiltere, Danimarka, Amerika&#8217;dan ve T\u00fcrkiye\u2019nin pek \u00e7ok b\u00f6lgesinden uzmanlar kat\u0131ld\u0131. Sempozyumda; yang\u0131n, sel gibi afetlere y\u00f6nelik al\u0131nabilecek \u00f6nlemler konu\u015fuldu.<\/p>\n<p><strong>\u201c\u0130zmir \u0130tfaiyesi b\u00fcy\u00fck bir ciddiyetle \u00e7al\u0131\u015f\u0131yor\u201d<\/strong><\/p>\n<p>Program\u0131n a\u00e7\u0131l\u0131\u015f konu\u015fmas\u0131n\u0131 yapan \u0130zmir B\u00fcy\u00fck\u015fehir Belediyesi Meclis Ba\u015fkan Vekili Altan \u0130nan\u00e7, sempozyumun her y\u0131l b\u00fcy\u00fcyerek, geli\u015ferek devam etmesini ama\u00e7lad\u0131klar\u0131n\u0131 vurgulad\u0131. Yang\u0131nlar\u0131n art\u0131k ciddi bir tehdide d\u00f6n\u00fc\u015ft\u00fc\u011f\u00fcn\u00fcn alt\u0131n\u0131 \u00e7izen \u0130nan\u00e7, \u201cBunda kentlerin b\u00fcy\u00fcmesi, sanayile\u015fmenin etkisi de b\u00fcy\u00fck. \u00d6zellikle \u00fclkemizin b\u00fcy\u00fck \u015fehirlerinde bulunan end\u00fcstri tesislerinde meydana gelecek yang\u0131nlara haz\u0131rl\u0131kl\u0131 olmak, b\u00fcy\u00fck \u00f6nem ta\u015f\u0131yor. \u0130zmir b\u00fcy\u00fck bir \u015fehir. Ciddi yang\u0131nlar atlatt\u0131. Yamanlar yang\u0131n\u0131n\u0131n kente inmesini engelleyen itfaiyeci karde\u015flerime te\u015fekk\u00fcr ediyorum. \u0130zmir \u0130tfaiyesi kadim bir kurum. Yak\u0131n zamanda ya\u015fad\u0131\u011f\u0131m\u0131z b\u00fcy\u00fck orman yang\u0131nlar\u0131na da m\u00fcdahale etmekte b\u00fcy\u00fck ba\u015far\u0131 sa\u011flad\u0131k. \u015eehirlerimiz h\u0131zla geli\u015fiyor. B\u00fcy\u00fck al\u0131\u015fveri\u015f merkezleri, b\u00fcy\u00fck organize sanayi b\u00f6lgeleri var. Bu b\u00fcy\u00fcme sorunlar\u0131 da beraberinde getiriyor. Sel ve su bask\u0131nlar\u0131, yang\u0131nlar b\u00fcy\u00fck bir tehdit olu\u015fturuyor. \u015eehirlerimizi daha g\u00fcvenli hale getirmek, \u015fehirlerde ya\u015fayanlar\u0131n g\u00fcvenli\u011fini sa\u011flamak \u00e7ok \u00f6nemli. Bu nedenle itfaiye te\u015fkilat\u0131n\u0131n g\u00fc\u00e7lenmesi, kendini yenilemesi, teknolojik geli\u015fmeleri takip etmesi gerekiyor. Bizim itfaiye kurumumuz b\u00f6yle bir kurum. B\u00fcy\u00fck bir ciddiyetle \u00e7al\u0131\u015fmaktay\u0131z\u201d diye konu\u015ftu.<\/p>\n<p><strong>\u201cYang\u0131nlar en b\u00fcy\u00fck tehdit\u201d<\/strong><\/p>\n<p>Meslek odalar\u0131 ad\u0131na konu\u015fan Makine M\u00fchendisleri Odas\u0131 \u0130zmir \u015eubesi Ba\u015fkan\u0131\u00a0<strong>Ziya Haktan Karadeniz ise y<\/strong>ang\u0131nlar\u0131n, do\u011fal afetler i\u00e7erisindeki en b\u00fcy\u00fck tehditlerden biri oldu\u011funu s\u00f6yledi. Karadeniz, \u201c\u0130klim de\u011fi\u015fikli\u011finin de etkisiyle hem yang\u0131n say\u0131lar\u0131 hem de yang\u0131n\u0131n y\u0131k\u0131c\u0131l\u0131\u011f\u0131 art\u0131yor. Bu felaket sadece do\u011fal zararlara neden olmuyor. \u00c7evresel etkiler nedeniyle insan sa\u011fl\u0131\u011f\u0131 i\u00e7in de ciddi bir tehdit olu\u015fturuyor. Bu nedenle yang\u0131n g\u00fcvenli\u011fi konusu sadece m\u00fchendislik ve teknoloji sorunu de\u011fil. Ayn\u0131 zamanda \u00e7evresel bir sorumluluk\u201d dedi.\u00a0\u00a0<\/p>\n<p><strong>\u201c\u0130zmir \u0130tfaiyesi teknolojik geli\u015fmeleri yak\u0131ndan takip ediyor\u201d<\/strong><\/p>\n<p>\u0130zmir B\u00fcy\u00fck\u015fehir Belediyesi \u0130tfaiye Dairesi Ba\u015fkanl\u0131\u011f\u0131 E\u011fitim \u015eube M\u00fcd\u00fcr\u00fc Serkan Korkmaz da sempozyumda yang\u0131n\u0131 \u00f6nleme, denetleme ve s\u00f6nd\u00fcrme konular\u0131na odakland\u0131klar\u0131n\u0131 anlatt\u0131. Korkmaz, \u201cD\u00fczenledi\u011fimiz bu sempozyum T\u00fcrkiye\u2019de meslek odalar\u0131 i\u015f birli\u011fi ile yap\u0131lan tek sempozyum. Yurtta\u015flar\u0131, bu alanda \u00e7al\u0131\u015fan insanlar\u0131 bilin\u00e7lendirme, teknolojik geli\u015fmeleri takip etme anlam\u0131nda \u00f6nemli bir \u00e7al\u0131\u015fma. Teknolojik geli\u015fmeleri takip ederek, yang\u0131nlar\u0131 \u00f6nleyebiliyoruz. Daha h\u0131zl\u0131 m\u00fcdahale edebiliyoruz\u201d dedi.<\/p>\n<p><strong>\u201c\u0130tfaiyecilik meslek olmal\u0131\u201d<\/strong><\/p>\n<p>Kamu Y\u00f6netimi Derne\u011fi Ba\u015fkan Yard\u0131mc\u0131s\u0131 Sonay Bayramo\u011flu \u00d6zu\u011furlu ise itfaiye ekiplerinin sadece yang\u0131nlara m\u00fcdahale etmedi\u011fini belirterek, \u015funlar\u0131 s\u00f6yledi: \u201c\u0130tfaiyecilerin kaza, sel olaylar\u0131, hayvan kurtarma gibi b\u00fcy\u00fck bir sorumluluk alan\u0131 var. O nedenle itfaiye te\u015fkilat\u0131 \u00e7ok \u00f6nemli. \u0130tfaiyecili\u011fin bir an \u00f6nce meslek olmas\u0131 gerekiyor.\u201d<\/p>\n<p><strong>End\u00fcstriyel yang\u0131nlarla m\u00fccadele y\u00f6netmeleri<\/strong><\/p>\n<p>Uluslararas\u0131 End\u00fcstriyel Acil Durum Hizmetleri Y\u00f6netimi \u00d6rg\u00fct\u00fc (JOIFF) Ba\u015fkan\u0131 Kevin Deveson da bu alanda meydana gelecek yang\u0131nlar\u0131 \u00f6nlemek i\u00e7in at\u0131lacak ad\u0131mlar\u0131 anlatt\u0131. Deveson, \u201cEnd\u00fcstrinin risk durumunu ele al\u0131yoruz. Buna kar\u015f\u0131 acil olarak nas\u0131l hemen m\u00fcdahale edebiliriz? Bunun m\u00fccadele y\u00f6ntemleri nas\u0131l olmal\u0131? Ekipman \u00fcreticileri i\u00e7in, kullan\u0131lan ekipmanlar ve \u00e7al\u0131\u015fanlar i\u00e7in \u00f6nemini anlamaya \u00e7al\u0131\u015f\u0131yoruz. Yanma sonucu \u00e7ok y\u00fcksek riskli kimyasal madde \u00e7\u0131karbilir. Bunlar\u0131n \u00f6nlenmesi, bunlara m\u00fcdahale i\u00e7in neler yapabiliriz? End\u00fcstriyel yang\u0131nlar\u0131n sadece topluma ve \u00e7evreye zarar\u0131 yok. Pazar ve m\u00fc\u015fteriler i\u00e7in de ciddi sorunlar yarat\u0131yor. Do\u011fru risk analizleri, risk y\u00f6netimleri ile bunlar\u0131 \u00f6nleme, azaltma e\u011fitimleri veriyoruz. \u0130nsanlar\u0131 do\u011fru \u015fekilde e\u011fitmek istiyoruz\u201d dedi.<\/p>\n<p><strong>Bildiri yay\u0131nlanacak<\/strong><\/p>\n<p>Yang\u0131n\u0131 \u00f6nleme, denetleme ve s\u00f6nd\u00fcrme konular\u0131n\u0131n kapsaml\u0131 \u015fekilde ele al\u0131nd\u0131\u011f\u0131 ve sekt\u00f6r\u00fcn uzman isimlerinin bilgilerini kat\u0131l\u0131mc\u0131larla payla\u015ft\u0131\u011f\u0131 sempozyumda, yenilik\u00e7i \u00e7\u00f6z\u00fcmler ve teknolojiler tan\u0131t\u0131l\u0131yor. Geni\u015f bir bilgi al\u0131\u015fveri\u015fi imkan\u0131n\u0131n sa\u011fland\u0131\u011f\u0131 programda, \u015fehirler ve \u00fclkeler aras\u0131nda i\u015f birli\u011fi olanaklar\u0131 artt\u0131r\u0131l\u0131yor. 4 Ekim\u2019de sona erecek sempozyumda 59 bildiri sunulacak, 18 oturum, 1 panel d\u00fczenlenecek. Sempozyumun sonunda, tavsiye niteli\u011finde bir bildiri yay\u0131nlanacak.<\/p>\n<p>Kaynak: (BYZHA) Beyaz Haber Ajans\u0131<\/p>\n","protected":false},"excerpt":{"rendered":"<p>\u0130zmir B\u00fcy\u00fck\u015fehir Belediyesi\u2019nin meslek odalar\u0131 i\u015f birli\u011fi ile bu y\u0131l 5\u2019incisini d\u00fczenledi\u011fi Uluslararas\u0131 Kat\u0131l\u0131ml\u0131 Yang\u0131n Sempozyumu ve Sergisi, alan\u0131nda uzman isimleri \u0130zmir\u2019de bulu\u015fturdu. K\u00fcresel iklim krizi sonucu artan \u00e7evresel sorunlar\u0131n ele &#8230;<\/p>\n","protected":false},"author":1,"featured_media":5336,"comment_status":"open","ping_status":"open","sticky":false,"template":"","format":"standard","meta":{"footnotes":""},"categories":[4],"tags":[516,540,978,439,600],"class_list":["post-5335","post","type-post","status-publish","format-standard","has-post-thumbnail","hentry","category-gundem","tag-baskan","tag-itfaiye","tag-izmir","tag-meslek","tag-yangin"],"_links":{"self":[{"href":"https:\/\/bihavadis.com\/index.php\/wp-json\/wp\/v2\/posts\/5335","targetHints":{"allow":["GET"]}}],"collection":[{"href":"https:\/\/bihavadis.com\/index.php\/wp-json\/wp\/v2\/posts"}],"about":[{"href":"https:\/\/bihavadis.com\/index.php\/wp-json\/wp\/v2\/types\/post"}],"author":[{"embeddable":true,"href":"https:\/\/bihavadis.com\/index.php\/wp-json\/wp\/v2\/users\/1"}],"replies":[{"embeddable":true,"href":"https:\/\/bihavadis.com\/index.php\/wp-json\/wp\/v2\/comments?post=5335"}],"version-history":[{"count":1,"href":"https:\/\/bihavadis.com\/index.php\/wp-json\/wp\/v2\/posts\/5335\/revisions"}],"predecessor-version":[{"id":5337,"href":"https:\/\/bihavadis.com\/index.php\/wp-json\/wp\/v2\/posts\/5335\/revisions\/5337"}],"wp:featuredmedia":[{"embeddable":true,"href":"https:\/\/bihavadis.com\/index.php\/wp-json\/wp\/v2\/media\/5336"}],"wp:attachment":[{"href":"https:\/\/bihavadis.com\/index.php\/wp-json\/wp\/v2\/media?parent=5335"}],"wp:term":[{"taxonomy":"category","embeddable":true,"href":"https:\/\/bihavadis.com\/index.php\/wp-json\/wp\/v2\/categories?post=5335"},{"taxonomy":"post_tag","embeddable":true,"href":"https:\/\/bihavadis.com\/index.php\/wp-json\/wp\/v2\/tags?post=5335"}],"curies":[{"name":"wp","href":"https:\/\/api.w.org\/{rel}","templated":true}]}}