{"id":53376,"date":"2026-02-28T16:33:07","date_gmt":"2026-02-28T16:33:07","guid":{"rendered":"https:\/\/bihavadis.com\/?p=53376"},"modified":"2026-02-28T16:33:07","modified_gmt":"2026-02-28T16:33:07","slug":"mardinde-cocugu-ahirda-darbeden-supheli-tekrar-gozaltina-alindi","status":"publish","type":"post","link":"https:\/\/bihavadis.com\/index.php\/2026\/02\/28\/mardinde-cocugu-ahirda-darbeden-supheli-tekrar-gozaltina-alindi\/","title":{"rendered":"Mardin&#8217;de \u00e7ocu\u011fu ah\u0131rda darbeden \u015f\u00fcpheli tekrar g\u00f6zalt\u0131na al\u0131nd\u0131"},"content":{"rendered":"<p>Mardin&#8217;in Savur il\u00e7esinde,\u00a0k\u00f6yde babas\u0131yla ya\u015fayan 17 ya\u015f\u0131ndaki erkek \u00e7ocu\u011fu, g\u00fcvercinlerini \u00e7ald\u0131\u011f\u0131n\u0131 \u00f6ne s\u00fcren ki\u015fi taraf\u0131ndan ah\u0131ra g\u00f6t\u00fcr\u00fcld\u00fc.<\/p>\n<p>\u00c7ocu\u011fun \u00fczerini \u00e7\u0131karan \u015f\u00fcpheli, g\u00fcvercinlerin yerini s\u00f6ylemesi i\u00e7in darbetti.<\/p>\n<p><strong>AHIRA GET\u0130RD\u0130\u011e\u0130 K\u00d6PEKLE TEHD\u0130T ETT\u0130<\/strong><\/p>\n<p>\u015e\u00fcpheli daha sonra ah\u0131ra getirdi\u011fi k\u00f6pe\u011fi \u00e7ocu\u011fun \u00fczerine salmakla tehdit etti.<\/p>\n<p>Bir s\u00fcre sonra serbest b\u0131rak\u0131lan \u00e7ocu\u011fun \u015fikayetiyle \u015f\u00fcpheli g\u00f6zalt\u0131na al\u0131nd\u0131.<\/p>\n<p><img decoding=\"async\" src=\"https:\/\/bihavadis.com\/wp-content\/uploads\/2026\/02\/mardinde-cocugu-ahirda-darbeden-supheli-tekrar-gozaltina-alindi-0-rG53j1Jj.jpg\"\/><\/p>\n<p><strong>TEHD\u0130T SEBEB\u0130YLE \u015e\u0130KAYET\u0130N\u0130 GER\u0130 \u00c7EKT\u0130<\/strong><\/p>\n<p>\u00c7ocu\u011fun, ald\u0131\u011f\u0131 tehditler nedeniyle \u015fikayetini geri \u00e7ekti\u011fi \u00f6ne s\u00fcr\u00fcld\u00fc.<\/p>\n<p>\u015e\u00fcpheli serbest b\u0131rak\u0131ld\u0131.<\/p>\n<p><img decoding=\"async\" src=\"https:\/\/bihavadis.com\/wp-content\/uploads\/2026\/02\/mardinde-cocugu-ahirda-darbeden-supheli-tekrar-gozaltina-alindi-1-1ebbc9YI.jpg\"\/><\/p>\n<p><strong>ANNES\u0130 SANAL MEDYADA PAYLA\u015eTI<\/strong><\/p>\n<p>Ailesinden ayr\u0131 ya\u015fayan \u00e7ocu\u011fun annesi, o\u011fluna ula\u015famad\u0131\u011f\u0131n\u0131 ve babas\u0131 taraf\u0131ndan g\u00f6r\u00fc\u015fmesinin engellendi\u011fini iddia edip, can g\u00fcvenli\u011finden endi\u015fe etti\u011fini belirterek, \u015fiddet anlar\u0131na ait g\u00f6r\u00fcnt\u00fcleri sanal medyada, <em><b>&#8220;\u015eikayetin geri \u00e7ekilmesi i\u015fkenceyi me\u015fru k\u0131lmaz. Yetkililerin videoyu delil kabul ederek derhal harekete ge\u00e7mesini istiyorum.&#8221;<\/b><\/em> notuyla payla\u015ft\u0131.<\/p>\n<p><strong>TEKRAR G\u00d6ZALTINA ALINDI<\/strong><\/p>\n<p>G\u00f6r\u00fcnt\u00fclerin medyada yer almas\u0131 \u00fczerine \u015f\u00fcpheli, yeniden g\u00f6zalt\u0131na al\u0131nd\u0131.<\/p>\n<p>\u015e\u00fcphelinin jandarmadaki i\u015flemleri s\u00fcr\u00fcyor.<\/p>\n<p><img decoding=\"async\" src=\"https:\/\/bihavadis.com\/wp-content\/uploads\/2026\/02\/mardinde-cocugu-ahirda-darbeden-supheli-tekrar-gozaltina-alindi-2-ZLjJQrJv.jpg\"\/> <\/p>\n<div> <span><strong>Kaynak:<\/strong> Demir\u00f6ren Haber Ajans\u0131 (DHA)<\/span> <\/div>\n","protected":false},"excerpt":{"rendered":"<p>Mardin&#8217;in Savur il\u00e7esinde,\u00a0k\u00f6yde babas\u0131yla ya\u015fayan 17 ya\u015f\u0131ndaki erkek \u00e7ocu\u011fu, g\u00fcvercinlerini \u00e7ald\u0131\u011f\u0131n\u0131 \u00f6ne s\u00fcren ki\u015fi taraf\u0131ndan ah\u0131ra g\u00f6t\u00fcr\u00fcld\u00fc. \u00c7ocu\u011fun \u00fczerini \u00e7\u0131karan \u015f\u00fcpheli, g\u00fcvercinlerin yerini s\u00f6ylemesi i\u00e7in darbetti. AHIRA GET\u0130RD\u0130\u011e\u0130 K\u00d6PEKLE &#8230;<\/p>\n","protected":false},"author":1,"featured_media":53377,"comment_status":"open","ping_status":"open","sticky":false,"template":"","format":"standard","meta":{"footnotes":""},"categories":[4,13],"tags":[246],"class_list":["post-53376","post","type-post","status-publish","format-standard","has-post-thumbnail","hentry","category-gundem","category-son-dakika","tag-supheli"],"_links":{"self":[{"href":"https:\/\/bihavadis.com\/index.php\/wp-json\/wp\/v2\/posts\/53376","targetHints":{"allow":["GET"]}}],"collection":[{"href":"https:\/\/bihavadis.com\/index.php\/wp-json\/wp\/v2\/posts"}],"about":[{"href":"https:\/\/bihavadis.com\/index.php\/wp-json\/wp\/v2\/types\/post"}],"author":[{"embeddable":true,"href":"https:\/\/bihavadis.com\/index.php\/wp-json\/wp\/v2\/users\/1"}],"replies":[{"embeddable":true,"href":"https:\/\/bihavadis.com\/index.php\/wp-json\/wp\/v2\/comments?post=53376"}],"version-history":[{"count":1,"href":"https:\/\/bihavadis.com\/index.php\/wp-json\/wp\/v2\/posts\/53376\/revisions"}],"predecessor-version":[{"id":53381,"href":"https:\/\/bihavadis.com\/index.php\/wp-json\/wp\/v2\/posts\/53376\/revisions\/53381"}],"wp:featuredmedia":[{"embeddable":true,"href":"https:\/\/bihavadis.com\/index.php\/wp-json\/wp\/v2\/media\/53377"}],"wp:attachment":[{"href":"https:\/\/bihavadis.com\/index.php\/wp-json\/wp\/v2\/media?parent=53376"}],"wp:term":[{"taxonomy":"category","embeddable":true,"href":"https:\/\/bihavadis.com\/index.php\/wp-json\/wp\/v2\/categories?post=53376"},{"taxonomy":"post_tag","embeddable":true,"href":"https:\/\/bihavadis.com\/index.php\/wp-json\/wp\/v2\/tags?post=53376"}],"curies":[{"name":"wp","href":"https:\/\/api.w.org\/{rel}","templated":true}]}}