{"id":5341,"date":"2026-01-29T23:03:07","date_gmt":"2026-01-29T23:03:07","guid":{"rendered":"https:\/\/bihavadis.com\/?p=5341"},"modified":"2026-01-29T23:03:07","modified_gmt":"2026-01-29T23:03:07","slug":"bayrampasada-4-sosyal-tesis-ile-2-kres-imamoglunun-katildigi-torenle-hizmete-acildi","status":"publish","type":"post","link":"https:\/\/bihavadis.com\/index.php\/2026\/01\/29\/bayrampasada-4-sosyal-tesis-ile-2-kres-imamoglunun-katildigi-torenle-hizmete-acildi\/","title":{"rendered":"Bayrampa\u015fa&#8217;da 4 sosyal tesis ile 2 kre\u015f \u0130mamo\u011flu&#8217;nun kat\u0131ld\u0131\u011f\u0131 t\u00f6renle hizmete a\u00e7\u0131ld\u0131"},"content":{"rendered":"<p><b>Bayrampa\u015fa Belediyesi\u2019nin k\u0131sa zamanda yap\u0131m\u0131n\u0131 tamamlad\u0131\u011f\u0131 Mis\u2019s Cafe sosyal tesisleri ve Yuvam\u0131z Bayrampa\u015fa \u00e7ocuk e\u011fitim merkezleri \u0130stanbul B\u00fcy\u00fck\u015fehir Belediye (\u0130BB) Ba\u015fkan\u0131 Ekrem \u0130mamo\u011flu\u2019nun da kat\u0131ld\u0131\u011f\u0131 t\u00f6renle hizmete a\u00e7\u0131ld\u0131. A\u00e7\u0131l\u0131\u015f t\u00f6reninde konu\u015fan \u0130mamo\u011flu, \u201cE\u011fitime yap\u0131lan yat\u0131r\u0131m, kalk\u0131nma, huzur ve refah olarak bize geri d\u00f6ner. Bu d\u00fc\u015f\u00fcnceyle \u0130stanbul\u2019umuza bug\u00fcne kadar 104 kre\u015f kazand\u0131rd\u0131k. Belediye Ba\u015fkan\u0131m\u0131z Hasan Mutlu\u2019yu sosyal projelerinden ve e\u011fitim hamlelerinden dolay\u0131 tebrik ediyorum\u201d dedi.<\/b><\/p>\n<p>Bayrampa\u015fa\u2019da vatanda\u015flar\u0131 mutlu eden hizmet merkezleri ve tesisler bir bir a\u00e7\u0131lmaya devam ediyor\u2026<\/p>\n<p><b>\u00c7AY 3 TL<\/b><\/p>\n<p>Bayrampa\u015fa Belediyesi\u2019nin k\u0131sa zamanda yap\u0131m\u0131n\u0131 tamamlad\u0131\u011f\u0131 ve \u00e7ay\u0131n 3 TL oldu\u011fu \u0130smet Pa\u015fa, Fatih Park\u0131, Millet Bah\u00e7esi ve Arda Turan Spor Kompleksi Mis\u2019s Cafe sosyal tesisleri ile Alt\u0131ntepsi ve Yenido\u011fan mahallelerindeki Yuvam\u0131z Bayrampa\u015fa \u00e7ocuk e\u011fitim merkezleri t\u00f6renle hizmete a\u00e7\u0131ld\u0131.\u00a0<\/p>\n<p>A\u00e7\u0131l\u0131\u015f t\u00f6renine \u0130BB Ba\u015fkan\u0131 Ekrem \u0130mamo\u011flu\u2019nun yan\u0131 s\u0131ra Bayrampa\u015fa Belediye Ba\u015fkan\u0131 Hasan Mutlu, il\u00e7e protokol\u00fc ve \u00e7ok say\u0131da davetli ile binlerce vatanda\u015f kat\u0131ld\u0131. Bayrampa\u015fal\u0131\u2019lar il\u00e7edeki temaslar\u0131 boyunca \u0130mamo\u011flu\u2019na yo\u011fun sevgi g\u00f6sterinde bulundu.<\/p>\n<p><b>\u201cBELED\u0130YE BA\u015eKANIMIZ HASAN MUTLU\u2019YU TEBR\u0130K ED\u0130YORUM\u201d<\/b><\/p>\n<p>T\u00f6rende konu\u015fan \u0130mamo\u011flu, \u201cE\u011fitime yap\u0131lan yat\u0131r\u0131m, kalk\u0131nma, huzur ve refah olarak bize geri d\u00f6ner. Bu d\u00fc\u015f\u00fcnceyle \u0130stanbul\u2019umuza bug\u00fcne kadar 104 kre\u015f kazand\u0131rd\u0131k. E\u011fitimci kimli\u011fi ile tan\u0131d\u0131\u011f\u0131m\u0131z Belediye Ba\u015fkan\u0131m\u0131z Hasan Mutlu\u2019yu sosyal projelerinden, e\u011fitim hizmet ve hamlelerinden dolay\u0131 tebrik ediyorum. Hep birlikte g\u00fczel ad\u0131mlar att\u0131k, atmaya da devam ediyoruz. Biz, makamda de\u011fil, sokakta olan belediye ba\u015fkanlar\u0131m\u0131zla \u00f6v\u00fcn\u00fcyoruz. Hizmetlerimizde hi\u00e7bir zaman particilik, partizanl\u0131k yapmad\u0131k. Ancak bu \u00fclkenin ba\u015f\u0131nda bir partizanl\u0131k belas\u0131 var. Bu belay\u0131 \u0130stanbul\u2019umuzdan s\u00f6k\u00fcp att\u0131k, T\u00fcrkiye\u2019den de s\u00f6k\u00fcp ataca\u011f\u0131z. Bayrampa\u015fa\u2019m\u0131zda ve \u0130stanbul\u2019umuzda her \u015fey \u00e7ok g\u00fczel ilerliyor, her \u015fey \u00e7ok g\u00fczel oluyor. A\u00e7\u0131l\u0131\u015f\u0131m\u0131z hay\u0131rl\u0131 olsun\u201d ifadelerini kulland\u0131.<\/p>\n<p><b>\u201cPROJE VE H\u0130ZMETLER\u0130M\u0130ZLE ANILMAK \u0130ST\u0130YORUZ\u201d<\/b><\/p>\n<p>\u00a0\u201cProjelerimize sevilmek, projelerimizle g\u00f6r\u00fcnmek, projelerimizle bilinmek istiyoruz\u201d diyen Belediye Ba\u015fkan\u0131 Hasan Mutlu da, \u201cSosyal belediyecili\u011fin en g\u00fczel \u00f6rne\u011fini sergileyerek eri\u015fimi kolay sosyal tesisler ve kre\u015fler a\u00e7t\u0131k ve a\u00e7maya da devam ediyoruz. Proje ve hizmetlerimizle Bayrampa\u015fa\u2019m\u0131zda sosyal hayat\u0131 geli\u015ftirmeye ve g\u00fc\u00e7lendirmeye kararl\u0131y\u0131z. Kre\u015flerimiz ve sosyal tesislerimiz il\u00e7emiz, kentimiz ve halk\u0131m\u0131z i\u00e7in hay\u0131rl\u0131 olsun. Halk\u0131m\u0131za hizmet yolculu\u011fumuzda k\u0131ymetli desteklerini bizlerden esirgemeyen \u0130stanbul B\u00fcy\u00fck\u015fehir Belediye Ba\u015fkan\u0131m\u0131z Say\u0131n Ekrem \u0130mamo\u011flu\u2019na te\u015fekk\u00fcr ediyor, \u015f\u00fckranlar\u0131m\u0131 sunuyorum\u201d dedi.\u00a0<\/p>\n<p>Konu\u015fmalar\u0131n ard\u0131ndan kesilen kurdeleyle birlikte, Bayrampa\u015fal\u0131\u2019lar\u0131n sosyal hayat\u0131n\u0131 daha da zenginle\u015ftirecek 4 sosyal tesis ile 3-6 ya\u015f aras\u0131 \u00e7ocuklara en iyi \u015fartlarda e\u011fitim verecek 2 kre\u015f resmen hizmete girmi\u015f oldu.\u00a0<\/p>\n<p>Kaynak: (BYZHA) Beyaz Haber Ajans\u0131<\/p>\n","protected":false},"excerpt":{"rendered":"<p>Bayrampa\u015fa\u2019da vatanda\u015flar\u0131 mutlu eden hizmet merkezleri ve tesisler bir bir a\u00e7\u0131lmaya devam ediyor\u2026<\/p>\n","protected":false},"author":1,"featured_media":5342,"comment_status":"open","ping_status":"open","sticky":false,"template":"","format":"standard","meta":{"footnotes":""},"categories":[4],"tags":[1037,233,315,538,237],"class_list":["post-5341","post","type-post","status-publish","format-standard","has-post-thumbnail","hentry","category-gundem","tag-bayrampasa","tag-egitim","tag-hizmet","tag-istanbul","tag-proje"],"_links":{"self":[{"href":"https:\/\/bihavadis.com\/index.php\/wp-json\/wp\/v2\/posts\/5341","targetHints":{"allow":["GET"]}}],"collection":[{"href":"https:\/\/bihavadis.com\/index.php\/wp-json\/wp\/v2\/posts"}],"about":[{"href":"https:\/\/bihavadis.com\/index.php\/wp-json\/wp\/v2\/types\/post"}],"author":[{"embeddable":true,"href":"https:\/\/bihavadis.com\/index.php\/wp-json\/wp\/v2\/users\/1"}],"replies":[{"embeddable":true,"href":"https:\/\/bihavadis.com\/index.php\/wp-json\/wp\/v2\/comments?post=5341"}],"version-history":[{"count":1,"href":"https:\/\/bihavadis.com\/index.php\/wp-json\/wp\/v2\/posts\/5341\/revisions"}],"predecessor-version":[{"id":5343,"href":"https:\/\/bihavadis.com\/index.php\/wp-json\/wp\/v2\/posts\/5341\/revisions\/5343"}],"wp:featuredmedia":[{"embeddable":true,"href":"https:\/\/bihavadis.com\/index.php\/wp-json\/wp\/v2\/media\/5342"}],"wp:attachment":[{"href":"https:\/\/bihavadis.com\/index.php\/wp-json\/wp\/v2\/media?parent=5341"}],"wp:term":[{"taxonomy":"category","embeddable":true,"href":"https:\/\/bihavadis.com\/index.php\/wp-json\/wp\/v2\/categories?post=5341"},{"taxonomy":"post_tag","embeddable":true,"href":"https:\/\/bihavadis.com\/index.php\/wp-json\/wp\/v2\/tags?post=5341"}],"curies":[{"name":"wp","href":"https:\/\/api.w.org\/{rel}","templated":true}]}}