{"id":53422,"date":"2026-02-28T17:07:12","date_gmt":"2026-02-28T17:07:12","guid":{"rendered":"https:\/\/bihavadis.com\/?p=53422"},"modified":"2026-02-28T17:07:12","modified_gmt":"2026-02-28T17:07:12","slug":"kantenin-giydigi-ayakkabi-torene-damga-vurdu-herkes-ayni-yorumu-yapiyor","status":"publish","type":"post","link":"https:\/\/bihavadis.com\/index.php\/2026\/02\/28\/kantenin-giydigi-ayakkabi-torene-damga-vurdu-herkes-ayni-yorumu-yapiyor\/","title":{"rendered":"Kante&#8217;nin giydi\u011fi ayakkab\u0131 t\u00f6rene damga vurdu: Herkes ayn\u0131 yorumu yap\u0131yor"},"content":{"rendered":"<p> Fenerbah\u00e7e&#8217;nin d\u00fcnyaca \u00fcnl\u00fc yeni transferi N&#8217;Golo Kante, imza t\u00f6reniyle sar\u0131-lacivertli camiaya resmen kat\u0131l\u0131rken detaylarda gizli bir g\u00f6r\u00fcnt\u00fc sosyal medyada g\u00fcndem oldu. Y\u0131ld\u0131z futbolcunun t\u00f6rende giydi\u011fi ayakkab\u0131lar, futbolseverlerin dikkatinden ka\u00e7mad\u0131.<\/p>\n<div>\n<figure><img decoding=\"async\" src=\"https:\/\/bihavadis.com\/wp-content\/uploads\/2026\/02\/kantenin-giydigi-ayakkabi-torene-damga-vurdu-herkes-ayni-yorumu-yapiyor-0-9PgkJ8k1.jpg\"\/><\/figure>\n<\/div>\n<p><b>ESK\u0130 AYAKKABILAR SOSYAL MEDYAYI KARI\u015eTIRDI<\/b><\/p>\n<p>Kante&#8217;nin imza t\u00f6reninde tercih etti\u011fi ayakkab\u0131lar\u0131n yeni olmad\u0131\u011f\u0131, hatta bir s\u00fcredir kullan\u0131ld\u0131\u011f\u0131 fark edildi. Bu detay k\u0131sa s\u00fcrede sosyal medyada yay\u0131l\u0131rken, futbolseverlerden dikkat \u00e7eken yorumlar geldi.<\/p>\n<div>\n<figure><img decoding=\"async\" src=\"https:\/\/bihavadis.com\/wp-content\/uploads\/2026\/02\/kantenin-giydigi-ayakkabi-torene-damga-vurdu-herkes-ayni-yorumu-yapiyor-1-3TbePlRB.jpg\"\/><\/figure>\n<\/div>\n<p><b>&#8220;NE KADAR DA M\u00dcTEVAZI&#8221; YORUMLARI<\/b><\/p>\n<p>Taraftarlar ve futbolseverler, y\u0131ld\u0131z oyuncunun bu tercihini \u00f6vg\u00fcyle kar\u015f\u0131lad\u0131. Sosyal medyada yap\u0131lan yorumlarda, &#8220;Adam futboldan ba\u015fka bir \u015feye odaklanm\u0131yor&#8221;, &#8220;D\u00fcnyan\u0131n en b\u00fcy\u00fck y\u0131ld\u0131zlar\u0131ndan biri ama h\u00e2l\u00e2 ayn\u0131 ayakkab\u0131lar\u0131 giyiyor&#8221;, &#8220;\u0130\u015fte ger\u00e7ek profesyonellik&#8221; ve &#8220;Ne kadar da m\u00fctevaz\u0131&#8221; ifadeleri \u00f6ne \u00e7\u0131kt\u0131.<\/p>\n<p><b>KANTE&#8217;N\u0130N KARAKTER\u0130YLE \u00d6RT\u00dc\u015eT\u00dc<\/b><\/p>\n<p>Daha \u00f6nce de sade ya\u015fam tarz\u0131, al\u00e7akg\u00f6n\u00fcll\u00fc tav\u0131rlar\u0131 ve g\u00f6steri\u015ften uzak duru\u015fuyla bilinen N&#8217;Golo Kante&#8217;nin bu g\u00f6r\u00fcnt\u00fcs\u00fc, futbol kariyeri boyunca sergiledi\u011fi profil ile \u00f6rt\u00fc\u015ft\u00fc. Sar\u0131-lacivertli taraftarlar, y\u0131ld\u0131z ismin bu y\u00f6n\u00fcn\u00fc ayr\u0131ca benimsedi.<\/p>\n","protected":false},"excerpt":{"rendered":"<p>Fenerbah\u00e7e&#8217;nin yeni transferi N&#8217;Golo Kante&#8217;nin imza t\u00f6reninde giydi\u011fi eski ayakkab\u0131lar sosyal medyada b\u00fcy\u00fck ilgi g\u00f6rd\u00fc. Sosyal medyada yap\u0131lan yorumlar aras\u0131nda &#8220;Adam futboldan ba\u015fka bir \u015feye odaklanm\u0131yor&#8221;, &#8220;D\u00fcnyan\u0131n en b\u00fcy\u00fck y\u0131ld\u0131zlar\u0131ndan biri ama hala ayn\u0131 ayakkab\u0131lar\u0131 giyiyor&#8221;, &#8220;\u0130\u015fte ger\u00e7ek profesyonellik&#8221; ve &#8220;Ne kadar da m\u00fctevaz\u0131&#8221; ifadeleri \u00f6ne \u00e7\u0131kt\u0131.<\/p>\n","protected":false},"author":1,"featured_media":53423,"comment_status":"open","ping_status":"open","sticky":false,"template":"","format":"standard","meta":{"footnotes":""},"categories":[14],"tags":[365],"class_list":["post-53422","post","type-post","status-publish","format-standard","has-post-thumbnail","hentry","category-spor","tag-futbol"],"_links":{"self":[{"href":"https:\/\/bihavadis.com\/index.php\/wp-json\/wp\/v2\/posts\/53422","targetHints":{"allow":["GET"]}}],"collection":[{"href":"https:\/\/bihavadis.com\/index.php\/wp-json\/wp\/v2\/posts"}],"about":[{"href":"https:\/\/bihavadis.com\/index.php\/wp-json\/wp\/v2\/types\/post"}],"author":[{"embeddable":true,"href":"https:\/\/bihavadis.com\/index.php\/wp-json\/wp\/v2\/users\/1"}],"replies":[{"embeddable":true,"href":"https:\/\/bihavadis.com\/index.php\/wp-json\/wp\/v2\/comments?post=53422"}],"version-history":[{"count":1,"href":"https:\/\/bihavadis.com\/index.php\/wp-json\/wp\/v2\/posts\/53422\/revisions"}],"predecessor-version":[{"id":53426,"href":"https:\/\/bihavadis.com\/index.php\/wp-json\/wp\/v2\/posts\/53422\/revisions\/53426"}],"wp:featuredmedia":[{"embeddable":true,"href":"https:\/\/bihavadis.com\/index.php\/wp-json\/wp\/v2\/media\/53423"}],"wp:attachment":[{"href":"https:\/\/bihavadis.com\/index.php\/wp-json\/wp\/v2\/media?parent=53422"}],"wp:term":[{"taxonomy":"category","embeddable":true,"href":"https:\/\/bihavadis.com\/index.php\/wp-json\/wp\/v2\/categories?post=53422"},{"taxonomy":"post_tag","embeddable":true,"href":"https:\/\/bihavadis.com\/index.php\/wp-json\/wp\/v2\/tags?post=53422"}],"curies":[{"name":"wp","href":"https:\/\/api.w.org\/{rel}","templated":true}]}}