{"id":53427,"date":"2026-02-28T17:09:05","date_gmt":"2026-02-28T17:09:05","guid":{"rendered":"https:\/\/bihavadis.com\/?p=53427"},"modified":"2026-02-28T17:09:05","modified_gmt":"2026-02-28T17:09:05","slug":"ingiltere-eski-prensi-andrew-gozaltina-alindi","status":"publish","type":"post","link":"https:\/\/bihavadis.com\/index.php\/2026\/02\/28\/ingiltere-eski-prensi-andrew-gozaltina-alindi\/","title":{"rendered":"\u0130ngiltere eski Prensi Andrew g\u00f6zalt\u0131na al\u0131nd\u0131"},"content":{"rendered":"<p>ABD&#8217;de k\u00fc\u00e7\u00fck k\u0131z \u00e7ocuklar\u0131na y\u00f6nelik cinsel istismar ve fuhu\u015f skandal\u0131&#8230;<\/p>\n<p>ABD Adalet Bakanl\u0131\u011f\u0131 taraf\u0131ndan ge\u00e7ti\u011fimiz g\u00fcnlerde Jeffrey Eptein&#8217;e ili\u015fkin yay\u0131nlanan yeni dosyalarda, kamuoyunun yak\u0131ndan tan\u0131d\u0131\u011f\u0131 bir\u00e7ok ki\u015finin de ismi \u00e7\u0131km\u0131\u015ft\u0131.\u00a0<\/p>\n<p>Bunlardan biri ise unvanlar\u0131 geri al\u0131nan \u0130ngiltere eski Prensi\u00a0Andrew Mountbatten-Windsor oldu.\u00a0<\/p>\n<p>S\u00f6z konusu dosyalarda Windorsor&#8217;un ma\u011fdur k\u0131zlarla foto\u011fraflar\u0131 \u00e7\u0131km\u0131\u015ft\u0131.<\/p>\n<p><strong>G\u00d6ZALTINA ALINDI <\/strong><\/p>\n<p>Bu kapsamda bug\u00fcn yeni bir geli\u015fme daha ya\u015fand\u0131&#8230;<\/p>\n<p>Eski \u0130ngiltere Prensi Andrew, Epstein dosyalar\u0131 kapsam\u0131nda kamu g\u00f6revinde usuls\u00fczl\u00fck \u015f\u00fcphesiyle g\u00f6zalt\u0131na al\u0131nd\u0131.<\/p>\n<p><strong>FOTO\u011eRAFLARI ORTAYA \u00c7IKMI\u015eTI<\/strong><\/p>\n<p>Payla\u015f\u0131lan belgeler aras\u0131nda eski Prens Andrew&#8217;un yer ald\u0131\u011f\u0131 foto\u011fraflar ve e-postalar dikkati \u00e7ekti.<\/p>\n<p>\u0130ngiliz kamu yay\u0131nc\u0131s\u0131 BBC, Mountbatten-Windsor&#8217;un yer ald\u0131\u011f\u0131 foto\u011fraflar\u0131 payla\u015f\u0131rken, eski prensin foto\u011fraflar\u0131n birinde yerde yatan ve tamamen giyinik bir kad\u0131n\u0131n karn\u0131na dokundu\u011fu, di\u011fer bir foto\u011frafta ise yine ayn\u0131 kad\u0131n\u0131n yerde oldu\u011fu, kendisinin de &#8220;d\u00f6rt ayak&#8221; \u015feklinde do\u011frudan kameraya bakt\u0131\u011f\u0131 ifade edildi.<\/p>\n<p><img decoding=\"async\" src=\"https:\/\/bihavadis.com\/wp-content\/uploads\/2026\/02\/ingiltere-eski-prensi-andrew-gozaltina-alindi-0-lEMaiEhM.jpg\"\/><\/p>\n<p><strong>E-POSTA YAZI\u015eMALARI DA ORTAYA \u00c7IKMI\u015eTI <\/strong><\/p>\n<p>Foto\u011fraflar\u0131n nerede ve ne zaman \u00e7ekildiklerinin belirsiz oldu\u011funu aktaran BBC, Epstein&#8217;\u0131n, Mountbatten-Windsor&#8217;\u0131 26 ya\u015f\u0131ndaki Rus bir kad\u0131nla ak\u015fam yeme\u011fine davet etti\u011fine ili\u015fkin e-posta yaz\u0131\u015fmalar\u0131n\u0131n da payla\u015f\u0131ld\u0131\u011f\u0131n\u0131 belirtti.<\/p>\n<p><strong>G\u00d6R\u00dc\u015eMEYE DAVET ED\u0130LD\u0130 \u0130DD\u0130ASI<\/strong><\/p>\n<p>The Guardian ise a\u00e7\u0131klanan yeni belgelere g\u00f6re, eski Prens Andrew&#8217;un, Epstein&#8217;\u0131n ev hapsinden serbest b\u0131rak\u0131lmas\u0131n\u0131n ard\u0131ndan onu Buckingham Saray\u0131&#8217;nda g\u00f6r\u00fc\u015fmeye davet etti\u011fini \u00f6ne s\u00fcrd\u00fc.<\/p>\n<p>A\u00e7\u0131klanan belgelerde Mountbatten-Windsor&#8217;un 2010&#8217;da Epstein ile e-posta arac\u0131l\u0131\u011f\u0131yla haberle\u015fti\u011fi ve bir yaz\u0131\u015fmada Mountbatten-Windsor&#8217;un, &#8220;Buraya, BP&#8217;ye gelirsen \u00e7ok memnun olurum. Kiminle gelmek istersen gel, saat 16.00&#8217;dan 20.00&#8217;ye kadar burada olaca\u011f\u0131m.&#8221; ifadelerini kulland\u0131\u011f\u0131 belirtildi.<\/p>\n<p>The Guardian, &#8220;BP&#8221; harflerinin Buckingham Saray\u0131&#8217;n\u0131n (Buckingham Palace) k\u0131saltmas\u0131 olabilece\u011fine i\u015faret etti.<\/p>\n<p><img decoding=\"async\" src=\"https:\/\/bihavadis.com\/wp-content\/uploads\/2026\/02\/ingiltere-eski-prensi-andrew-gozaltina-alindi-1-JRZuy5SX.jpg\"\/><\/p>\n<p><strong>\u0130NG\u0130LTERE KRALI CHARLES, \u00dcNVANLARINI GER\u0130 ALMI\u015eTI<\/strong><\/p>\n<p>Epstein kurbanlar\u0131ndan Virginia Giuffre&#8217;nin cinsel istismarla su\u00e7lad\u0131\u011f\u0131 Mountbatten-Windsor, hakk\u0131ndaki t\u00fcm iddialar\u0131 reddetse de 2019&#8217;da t\u00fcm resmi Kraliyet g\u00f6revlerinden \u00e7ekildi\u011fini a\u00e7\u0131klam\u0131\u015ft\u0131.<\/p>\n<p>Ekim 2025&#8217;te Giuffre&#8217;nin iddialar\u0131n\u0131n yer ald\u0131\u011f\u0131 kitab\u0131n yay\u0131mlanmas\u0131yla s\u00f6z konusu iddialar\u0131n, Kraliyet Ailesi ve Kral Charles&#8217;\u0131 me\u015fgul etti\u011fini belirten Mountbatten-Windsor, &#8220;Prens&#8221; hari\u00e7 t\u00fcm Kraliyet \u00fcnvanlar\u0131, r\u00fctbe ve ni\u015fanlar\u0131n\u0131 b\u0131rakaca\u011f\u0131n\u0131 duyurmu\u015ftu.<\/p>\n<p>Ancak Kral Charles, bir ad\u0131m ileriye giderek &#8220;Prens&#8221; \u00fcnvan\u0131n\u0131 da alm\u0131\u015f, karde\u015finin bundan b\u00f6yle &#8220;Andrew Mountbatten-Windsor&#8221; olarak hayat\u0131na devam edece\u011fini a\u00e7\u0131klam\u0131\u015ft\u0131.<\/p>\n<p>Mountbatten-Windsor&#8217;\u0131n ya\u015fad\u0131\u011f\u0131 Windsor Kalesi&#8217;ndeki Royal Lodge malikanesinin de elinden al\u0131nabilece\u011fi belirtilmi\u015fti.<\/p>\n<div> <span><strong>Kaynak:<\/strong> Ensonhaber Haber Merkezi<\/span> <\/div>\n","protected":false},"excerpt":{"rendered":"<p>ABD&#8217;de k\u00fc\u00e7\u00fck k\u0131z \u00e7ocuklar\u0131na y\u00f6nelik cinsel istismar ve fuhu\u015f skandal\u0131&#8230; ABD Adalet Bakanl\u0131\u011f\u0131 taraf\u0131ndan ge\u00e7ti\u011fimiz g\u00fcnlerde Jeffrey Eptein&#8217;e ili\u015fkin yay\u0131nlanan yeni dosyalarda, kamuoyunun yak\u0131ndan tan\u0131d\u0131\u011f\u0131 bir\u00e7ok ki\u015finin de ismi \u00e7\u0131km\u0131\u015ft\u0131 &#8230;<\/p>\n","protected":false},"author":1,"featured_media":53428,"comment_status":"open","ping_status":"open","sticky":false,"template":"","format":"standard","meta":{"footnotes":""},"categories":[6],"tags":[2183,6697,2488,6489,2614],"class_list":["post-53427","post","type-post","status-publish","format-standard","has-post-thumbnail","hentry","category-dunya","tag-epstein","tag-fotograflari","tag-kral","tag-mountbatten-windsor","tag-prens"],"_links":{"self":[{"href":"https:\/\/bihavadis.com\/index.php\/wp-json\/wp\/v2\/posts\/53427","targetHints":{"allow":["GET"]}}],"collection":[{"href":"https:\/\/bihavadis.com\/index.php\/wp-json\/wp\/v2\/posts"}],"about":[{"href":"https:\/\/bihavadis.com\/index.php\/wp-json\/wp\/v2\/types\/post"}],"author":[{"embeddable":true,"href":"https:\/\/bihavadis.com\/index.php\/wp-json\/wp\/v2\/users\/1"}],"replies":[{"embeddable":true,"href":"https:\/\/bihavadis.com\/index.php\/wp-json\/wp\/v2\/comments?post=53427"}],"version-history":[{"count":1,"href":"https:\/\/bihavadis.com\/index.php\/wp-json\/wp\/v2\/posts\/53427\/revisions"}],"predecessor-version":[{"id":53431,"href":"https:\/\/bihavadis.com\/index.php\/wp-json\/wp\/v2\/posts\/53427\/revisions\/53431"}],"wp:featuredmedia":[{"embeddable":true,"href":"https:\/\/bihavadis.com\/index.php\/wp-json\/wp\/v2\/media\/53428"}],"wp:attachment":[{"href":"https:\/\/bihavadis.com\/index.php\/wp-json\/wp\/v2\/media?parent=53427"}],"wp:term":[{"taxonomy":"category","embeddable":true,"href":"https:\/\/bihavadis.com\/index.php\/wp-json\/wp\/v2\/categories?post=53427"},{"taxonomy":"post_tag","embeddable":true,"href":"https:\/\/bihavadis.com\/index.php\/wp-json\/wp\/v2\/tags?post=53427"}],"curies":[{"name":"wp","href":"https:\/\/api.w.org\/{rel}","templated":true}]}}