{"id":53443,"date":"2026-02-28T17:18:07","date_gmt":"2026-02-28T17:18:07","guid":{"rendered":"https:\/\/bihavadis.com\/?p=53443"},"modified":"2026-02-28T17:18:07","modified_gmt":"2026-02-28T17:18:07","slug":"yunanistan-basbakani-micotakis-turkiyeye-geliyor","status":"publish","type":"post","link":"https:\/\/bihavadis.com\/index.php\/2026\/02\/28\/yunanistan-basbakani-micotakis-turkiyeye-geliyor\/","title":{"rendered":"Yunanistan Ba\u015fbakan\u0131 Mi\u00e7otakis, T\u00fcrkiye&#8217;ye geliyor"},"content":{"rendered":"<p>Cumhurba\u015fkan\u0131 Erdo\u011fan ile Yunanistan Ba\u015fbakan\u0131 Mi\u00e7otakis&#8217;in ba\u015fkanl\u0131klar\u0131nda, ilgili bakanlar\u0131n kat\u0131l\u0131m\u0131yla Ankara&#8217;da d\u00fczenlenecek Konsey Toplant\u0131s\u0131&#8217;nda T\u00fcrkiye\u2013Yunanistan ili\u015fkileri t\u00fcm boyutlar\u0131yla ele al\u0131nacak. Toplant\u0131da, iki kom\u015fu \u00fclke aras\u0131ndaki i\u015f birli\u011finin geli\u015ftirilmesine y\u00f6nelik imkanlar\u0131n de\u011ferlendirilmesi \u00f6ng\u00f6r\u00fcl\u00fcyor.<\/p>\n<p>Detaylar\u0131 \u0130leti\u015fim Ba\u015fkan\u0131 Burhanettin Duran payla\u015ft\u0131. Duran, &#8220;Yunanistan Ba\u015fbakan\u0131 Say\u0131n Kiryakos Mi\u00e7otakis, Cumhurba\u015fkan\u0131m\u0131z Say\u0131n Recep Tayyip Erdo\u011fan&#8217;\u0131n davetlerine icabetle, T\u00fcrkiye-Yunanistan Y\u00fcksek D\u00fczeyli \u0130\u015fbirli\u011fi Konseyi&#8217;nin Alt\u0131nc\u0131 Toplant\u0131s\u0131 vesilesiyle, 11 \u015eubat 2026 tarihinde \u00fclkemize resmi bir ziyaret ger\u00e7ekle\u015ftirecektir. Say\u0131n Cumhurba\u015fkan\u0131m\u0131z ile Yunanistan Ba\u015fbakan\u0131&#8217;n\u0131n ba\u015fkanl\u0131klar\u0131nda, ilgili Bakanlar\u0131n i\u015ftirakleriyle Ankara&#8217;da d\u00fczenlenecek Konsey Toplant\u0131s\u0131&#8217;yla T\u00fcrkiye-Yunanistan ili\u015fkileri t\u00fcm boyutlar\u0131yla g\u00f6zden ge\u00e7irilecek, iki kom\u015fu \u00fclke aras\u0131ndaki i\u015f birli\u011finin ilerletilmesi imkanlar\u0131 ele al\u0131nacakt\u0131r. G\u00f6r\u00fc\u015fmelerde, ikili m\u00fcnasebetlerin yan\u0131s\u0131ra, b\u00f6lgesel ve k\u00fcresel geli\u015fmeler hakk\u0131nda g\u00f6r\u00fc\u015f al\u0131\u015fveri\u015finde bulunulmas\u0131 \u00f6ng\u00f6r\u00fclmektedir. Ziyaret \u00e7er\u00e7evesinde ayr\u0131ca, ikili ili\u015fkileri g\u00fc\u00e7lendirmeye matuf \u00e7e\u015fitli metinlerin imzalanmas\u0131 da g\u00fcndemdedir.&#8221; dedi.<\/p>\n","protected":false},"excerpt":{"rendered":"<p>Yunanistan Ba\u015fbakan\u0131 Kiryakos Mi\u00e7otakis, Cumhurba\u015fkan\u0131 Recep Tayyip Erdo\u011fan&#8217;\u0131n davetine icabetle, T\u00fcrkiye-Yunanistan Y\u00fcksek D\u00fczeyli \u0130\u015fbirli\u011fi Konseyi&#8217;nin Alt\u0131nc\u0131 Toplant\u0131s\u0131 vesilesiyle, 11 \u015eubat 2026 tarihinde T\u00fcrkiye&#8217;ye resmi ziyaret ger\u00e7ekle\u015ftirecek.<\/p>\n","protected":false},"author":1,"featured_media":53444,"comment_status":"open","ping_status":"open","sticky":false,"template":"","format":"standard","meta":{"footnotes":""},"categories":[6],"tags":[2805],"class_list":["post-53443","post","type-post","status-publish","format-standard","has-post-thumbnail","hentry","category-dunya","tag-yunanistan"],"_links":{"self":[{"href":"https:\/\/bihavadis.com\/index.php\/wp-json\/wp\/v2\/posts\/53443","targetHints":{"allow":["GET"]}}],"collection":[{"href":"https:\/\/bihavadis.com\/index.php\/wp-json\/wp\/v2\/posts"}],"about":[{"href":"https:\/\/bihavadis.com\/index.php\/wp-json\/wp\/v2\/types\/post"}],"author":[{"embeddable":true,"href":"https:\/\/bihavadis.com\/index.php\/wp-json\/wp\/v2\/users\/1"}],"replies":[{"embeddable":true,"href":"https:\/\/bihavadis.com\/index.php\/wp-json\/wp\/v2\/comments?post=53443"}],"version-history":[{"count":1,"href":"https:\/\/bihavadis.com\/index.php\/wp-json\/wp\/v2\/posts\/53443\/revisions"}],"predecessor-version":[{"id":53445,"href":"https:\/\/bihavadis.com\/index.php\/wp-json\/wp\/v2\/posts\/53443\/revisions\/53445"}],"wp:featuredmedia":[{"embeddable":true,"href":"https:\/\/bihavadis.com\/index.php\/wp-json\/wp\/v2\/media\/53444"}],"wp:attachment":[{"href":"https:\/\/bihavadis.com\/index.php\/wp-json\/wp\/v2\/media?parent=53443"}],"wp:term":[{"taxonomy":"category","embeddable":true,"href":"https:\/\/bihavadis.com\/index.php\/wp-json\/wp\/v2\/categories?post=53443"},{"taxonomy":"post_tag","embeddable":true,"href":"https:\/\/bihavadis.com\/index.php\/wp-json\/wp\/v2\/tags?post=53443"}],"curies":[{"name":"wp","href":"https:\/\/api.w.org\/{rel}","templated":true}]}}