{"id":5347,"date":"2026-01-29T23:09:05","date_gmt":"2026-01-29T23:09:05","guid":{"rendered":"https:\/\/bihavadis.com\/?p=5347"},"modified":"2026-01-29T23:09:05","modified_gmt":"2026-01-29T23:09:05","slug":"baskan-zeyrek-saruhanlida-uyardi-icme-suyunu-tarimsal-sulamada-kullanmayin","status":"publish","type":"post","link":"https:\/\/bihavadis.com\/index.php\/2026\/01\/29\/baskan-zeyrek-saruhanlida-uyardi-icme-suyunu-tarimsal-sulamada-kullanmayin\/","title":{"rendered":"Ba\u015fkan Zeyrek Saruhanl\u0131&#8217;da Uyard\u0131; &#8220;\u0130\u00e7me suyunu tar\u0131msal sulamada kullanmay\u0131n!&#8221;"},"content":{"rendered":"<p>Manisa B\u00fcy\u00fck\u015fehir Belediye Ba\u015fkan\u0131 Mimar Ferdi Zeyrek, halk odakl\u0131 hizmet anlay\u0131\u015f\u0131yla il\u00e7elere yapt\u0131\u011f\u0131 ziyaretlere devam ediyor. Ba\u015fkan Zeyrek, bu kapsamda Saruhanl\u0131 il\u00e7esinde muhtarlarla bulu\u015ftu. Su israf\u0131na dikkat \u00e7eken Ba\u015fkan Zeyrek, \u201cSuda yapt\u0131\u011f\u0131m\u0131z indirim sonras\u0131nda maalesef baz\u0131 vatanda\u015flar\u0131m\u0131z i\u00e7me suyunu ba\u011f bah\u00e7e sulamada kullan\u0131r hale geldi. Biz bunun \u00f6n\u00fcne ge\u00e7mezsek, suyumuza sahip \u00e7\u0131kmazsak, bug\u00fcn\u00fc kurtar\u0131r\u0131z ama yar\u0131nlara maalesef b\u0131rakacak suyumuz kalmaz. \u0130\u00e7me suyunu tar\u0131msal sulamada kullanmay\u0131n\u201d dedi.<\/p>\n<p>Manisa B\u00fcy\u00fck\u015fehir Belediye Ba\u015fkan\u0131 Mimar Ferdi Zeyrek, haftal\u0131k il\u00e7e ziyaretlerine Saruhanl\u0131 ile devam etti. Ba\u015fkan Zeyrek, ilk olarak il\u00e7ede mahalle muhtarlar\u0131yla bir araya geldi. Toplant\u0131ya CHP \u0130l Ba\u015fkan Yard\u0131mc\u0131s\u0131 Aysun Helvac\u0131o\u011flu, CHP Saruhanl\u0131 \u0130l\u00e7e Ba\u015fkan\u0131 Selahattin \u015eahin, B\u00fcy\u00fck\u015fehir Belediye Meclis \u00dcyesi Hasan Levent, \u00f6nceki d\u00f6nem CHP \u0130l\u00e7e Ba\u015fkan\u0131 Kamil Alt\u0131nda\u011f, Saruhanl\u0131 Muhtarlar Derne\u011fi Ba\u015fkan\u0131 Y\u0131lmaz Kurtuldu da kat\u0131ld\u0131.<\/p>\n<p>Sosyal Belediyecilikte \u00d6nemli Projeler<br \/>Manisa\u2019n\u0131n sosyal belediyecilikte hak etti\u011fi de\u011feri alamad\u0131\u011f\u0131n\u0131 belirten Ba\u015fkan Zeyrek, \u201cGeldi\u011fimizden beri sosyal hizmetlere ba\u015flad\u0131k. Bunlara ba\u015flarken ilk ba\u015fta pilot b\u00f6lgeler se\u00e7tik. \u00c7\u00fcnk\u00fc hatam\u0131z\u0131, eksi\u011fimizi g\u00f6relim ve bu hizmetlerimizi t\u00fcm \u015fehrimize g\u00f6t\u00fcrd\u00fc\u011f\u00fcm\u00fczde hata yapmayal\u0131m diye. Yunusemre\u2019de halk ekmek b\u00fcfeleri kurduk. Saruhanl\u0131\u2019ya da geliyor. Kent Lokantas\u0131\u2019n\u0131 Sal\u0131 g\u00fcn\u00fc a\u00e7\u0131yoruz. Halk Mand\u0131ra geliyor Manisa\u2019ya. Kooperatiflere 17 liraya s\u00fct alaca\u011f\u0131m\u0131 s\u00f6yledim. Bu ald\u0131\u011f\u0131m\u0131z s\u00fctleri \u015fi\u015fe s\u00fct, yo\u011furt ve peynir olarak daha ucuza halk\u0131m\u0131za sataca\u011f\u0131z. \u00dcreticiyi g\u00fc\u00e7lendirece\u011fiz, hayvanc\u0131l\u0131\u011f\u0131 geli\u015ftirece\u011fiz. Hemen sistemi kuraca\u011f\u0131z ve 17 il\u00e7eye da\u011f\u0131lacak. Yunusemre\u2019de evde bak\u0131m hizmetleri ba\u015flad\u0131. Berber, hem\u015fire ve sa\u011fl\u0131k hizmeti yapacak ki\u015filerden olu\u015fan ekibimizle kap\u0131 kap\u0131 dola\u015f\u0131yoruz, hizmete ihtiya\u00e7 duyan vatanda\u015flar\u0131m\u0131z\u0131n ihtiya\u00e7lar\u0131na yard\u0131mc\u0131 oluyoruz. Anne Kart geliyor. \u00d6n\u00fcm\u00fczdeki hafta in\u015fallah ba\u015flayacak. Cenaze hizmetlerinde kilometre ba\u015f\u0131na al\u0131nan mazot paras\u0131 uygulamas\u0131na son verdik. Hem Manisa\u2019n\u0131n il\u00e7elerine hem di\u011fer illere cenaze naklinde \u00fccret alm\u0131yoruz\u201d dedi.<\/p>\n<p>Refakat\u00e7i Evi Geliyor<br \/>Ba\u015fkan Zeyrek, hasta yak\u0131nlar\u0131n\u0131n hastalar\u0131n\u0131 hastane kap\u0131lar\u0131nda beklemelerine \u00e7\u00f6z\u00fcm olmak istedi\u011fini de ifade etti. Zeyrek, \u201cBenim en b\u00fcy\u00fck hayalim refakat\u00e7i evi a\u00e7mak. Her ak\u015fam eve giderken, hasta yak\u0131nlar\u0131n\u0131n kalacak yer bulamamas\u0131 veya di\u011fer nedenlerden dolay\u0131 arabada yatt\u0131\u011f\u0131na \u015fahit oluyorum. Bunu hepimiz ya\u015fayabiliriz. \u0130\u015fte bunun \u00f6n\u00fcne ge\u00e7mek ve hasta yak\u0131nlar\u0131n\u0131n s\u0131cak bir yatakta yatmas\u0131 i\u00e7in refakat\u00e7i evi a\u00e7aca\u011f\u0131z. Ben istiyorum ki, ben evimde s\u0131cak yata\u011f\u0131mda yat\u0131yorsam, Manisa\u2019mdaki herkes de bu \u015fekilde rahat yats\u0131n\u201d dedi.<\/p>\n<p>\u201cSuyumuza sahip \u00e7\u0131kal\u0131m\u201d<br \/>Suyun gelecek nesillere b\u0131rak\u0131lacak en \u00f6nemli miras oldu\u011funa vurgu yapan Ba\u015fkan Zeyrek, \u201cSe\u00e7im boyunca s\u00f6z verdim ve 2 ton su 1 TL, sonraki kademelerde de y\u00fczde 30 indirim olacak dedim. Vatanda\u015fa sormadan yap\u0131lan kartl\u0131 saya\u00e7 uygulamas\u0131na da son verdik. Suda yapt\u0131\u011f\u0131m\u0131z indirim sonras\u0131nda maalesef baz\u0131 vatanda\u015flar\u0131m\u0131z i\u00e7me suyunu ba\u011f bah\u00e7e sulamada kullan\u0131r hale geldi. Vah\u015fi sulamada kullan\u0131r hale geldiler. 2 ton su 1 TL, insani su kullan\u0131m hakk\u0131d\u0131r. Bundan 15-20 y\u0131l \u00f6nce kazma vurdu\u011fumuzda su \u00e7\u0131kard\u0131 ama \u015fimdi 250 metrelerden \u00e7\u0131k\u0131yor. Biz bunun \u00f6n\u00fcne ge\u00e7mezsek, suyumuza sahip \u00e7\u0131kmazsak, bug\u00fcn\u00fc kurtar\u0131r\u0131z ama yar\u0131nlara maalesef b\u0131rakacak suyumuz kalmaz. Bunu g\u00f6rmezden gelemeyiz ve suyumuza bug\u00fcnden itibaren sahip \u00e7\u0131kmak zorunday\u0131z. Sizlerden istedi\u011fim tek bir \u015fey var: k\u00f6y\u00fcn\u00fczde ya da \u00e7evrenizde i\u00e7me suyunu bu \u015fekilde kullanan kim varsa l\u00fctfen uyar\u0131n. Ya da bana s\u00f6yleyin ben ona gidip suyun ne kadar de\u011ferli oldu\u011funu kendim anlataca\u011f\u0131m. Su ve ormanlar\u0131m\u0131z, bizim yar\u0131nlar\u0131m\u0131z. L\u00fctfen bu konuda hassasiyet g\u00f6sterin, i\u00e7me suyunu tar\u0131msal sulamada kullanmay\u0131n\u201d dedi.<\/p>\n<p>Kooperatif\u00e7ili\u011fin \u00d6nemine Dikkat \u00c7ekti<br \/>Manisa\u2019n\u0131n bereketli topraklar\u0131nda \u00fcreticinin para kazanamad\u0131\u011f\u0131na vurgu yapan Ba\u015fkan Zeyrek, \u201c\u00c7\u00fcnk\u00fc \u00e7\u0131kan \u00fcr\u00fcn belli ba\u015fl\u0131 yerlerde fiyatla s\u0131n\u0131rl\u0131 kal\u0131rsa maalesef \u00fcretici kazanm\u0131yor. Bununla ilgili Tari\u015f\u2019le de TMO ile de g\u00f6r\u00fc\u015ft\u00fck. \u00dcreticinin \u00fcr\u00fcnlerini daha katma de\u011ferli hale getirecek olan \u00fcretim tesisleri kurmam\u0131z gerekiyor. Bunun i\u00e7in de kooperatifle\u015fmek gerekiyor. Kooperatifle\u015fme konusunda Manisa B\u00fcy\u00fck\u015fehir Belediyesi, bir\u00e7ok kooperatifimizi davet etti. Dedik ki gelin kooperatifle\u015fmenin do\u011fru \u00f6rneklerini biz size anlatal\u0131m. Ben bundan sonra t\u00fcm \u00fcreticiye deste\u011fi kooperatiflere verece\u011fim. Bir elin nesi var, iki elin sesi var. Herkes birlik haline gelmeli. Birliklere de \u00fcretim tesisi deste\u011fi verece\u011fim. Kuru \u00fcz\u00fcm\u00fc d\u00f6kerken bir kere para kazanacaks\u0131n\u0131z. Bir de onu paketledikten sonra satarken para kazanacaks\u0131n\u0131z. Ben, \u00fcr\u00fcn\u00fcn\u00fcz\u00fcn daha de\u011ferli hale gelmesini istiyorum. Her zaman i\u00e7in kooperatiflerin yan\u0131nday\u0131m. Bu tesisleri kuraca\u011f\u0131z, \u00fcr\u00fcn\u00fc de\u011ferli hale getirece\u011fiz. \u00dcreticinin bu kadar bereketli topraklarda \u00fcretti\u011fi \u00fcr\u00fcnden zarar etmesi beni rahats\u0131z ediyor. Bunu hep birlikte giderebiliriz\u201d diye konu\u015ftu.<\/p>\n<p>80 Tane Taral Doldurma Tesisi Yap\u0131lacak<br \/>\u00d6n\u00fcm\u00fczdeki y\u0131l 80 tane taral dolum istasyonu yapacaklar\u0131n\u0131 da belirten Ba\u015fkan Zeyrek, \u201cB\u00fct\u00fcn altyap\u0131 \u00e7al\u0131\u015fmalar\u0131n\u0131 ba\u015flatt\u0131k. Tar\u0131mda kullan\u0131ld\u0131\u011f\u0131 gibi yang\u0131nlarda da ilk m\u00fcdahalede ilk kullan\u0131lacak \u015fey taral dolum istasyonu. \u00c7\u00fcnk\u00fc yang\u0131n \u00e7\u0131kt\u0131\u011f\u0131nda itfaiye oraya ula\u015f\u0131ncaya kadar ilk m\u00fcdahalede alaca\u011f\u0131m\u0131z sular orada oluyor. \u0130tfaiye Daire Ba\u015fkanl\u0131\u011f\u0131m\u0131z \u015fu anda fahri itfaiyecilik e\u011fitimi ba\u015flatt\u0131. Bu y\u0131l G\u00f6rdes ve Salihli\u2019de \u00e7ok ciddi ormanlar\u0131m\u0131z\u0131 kaybettik. B\u00f6yle bir kay\u0131p ya\u015famamak i\u00e7in fahri itfaiyecilik e\u011fitimi verece\u011fiz. Yang\u0131nda k\u00f6ydeki arkada\u015flar\u0131m\u0131z yol g\u00f6sterecek ormana girecek. Jandarma da hakl\u0131 olarak diyor ki \u201csana bir zarar verir, bize seni i\u00e7eri alamay\u0131z.\u201d \u0130tfaiye ara\u00e7lar\u0131na yolu g\u00f6sterecek ki\u015fiyi jandarma b\u0131rakam\u0131yor. B\u00f6yle bir birlikteli\u011fi sa\u011flamak ad\u0131na fahri itfaiyecilik e\u011fitimi verece\u011fiz. Bununla ilgili de taral dolum istasyonlar\u0131n\u0131n \u00e7ok \u00f6nemli oldu\u011funu d\u00fc\u015f\u00fcn\u00fcyorum\u201d dedi.<\/p>\n<p>\u201cHerkese e\u015fit bir \u015fekilde el uzatmak istiyoruz\u201d<br \/>Herkese e\u015fit hizmet etmek istedi\u011fini de ifade eden Ba\u015fkan Zeyrek, \u201cSelendi ve Demirci yollar\u0131 ve altyap\u0131s\u0131 en k\u00f6t\u00fc il\u00e7elerimizdi. Ge\u00e7ti\u011fimiz 5 ayda Selendi\u2019nin altyap\u0131s\u0131 bitti. Demirci\u2019nin altyap\u0131s\u0131 bitmek \u00fczere. \u0130n\u015fallah Haziran ay\u0131na kadar Selendi ve Demirci iki p\u0131r\u0131l p\u0131r\u0131l il\u00e7emiz olacak. \u00c7\u00fcnk\u00fc hizmet anlay\u0131\u015f\u0131, siyaset anlay\u0131\u015f\u0131ndan bamba\u015fkad\u0131r. Ben bug\u00fcn burada Ekrem Ba\u015fkan\u0131n da olmas\u0131n\u0131 \u00e7ok isterdim. Biz hi\u00e7bir siyasi parti ayr\u0131m\u0131 g\u00f6zetmeksizin herkese e\u015fit bir \u015fekilde el uzatmak istiyoruz. \u00c7\u00fcnk\u00fc ben Saruhanl\u0131\u2019n\u0131n bir sorununu \u00e7\u00f6zeceksem, oradaki belediye ba\u015fkan\u0131 ve b\u00fcy\u00fck\u015fehir ayn\u0131 masaya oturacak ve birlikte hareket edece\u011fiz. Biz birlikte hareket edersek, hizmette aksamalar ya\u015fanmaz. Ben Saruhanl\u0131\u2019ya hizmet etmek istiyorum\u201d dedi.<br \/>Konu\u015fman\u0131n ard\u0131ndan Ba\u015fkan Zeyrek, muhtarlar\u0131n taleplerini dinledi.<\/p>\n<p>\u00a0<\/p>\n<p>Kaynak: (BYZHA) Beyaz Haber Ajans\u0131<\/p>\n","protected":false},"excerpt":{"rendered":"<p>Manisa B\u00fcy\u00fck\u015fehir Belediye Ba\u015fkan\u0131 Mimar Ferdi Zeyrek, halk odakl\u0131 hizmet anlay\u0131\u015f\u0131yla il\u00e7elere yapt\u0131\u011f\u0131 ziyaretlere devam ediyor.<\/p>\n","protected":false},"author":1,"featured_media":5348,"comment_status":"open","ping_status":"open","sticky":false,"template":"","format":"standard","meta":{"footnotes":""},"categories":[4],"tags":[986,372,315,1207,1208],"class_list":["post-5347","post","type-post","status-publish","format-standard","has-post-thumbnail","hentry","category-gundem","tag-baskani","tag-belediye","tag-hizmet","tag-manisa","tag-saruhanli"],"_links":{"self":[{"href":"https:\/\/bihavadis.com\/index.php\/wp-json\/wp\/v2\/posts\/5347","targetHints":{"allow":["GET"]}}],"collection":[{"href":"https:\/\/bihavadis.com\/index.php\/wp-json\/wp\/v2\/posts"}],"about":[{"href":"https:\/\/bihavadis.com\/index.php\/wp-json\/wp\/v2\/types\/post"}],"author":[{"embeddable":true,"href":"https:\/\/bihavadis.com\/index.php\/wp-json\/wp\/v2\/users\/1"}],"replies":[{"embeddable":true,"href":"https:\/\/bihavadis.com\/index.php\/wp-json\/wp\/v2\/comments?post=5347"}],"version-history":[{"count":1,"href":"https:\/\/bihavadis.com\/index.php\/wp-json\/wp\/v2\/posts\/5347\/revisions"}],"predecessor-version":[{"id":5349,"href":"https:\/\/bihavadis.com\/index.php\/wp-json\/wp\/v2\/posts\/5347\/revisions\/5349"}],"wp:featuredmedia":[{"embeddable":true,"href":"https:\/\/bihavadis.com\/index.php\/wp-json\/wp\/v2\/media\/5348"}],"wp:attachment":[{"href":"https:\/\/bihavadis.com\/index.php\/wp-json\/wp\/v2\/media?parent=5347"}],"wp:term":[{"taxonomy":"category","embeddable":true,"href":"https:\/\/bihavadis.com\/index.php\/wp-json\/wp\/v2\/categories?post=5347"},{"taxonomy":"post_tag","embeddable":true,"href":"https:\/\/bihavadis.com\/index.php\/wp-json\/wp\/v2\/tags?post=5347"}],"curies":[{"name":"wp","href":"https:\/\/api.w.org\/{rel}","templated":true}]}}