{"id":53471,"date":"2026-02-28T17:33:08","date_gmt":"2026-02-28T17:33:08","guid":{"rendered":"https:\/\/bihavadis.com\/?p=53471"},"modified":"2026-02-28T17:33:08","modified_gmt":"2026-02-28T17:33:08","slug":"turk-ve-ispanyol-askerlerinden-almanyada-amfibi-guc-gosterisi","status":"publish","type":"post","link":"https:\/\/bihavadis.com\/index.php\/2026\/02\/28\/turk-ve-ispanyol-askerlerinden-almanyada-amfibi-guc-gosterisi\/","title":{"rendered":"T\u00fcrk ve \u0130spanyol askerlerinden Almanya\u2019da amfibi g\u00fc\u00e7 g\u00f6sterisi"},"content":{"rendered":"<p>NATO \u00f6nc\u00fcl\u00fc\u011f\u00fcnde Almanya\u2019da d\u00fczenlenen \u201cSteadfast Dart 2026\u201d tatbikat\u0131 devam ediyor.<\/p>\n<p>Milli Savunma Bakanl\u0131\u011f\u0131 taraf\u0131ndan yap\u0131lan a\u00e7\u0131klamada, tatbikat\u0131n deniz safhas\u0131n\u0131n ba\u015far\u0131yla tamamland\u0131\u011f\u0131 bildirildi.<\/p>\n<p><strong>DEN\u0130ZDEN KARAYA TAM KOORD\u0130NASYON<\/strong><\/p>\n<p>A\u00e7\u0131klamada, T\u00fcrk Silahl\u0131 Kuvvetleri ile \u0130spanya Silahl\u0131 Kuvvetleri unsurlar\u0131n\u0131n kat\u0131l\u0131m\u0131yla tam kapsaml\u0131 bir amfibi g\u00f6steri ger\u00e7ekle\u015ftirildi\u011fi kaydedildi.<\/p>\n<p>Tatbikat kapsam\u0131nda denizden karaya intikal, \u00e7\u0131karma ve m\u00fc\u015fterek harek\u00e2t kabiliyetleri sergilendi.<\/p>\n<p><img decoding=\"async\" src=\"https:\/\/bihavadis.com\/wp-content\/uploads\/2026\/02\/turk-ve-ispanyol-askerlerinden-almanyada-amfibi-guc-gosterisi-0-XDpRadKC.jpg\"\/><\/p>\n<p><strong>&#8220;G\u00dcVENL\u0130K, G\u00dc\u00c7 B\u0130RL\u0130\u011e\u0130 \u0130LE SA\u011eLANIR&#8221;<\/strong><\/p>\n<p>Milli Savunma Bakanl\u0131\u011f\u0131 a\u00e7\u0131klamas\u0131nda, <em><b>\u201cG\u00fcvenlik, denizden karaya g\u00fc\u00e7 birli\u011fiyle sa\u011flan\u0131r\u201d <\/b><\/em>ifadelerine yer verilerek, m\u00fcttefik unsurlar aras\u0131ndaki koordinasyon ve birlikte \u00e7al\u0131\u015fabilirlik vurguland\u0131.<\/p>\n<p>Steadfast Dart 2026 Tatbikat\u0131\u2019n\u0131n, NATO \u00fclkeleri aras\u0131ndaki askeri i\u015f birli\u011fini ve operasyonel haz\u0131rl\u0131\u011f\u0131 art\u0131rmay\u0131 hedefledi\u011fi belirtildi.<\/p>\n<p><img decoding=\"async\" src=\"https:\/\/bihavadis.com\/wp-content\/uploads\/2026\/02\/turk-ve-ispanyol-askerlerinden-almanyada-amfibi-guc-gosterisi-1-KGNldkaS.jpg\"\/><\/p>\n<p><img decoding=\"async\" src=\"https:\/\/bihavadis.com\/wp-content\/uploads\/2026\/02\/turk-ve-ispanyol-askerlerinden-almanyada-amfibi-guc-gosterisi-2-zMug8SYn.jpg\"\/><\/p>\n<p><img decoding=\"async\" src=\"https:\/\/bihavadis.com\/wp-content\/uploads\/2026\/02\/turk-ve-ispanyol-askerlerinden-almanyada-amfibi-guc-gosterisi-3-99gbMUQ8.jpg\"\/><\/p>\n<p><img decoding=\"async\" src=\"https:\/\/bihavadis.com\/wp-content\/uploads\/2026\/02\/turk-ve-ispanyol-askerlerinden-almanyada-amfibi-guc-gosterisi-4-317KgfFZ.jpg\"\/><\/p>\n<p><img decoding=\"async\" src=\"https:\/\/bihavadis.com\/wp-content\/uploads\/2026\/02\/turk-ve-ispanyol-askerlerinden-almanyada-amfibi-guc-gosterisi-5-7uRpFPFw.jpg\"\/><\/p>\n<p><img decoding=\"async\" src=\"https:\/\/bihavadis.com\/wp-content\/uploads\/2026\/02\/turk-ve-ispanyol-askerlerinden-almanyada-amfibi-guc-gosterisi-6-7DqzN8vf.jpg\"\/><\/p>\n<p><img decoding=\"async\" src=\"https:\/\/bihavadis.com\/wp-content\/uploads\/2026\/02\/turk-ve-ispanyol-askerlerinden-almanyada-amfibi-guc-gosterisi-7-fX4DQtr1.jpg\"\/> <\/p>\n<div> <span><strong>Kaynak:<\/strong> \u0130hlas Haber Ajans\u0131 (\u0130HA)<\/span> <\/div>\n","protected":false},"excerpt":{"rendered":"<p>NATO \u00f6nc\u00fcl\u00fc\u011f\u00fcnde Almanya\u2019da d\u00fczenlenen \u201cSteadfast Dart 2026\u201d tatbikat\u0131 devam ediyor. Milli Savunma Bakanl\u0131\u011f\u0131 taraf\u0131ndan yap\u0131lan a\u00e7\u0131klamada, tatbikat\u0131n deniz safhas\u0131n\u0131n ba\u015far\u0131yla tamamland\u0131\u011f\u0131 bildirildi. DEN\u0130ZDEN KARAYA TAM KOORD\u0130NASYON A\u00e7\u0131klamada &#8230;<\/p>\n","protected":false},"author":1,"featured_media":53472,"comment_status":"open","ping_status":"open","sticky":false,"template":"","format":"standard","meta":{"footnotes":""},"categories":[9,13],"tags":[],"class_list":["post-53471","post","type-post","status-publish","format-standard","has-post-thumbnail","hentry","category-genel","category-son-dakika"],"_links":{"self":[{"href":"https:\/\/bihavadis.com\/index.php\/wp-json\/wp\/v2\/posts\/53471","targetHints":{"allow":["GET"]}}],"collection":[{"href":"https:\/\/bihavadis.com\/index.php\/wp-json\/wp\/v2\/posts"}],"about":[{"href":"https:\/\/bihavadis.com\/index.php\/wp-json\/wp\/v2\/types\/post"}],"author":[{"embeddable":true,"href":"https:\/\/bihavadis.com\/index.php\/wp-json\/wp\/v2\/users\/1"}],"replies":[{"embeddable":true,"href":"https:\/\/bihavadis.com\/index.php\/wp-json\/wp\/v2\/comments?post=53471"}],"version-history":[{"count":1,"href":"https:\/\/bihavadis.com\/index.php\/wp-json\/wp\/v2\/posts\/53471\/revisions"}],"predecessor-version":[{"id":53481,"href":"https:\/\/bihavadis.com\/index.php\/wp-json\/wp\/v2\/posts\/53471\/revisions\/53481"}],"wp:featuredmedia":[{"embeddable":true,"href":"https:\/\/bihavadis.com\/index.php\/wp-json\/wp\/v2\/media\/53472"}],"wp:attachment":[{"href":"https:\/\/bihavadis.com\/index.php\/wp-json\/wp\/v2\/media?parent=53471"}],"wp:term":[{"taxonomy":"category","embeddable":true,"href":"https:\/\/bihavadis.com\/index.php\/wp-json\/wp\/v2\/categories?post=53471"},{"taxonomy":"post_tag","embeddable":true,"href":"https:\/\/bihavadis.com\/index.php\/wp-json\/wp\/v2\/tags?post=53471"}],"curies":[{"name":"wp","href":"https:\/\/api.w.org\/{rel}","templated":true}]}}