{"id":53534,"date":"2026-02-28T18:21:05","date_gmt":"2026-02-28T18:21:05","guid":{"rendered":"https:\/\/bihavadis.com\/?p=53534"},"modified":"2026-02-28T18:21:05","modified_gmt":"2026-02-28T18:21:05","slug":"baskan-ozarslan-iftar-sofrasinda-ankaralilarla-bulustu","status":"publish","type":"post","link":"https:\/\/bihavadis.com\/index.php\/2026\/02\/28\/baskan-ozarslan-iftar-sofrasinda-ankaralilarla-bulustu\/","title":{"rendered":"Ba\u015fkan \u00d6zarslan \u0130ftar Sofras\u0131nda Ankaral\u0131larla Bulu\u015ftu"},"content":{"rendered":"<p><b>Ke\u00e7i\u00f6ren Belediye Ba\u015fkan\u0131 Dr. Mesut \u00d6zarslan,<\/b>\u00a0Ankaral\u0131lar ve Ankara\u2019ya Hizmet Edenler Derne\u011fi (AH\u0130D) taraf\u0131ndan Mevlana K\u00fclt\u00fcr Merkezi\u2019nde d\u00fczenlenen iftar program\u0131nda Ankaral\u0131larla bir araya geldi. Ankaral\u0131l\u0131k k\u00fclt\u00fcr\u00fcn\u00fcn \u00f6nemi ve kadim ge\u00e7mi\u015fine ili\u015fkin mesajlar\u0131n verildi\u011fi ak\u015famda, Kur\u2019an-\u0131 Kerim tilaveti, ilahi dinletisi ve sema g\u00f6sterisiyle ramazan ay\u0131n\u0131n manevi atmosferi birlikte ya\u015fand\u0131.<\/p>\n<p>\u0130ftar program\u0131na Ke\u00e7i\u00f6ren Belediye Ba\u015fkan\u0131 Dr. Mesut \u00d6zarslan\u2019\u0131n yan\u0131 s\u0131ra; AK Parti Ankara Milletvekili Ahmet Fethan Bayko\u00e7, Cumhuriyet Ba\u015fsavc\u0131vekili Halil Ma\u00e7kaya, \u00f6nceki d\u00f6nem AH\u0130D Genel Ba\u015fkan\u0131 ve MHP MYK \u00dcyesi Mehmet Ali Tanr\u0131verdi, Ankaral\u0131lar ve Ankara\u2019ya Hizmet Edenler Derne\u011fi (AH\u0130D) Genel Ba\u015fkan\u0131 Hilmi Yaman, Ba\u015fkent Ankara Meclisi Genel Ba\u015fkan\u0131 ve \u00f6nceki d\u00f6nem Ankara Milletvekili Nevzat Ceylan, TRT Genel M\u00fcd\u00fcr Yard\u0131mc\u0131s\u0131 Hasan \u00d6ymez, MTA Genel M\u00fcd\u00fcr Yard\u0131mc\u0131s\u0131 Veli Altunda\u011f, K\u00fclt\u00fcr ve Turizm Bakanl\u0131\u011f\u0131 Daire Ba\u015fkan\u0131 Sanem Ar\u0131kan, AK Parti Ke\u00e7i\u00f6ren STK Ba\u015fkan\u0131 Erdal \u00c7ak\u0131ro\u011flu, \u00f6nceki d\u00f6nem \u00c7ubuk Belediye Ba\u015fkan\u0131 S\u00fcleyman Haksever, Ter\u00f6rs\u00fcz T\u00fcrkiye Platformu Kurucu Genel Ba\u015fkan\u0131 Turgut Lenk, Ankara Esnaf ve Sanatk\u00e2rlar Odas\u0131 Ba\u015fkan\u0131 \u015e\u00fckr\u00fc Orhan, Ankara Esnaf ve Sanatk\u00e2rlar Odalar\u0131 Birli\u011fi\u2019ne ba\u011fl\u0131 oda ba\u015fkanlar\u0131; T\u00fcrkiye Madeni E\u015fya Sanatk\u00e2rlar\u0131 Federasyon Ba\u015fkan\u0131 Hayrettin Y\u0131ld\u0131r\u0131m, Ankara Kuyumcular ve Saat\u00e7iler Odas\u0131 Ba\u015fkan\u0131 Timu\u00e7in S\u00f6nmez, Ankara Umum Otomobilciler ve \u015eof\u00f6rler Esnaf Odas\u0131 Ba\u015fkan Vekili Cevdet Kavlak, Ankara Servis Arac\u0131 \u0130\u015fletmecileri Esnaf Odas\u0131 Ba\u015fkan\u0131 \u0130lyas Akt\u00fcrk, Ankara Emlak\u00e7\u0131lar Odas\u0131 Ba\u015fkan\u0131 Burak Arpac\u0131, Ankara Esnaf ve Sanatk\u00e2rlar Kredi ve Kefalet Kooperatifi Ba\u015fkan\u0131 Tuncay Elmada\u011fl\u0131, T\u00fcm \u00d6zel Kalemler Derne\u011fi Ba\u015fkan\u0131 Mustafa Ayd\u0131nalp, Ankara Kul\u00fcb\u00fc Mamak \u015eube Ba\u015fkan\u0131 Yakup Demir, Yenimahalle Muhtarlar Derne\u011fi Ba\u015fkan\u0131 \u00d6nder \u00d6z\u00e7elik, Haymana Anadolu Sosyal Birlik Derne\u011fi Ba\u015fkan\u0131 Rasim Koyuncu, \u015eentepe Spor Kul\u00fcb\u00fc Ba\u015fkan\u0131 Dursun Acar, \u00dcnsal Grup Y\u00f6netim Kurulu Ba\u015fkan\u0131 Orhan \u00dcnsal, STK Temsilcileri, Ankaral\u0131 hem\u015fehri dernekleri ve federasyon y\u00f6neticileri, Ke\u00e7i\u00f6ren Belediyesi meclis \u00fcyeleri, ba\u015fkan yard\u0131mc\u0131lar\u0131, muhtarlar ve \u00e7ok say\u0131da Ankaral\u0131 vatanda\u015f kat\u0131ld\u0131.<\/p>\n<p><b>\u201cBu millet; hak, hukuk ve adalet yolunda dimdik durmu\u015ftur\u201d<\/b><\/p>\n<p><b>Ke\u00e7i\u00f6ren Belediye Ba\u015fkan\u0131 Dr. Mesut \u00d6zarslan<\/b>, yapt\u0131\u011f\u0131 konu\u015fmada T\u00fcrk milletinin birlik, beraberlik ve insanl\u0131\u011fa hizmet anlay\u0131\u015f\u0131n\u0131n \u00f6nemini vurgulayarak \u015funlar\u0131 s\u00f6yledi: \u201cAnkaral\u0131 hem\u015ferilerimizle birlikte olman\u0131n onur ve gururunu ya\u015f\u0131yoruz elhamd\u00fclillah. Y\u00fcce Mevla\u2019m bu milletin birli\u011fini ve beraberli\u011fini bozmas\u0131n. D\u00fcnyam\u0131z inan\u0131lmaz bir co\u011frafi de\u011fi\u015fimden ge\u00e7iyor. Yan\u0131 ba\u015f\u0131m\u0131zda Suriye\u2019sinden Irak\u2019\u0131na, G\u00fcrcistan\u2019\u0131ndan Kafkaslar\u2019a, Balkanlar\u2019a ve Akdeniz\u2019e kadar her yeri inceledi\u011finizde T\u00fcrk milletine y\u00f6nelik tehdit a\u00e7\u0131k\u00e7a g\u00f6r\u00fclmektedir. Bu tehditleri bizler daha \u00f6nce de g\u00f6rd\u00fck. \u0130\u015fte o tehditler kar\u015f\u0131s\u0131nda, Dikmen s\u0131rtlar\u0131na Gazi Mustafa Kemal Atat\u00fcrk geldi\u011finde, Ankara\u2019n\u0131n yi\u011fit evlatlar\u0131 d\u00fc\u015fmanlar\u0131 elinin tersiyle yere serdi\u011fini t\u00fcm d\u00fcnya g\u00f6stermi\u015ftir. Bu memleket, \u00fc\u00e7 k\u0131taya h\u00fckmetmi\u015f T\u00fcrk milletinin memleketidir. Bu millet; hak, hukuk ve adalet yolunda Hz. Ali Efendimiz gibi dimdik durup Ehl-i Beyt felsefesini g\u00fcn\u00fcm\u00fcze ta\u015f\u0131m\u0131\u015ft\u0131r. Hoca Ahmet Yesevi ve Horasan erenleriyle ilmik ilmik Anadolu\u2019yu T\u00fcrkle\u015ftiren ve \u0130slamla\u015ft\u0131ran bir anlay\u0131\u015f\u0131n ad\u0131d\u0131r T\u00fcrk milleti. Bizler y\u00fcce T\u00fcrk milletinin evlatlar\u0131y\u0131z. Kimseyi ay\u0131rt etmeyiz. Biz Ke\u00e7i\u00f6ren\u2019imizde insanl\u0131\u011fa hizmet etmenin ad\u0131n\u0131 \u015f\u00f6yle koyduk: Halka hizmet, Hakk\u2019a hizmet anlay\u0131\u015f\u0131. Kap\u0131m\u0131za kim gelirse gelsin, parti g\u00f6zetmeksizin, bize oy verip vermedi\u011fine bakmaks\u0131z\u0131n kimseyi yata\u011fa a\u00e7 g\u00f6ndermiyoruz; kimseyi \u00fc\u015f\u00fcyerek, titreyerek evine yollam\u0131yoruz. Ya\u015fl\u0131s\u0131na bak\u0131yoruz, engellisine bak\u0131yoruz. Sabah evlad\u0131 kalkt\u0131\u011f\u0131nda onu okula g\u00f6nderebiliyoruz. Sizlerin hizmetk\u00e2r\u0131 olmaya da devam edece\u011fiz. Ne mutlu T\u00fcrk\u2019\u00fcm diyene.\u201d<\/p>\n<p><b>\u201cSizlerin TBMM\u2019deki Ankaral\u0131 hizmetk\u00e2r\u0131y\u0131m\u201d<\/b><\/p>\n<p>Konu\u015fmas\u0131nda Ankara\u2019n\u0131n kurtulu\u015f ve kurulu\u015f \u015fehri oldu\u011funu hat\u0131rlatan\u00a0<b>AK Parti Ankara Milletvekili Ahmet Fethan Bayko\u00e7\u00a0<\/b>ise, \u201cAnkara \u00f6zlenendir, Ankara kurtulu\u015ftur, Ankara kurulu\u015ftur. Bug\u00fcn bir Ankaral\u0131 hem\u015fehriniz olarak konu\u015fuyorum. Sizlerin TBMM\u2019deki Ankaral\u0131 hizmetk\u00e2r\u0131y\u0131m.\u201d dedi.<\/p>\n<p><b>\u201cAnkara\u2019da ya\u015famak ger\u00e7ekten bir ayr\u0131cal\u0131kt\u0131r\u201d<\/b><\/p>\n<p>Ke\u00e7i\u00f6ren Belediye Ba\u015fkan\u0131 Mesut \u00d6zarslan\u2019\u0131n, ramazan boyunca sivil toplum kurulu\u015flar\u0131yla iftar programlar\u0131 d\u00fczenleyerek Ankara\u2019da birlik ve beraberli\u011fi g\u00fc\u00e7lendirdi\u011fini belirten\u00a0<b>Ba\u015fkent Ankara Meclisi Genel Ba\u015fkan\u0131 ve \u00f6nceki d\u00f6nem Ankara Milletvekili Nevzat Ceylan,\u00a0<\/b>davetlilere \u015f\u00f6yle seslendi: &#8220;Ke\u00e7i\u00f6ren\u2019imizin \u00e7ok de\u011ferli Belediye Ba\u015fkan\u0131 Mesut \u00d6zarslan, ramazan boyunca sivil toplum kurulu\u015flar\u0131na burada iftar vererek birlik ve beraberli\u011fi sa\u011flamas\u0131 a\u00e7\u0131s\u0131ndan son derece \u00f6nemli bir \u00e7al\u0131\u015fma yapmaktad\u0131r. Kendilerine y\u00fcrekten te\u015fekk\u00fcr ediyorum. Ankara\u2019da ya\u015famak ger\u00e7ekten bir ayr\u0131cal\u0131kt\u0131r. Elbette Ankara\u2019ya g\u00f6n\u00fcl vermek de bir ayr\u0131cal\u0131kt\u0131r. Ankara\u2019da ya\u015fayan herkesin, do\u011fdu\u011fu yer kadar ya\u015fad\u0131\u011f\u0131 ve bundan sonra ya\u015fayaca\u011f\u0131 \u015fehir olan Ankara\u2019ya da sahip \u00e7\u0131kmas\u0131 gerekti\u011fine inan\u0131yoruz. Bu ama\u00e7la herkesi Ankara\u2019y\u0131 sahiplenmeye ve Ankara\u2019n\u0131n sorunlar\u0131n\u0131 hep birlikte \u00e7\u00f6zmeye davet ediyorum. Ahilik gelene\u011fiyle \u00f6n plana \u00e7\u0131kan Ankara, tarih boyunca ba\u015fkentlik yapm\u0131\u015f; Kurtulu\u015f Sava\u015f\u0131\u2019n\u0131n ve Cumhuriyet\u2019in merkezi olmu\u015ftur. Gazi Mustafa Kemal Atat\u00fcrk\u2019\u00fcn \u00f6nderli\u011finde T\u00fcrkiye Cumhuriyeti\u2019nin ba\u015fkenti olarak \u00f6nemli bir misyon \u00fcstlenmi\u015ftir. Bug\u00fcn de geli\u015fen ve b\u00fcy\u00fcyen ba\u015fkentimize hep birlikte sahip \u00e7\u0131kmam\u0131z gerekti\u011fine inan\u0131yorum.\u201d<\/p>\n<p><b>\u201cMesut Ba\u015fkan\u2019\u0131n g\u00f6sterdi\u011fi gayret son derece k\u0131ymetlidir\u201d<\/b><\/p>\n<p>Ramazan\u0131n birlik ve beraberlik ruhuna dikkat \u00e7eken\u00a0<b>\u00f6nceki d\u00f6nem AH\u0130D Genel Ba\u015fkan\u0131 ve MHP MYK \u00dcyesi Mehmet Ali Tanr\u0131verdi\u00a0<\/b>\u015f\u00f6yle konu\u015ftu: \u201c\u00d6zellikle Mesut Ba\u015fkan\u2019a, Ankaral\u0131lar\u0131 bir araya toplamas\u0131ndan dolay\u0131 te\u015fekk\u00fcr ediyorum. Ankara\u2019ya hizmet noktas\u0131nda g\u00f6sterdi\u011fi gayret son derece k\u0131ymetlidir. Ge\u00e7mi\u015fte birlikte hizmet etti\u011fimiz de\u011ferli arkada\u015flar\u0131m\u0131zla Ankara\u2019ya hizmet etmenin onurunu ya\u015fad\u0131k.\u201d<\/p>\n<p><b>\u201cRamazan ay\u0131 payla\u015fman\u0131n ve g\u00f6n\u00fcl birli\u011finin ay\u0131d\u0131r\u201d<\/b><\/p>\n<p><b>AK Parti Ke\u00e7i\u00f6ren STK Ba\u015fkan\u0131 Erdal \u00c7ak\u0131ro\u011flu,\u00a0<\/b>ramazan ay\u0131nda hem\u015fehri dayan\u0131\u015fmas\u0131n\u0131 sa\u011flayan Ke\u00e7i\u00f6ren Belediye Ba\u015fkan\u0131 Mesut \u00d6zarslan ve STK temsilcilerine \u015fu s\u00f6zlerle te\u015fekk\u00fcr etti: \u201cBu m\u00fcbarek ramazan ak\u015fam\u0131nda bizleri ayn\u0131 sofrada bulu\u015fturan Say\u0131n Ke\u00e7i\u00f6ren Belediye Ba\u015fkan\u0131m\u0131z Mesut \u00d6zarslan\u2019a ve hem\u015fehri dayan\u0131\u015fmas\u0131n\u0131n g\u00fczel bir \u00f6rne\u011fini sergileyen Ankara Federasyon Ba\u015fkan\u0131m\u0131za te\u015fekk\u00fcr ediyorum. Ramazan ay\u0131 payla\u015fman\u0131n, dayan\u0131\u015fman\u0131n, karde\u015fli\u011fin ve g\u00f6n\u00fcl birli\u011finin ay\u0131d\u0131r. Bu sofralar, Ankara\u2019daki dayan\u0131\u015fmam\u0131z\u0131 daha da g\u00fc\u00e7lendirmektedir.\u201d<\/p>\n<p><b>\u201cAyn\u0131 g\u00f6n\u00fcl sofras\u0131nda bulu\u015fman\u0131n onurunu ta\u015f\u0131yoruz\u201d<\/b><\/p>\n<p><b>Ankaral\u0131lar ve Ankara\u2019ya Hizmet Edenler Derne\u011fi (AH\u0130D) Genel Ba\u015fkan\u0131 Hilmi Yaman\u00a0<\/b>ise<b>\u00a0<\/b>ramazan ay\u0131n\u0131n birlik, beraberlik ve payla\u015fma ruhundan duydu\u011fu mutlulu\u011fu belirterek konu\u015fmas\u0131nda \u015fu mesajlar\u0131 payla\u015ft\u0131: \u201cBug\u00fcn Ankaral\u0131lar Derne\u011fi olarak ayn\u0131 g\u00f6n\u00fcl sofras\u0131nda bulu\u015fman\u0131n onurunu ta\u015f\u0131yoruz. Say\u0131n Ke\u00e7i\u00f6ren Belediye Ba\u015fkan\u0131m\u0131z Mesut Bey\u2019e ayr\u0131ca te\u015fekk\u00fcr ediyorum. Bug\u00fcn bizlere ev sahipli\u011fi yap\u0131yor. G\u00fcler y\u00fcz\u00fc ve c\u00f6mertli\u011fiyle bizleri bir araya getirdi\u011fi i\u00e7in kendisine \u015f\u00fckranlar\u0131m\u0131 sunuyorum. Ramazan ay\u0131 birlik, beraberlik, payla\u015fma ve karde\u015flik ay\u0131d\u0131r. Bizler Ankara\u2019n\u0131n k\u00f6kl\u00fc k\u00fclt\u00fcr\u00fcn\u00fc, dayan\u0131\u015fma ruhunu ve vefas\u0131n\u0131 ya\u015fatan b\u00fcy\u00fck bir aileyiz. Ayn\u0131 \u015fehrin insanlar\u0131 olarak birbirimize sahip \u00e7\u0131kt\u0131k\u00e7a daha g\u00fc\u00e7l\u00fc olaca\u011f\u0131z.\u201d<\/p>\n<p><b>\u201cBu g\u00fczel sofra i\u00e7in te\u015fekk\u00fcr ediyorum\u201d<\/b><\/p>\n<p>Ankara\u2019da, ramazan ay\u0131n\u0131n birlik ve beraberlik i\u00e7inde ya\u015fand\u0131\u011f\u0131n\u0131 s\u00f6yleyen<b>\u00a0Ter\u00f6rs\u00fcz T\u00fcrkiye Platformu Kurucu Genel Ba\u015fkan\u0131 Turgut Lenk,<\/b>\u00a0\u201cBu g\u00fczel sofray\u0131, birli\u011fi ve beraberli\u011fi Ankara\u2019ya kazand\u0131rd\u0131klar\u0131 i\u00e7in te\u015fekk\u00fcr ediyorum. Ter\u00f6rs\u00fcz T\u00fcrkiye Platformu Genel Ba\u015fkan\u0131 olarak \u2018Ter\u00f6rs\u00fcz T\u00fcrkiye\u2019ye evet; T\u00fcrkiye\u2019nin b\u00f6l\u00fcnmesine hay\u0131r\u2019 slogan\u0131yla yedi b\u00f6lgede etkinlikler yapaca\u011f\u0131z. Cenab-\u0131 \u00a0Allah bizlere, gen\u00e7lerimize ve \u00e7ocuklar\u0131m\u0131za ter\u00f6rs\u00fcz bir \u00fclke nasip etsin.\u201d diye konu\u015ftu.<\/p>\n<p>\u00a0<\/p>\n<p>\u00a0<\/p>\n<p>Kaynak: (BYZHA) Beyaz Haber Ajans\u0131<\/p>\n","protected":false},"excerpt":{"rendered":"<p>Ke\u00e7i\u00f6ren Belediye Ba\u015fkan\u0131 Dr. Mesut \u00d6zarslan,\u00a0Ankaral\u0131lar ve Ankara\u2019ya Hizmet Edenler Derne\u011fi (AH\u0130D) taraf\u0131ndan Mevlana K\u00fclt\u00fcr Merkezi\u2019nde d\u00fczenlenen iftar program\u0131nda Ankaral\u0131larla bir araya geldi.<\/p>\n","protected":false},"author":1,"featured_media":53535,"comment_status":"open","ping_status":"open","sticky":false,"template":"","format":"standard","meta":{"footnotes":""},"categories":[4],"tags":[377,986,1089,315,6702],"class_list":["post-53534","post","type-post","status-publish","format-standard","has-post-thumbnail","hentry","category-gundem","tag-ankara","tag-baskani","tag-genel-baskani","tag-hizmet","tag-kecioren-belediye-baskani"],"_links":{"self":[{"href":"https:\/\/bihavadis.com\/index.php\/wp-json\/wp\/v2\/posts\/53534","targetHints":{"allow":["GET"]}}],"collection":[{"href":"https:\/\/bihavadis.com\/index.php\/wp-json\/wp\/v2\/posts"}],"about":[{"href":"https:\/\/bihavadis.com\/index.php\/wp-json\/wp\/v2\/types\/post"}],"author":[{"embeddable":true,"href":"https:\/\/bihavadis.com\/index.php\/wp-json\/wp\/v2\/users\/1"}],"replies":[{"embeddable":true,"href":"https:\/\/bihavadis.com\/index.php\/wp-json\/wp\/v2\/comments?post=53534"}],"version-history":[{"count":1,"href":"https:\/\/bihavadis.com\/index.php\/wp-json\/wp\/v2\/posts\/53534\/revisions"}],"predecessor-version":[{"id":53536,"href":"https:\/\/bihavadis.com\/index.php\/wp-json\/wp\/v2\/posts\/53534\/revisions\/53536"}],"wp:featuredmedia":[{"embeddable":true,"href":"https:\/\/bihavadis.com\/index.php\/wp-json\/wp\/v2\/media\/53535"}],"wp:attachment":[{"href":"https:\/\/bihavadis.com\/index.php\/wp-json\/wp\/v2\/media?parent=53534"}],"wp:term":[{"taxonomy":"category","embeddable":true,"href":"https:\/\/bihavadis.com\/index.php\/wp-json\/wp\/v2\/categories?post=53534"},{"taxonomy":"post_tag","embeddable":true,"href":"https:\/\/bihavadis.com\/index.php\/wp-json\/wp\/v2\/tags?post=53534"}],"curies":[{"name":"wp","href":"https:\/\/api.w.org\/{rel}","templated":true}]}}