{"id":53588,"date":"2026-02-28T19:00:08","date_gmt":"2026-02-28T19:00:08","guid":{"rendered":"https:\/\/bihavadis.com\/?p=53588"},"modified":"2026-02-28T19:00:08","modified_gmt":"2026-02-28T19:00:08","slug":"yarimada-derelerinde-temizlik-ve-islah-seferberligi","status":"publish","type":"post","link":"https:\/\/bihavadis.com\/index.php\/2026\/02\/28\/yarimada-derelerinde-temizlik-ve-islah-seferberligi\/","title":{"rendered":"Yar\u0131mada derelerinde temizlik ve \u0131slah seferberli\u011fi"},"content":{"rendered":"<p>\u0130zmir B\u00fcy\u00fck\u015fehir Belediyesi, 2025 y\u0131l\u0131 ba\u015f\u0131ndan bu yana Seferihisar, Urla, Karaburun, \u00c7e\u015fme ve Menderes il\u00e7elerinin sahil kesimlerinde 228 kilometre dere temizli\u011fi ger\u00e7ekle\u015ftirdi. \u00c7al\u0131\u015fmalar kapsam\u0131nda 125 bin ton malzeme dere yataklar\u0131ndan \u00e7\u0131kar\u0131l\u0131rken, ta\u015fk\u0131n riskine kar\u015f\u0131 dere a\u011f\u0131zlar\u0131 a\u00e7\u0131ld\u0131 ve korkuluk ile anro\u015fman (b\u00fcy\u00fck ta\u015f blok) imalatlar\u0131 h\u0131zland\u0131r\u0131ld\u0131.<\/p>\n<p>\u0130ZSU Genel M\u00fcd\u00fcrl\u00fc\u011f\u00fc, Seferihisar, Urla, Karaburun, \u00c7e\u015fme ve Menderes il\u00e7elerinin sahil b\u00f6lgelerinde ta\u015fk\u0131n riskini azaltmak ve can-mal g\u00fcvenli\u011fini sa\u011flamak i\u00e7in dere bak\u0131m, temizlik ve \u0131slah \u00e7al\u0131\u015fmalar\u0131n\u0131 aral\u0131ks\u0131z s\u00fcrd\u00fcr\u00fcyor. 2025 y\u0131l\u0131 ocak ay\u0131ndan bu yana y\u00fcr\u00fct\u00fclen \u00e7al\u0131\u015fmalarda, Yar\u0131mada\u2019daki derelerde kapsaml\u0131 temizlik, onar\u0131m ve g\u00fc\u00e7lendirme faaliyetleri ger\u00e7ekle\u015ftirildi. Toplam 228 kilometre dere temizli\u011fi yap\u0131l\u0131rken, dere yataklar\u0131ndan \u00e7\u0131kar\u0131lan 125 bin ton at\u0131k ve malzeme suyun do\u011fal ak\u0131\u015f\u0131n\u0131 engelleyen unsurlar\u0131 ortadan kald\u0131rd\u0131. Ya\u011f\u0131\u015f \u00f6ncesinde dere\u2013deniz \u00e7\u0131k\u0131\u015f a\u011f\u0131zlar\u0131 a\u00e7\u0131larak temizlendi. K\u0131\u015f d\u00f6neminde de \u00e7al\u0131\u015fmalar devam ederken \u00f6zellikle yo\u011fun ya\u011f\u0131\u015flarda suyun denize g\u00fcvenli \u015fekilde ula\u015fmas\u0131 hedefleniyor.<\/p>\n<p><strong>Korkuluk ve yaya g\u00fcvenli\u011fi \u00e7al\u0131\u015fmalar\u0131 s\u00fcr\u00fcyor<\/strong><\/p>\n<p>Yar\u0131mada\u2019daki \u00e7e\u015fitli derelerde mevcut korkuluklar\u0131n bak\u0131m\u0131, boyanmas\u0131 ve onar\u0131m\u0131 ile ilave korkuluk imalatlar\u0131 devam ediyor. 2025\u2019te 2 bin metrekare korkuluk bak\u0131m\u0131 ve boyama i\u015flemi tamamland\u0131. 2026 program\u0131 kapsam\u0131nda Karaburun Bodrum Deresi ile Urla\u2019daki Kaman, Keklik ve Koza\u011fac\u0131 derelerinde 5 bin metrekare korkuluk bak\u0131mdan ge\u00e7irelecek ve boyanacak. Ayr\u0131ca Seferihisar Payaml\u0131 Deresi\u2019nde 1.750 metre, \u00c7e\u015fme \u00c7iftlik Mahallesi\u2019nde 750 metre olmak \u00fczere toplam 2.500 metre yaya korkulu\u011fu imalat\u0131 ger\u00e7ekle\u015ftirilecek.<\/p>\n<p><strong>Dere yataklar\u0131 anro\u015fman imalatlar\u0131yla g\u00fc\u00e7lendiriliyor<\/strong><\/p>\n<p>Ya\u011f\u0131\u015fl\u0131 d\u00f6nem \u00f6ncesinde dere yataklar\u0131nda d\u00fczenleme \u00e7al\u0131\u015fmalar\u0131 yap\u0131l\u0131rken, k\u0131y\u0131 oyulmalar\u0131n\u0131 \u00f6nlemek i\u00e7in anro\u015fman ta\u015f imalatlar\u0131 s\u00fcrd\u00fcr\u00fcl\u00fcyor. Urla \u0130\u00e7meler Mahallesi Malkoca Deresi ile Karap\u0131nar, P\u0131narl\u0131 ve \u00c7akal derelerinin deniz \u00e7\u0131k\u0131\u015f a\u011f\u0131zlar\u0131ndaki \u00e7al\u0131\u015fmalar tamamland\u0131. Nisan ay\u0131nda \u00c7e\u015fme Durmu\u015f Deresi deniz \u00e7\u0131k\u0131\u015f\u0131 ile Menderes Ahmetbeyli ve Karaburun Parlak Deresi\u2019ndeki imalatlar\u0131n tamamlanmas\u0131 planlan\u0131yor. \u0130ZSU ekiplerinin bu \u00e7al\u0131\u015fmalar\u0131, son d\u00f6nemde etkili olan yo\u011fun ya\u011f\u0131\u015flarda da fayda sa\u011flad\u0131. Yar\u0131mada Dereler Birimi, k\u0131\u015f sezonunda ta\u015fk\u0131n riskini azaltmak ve can-mal g\u00fcvenli\u011fini sa\u011flamak amac\u0131yla \u00e7al\u0131\u015fmalar\u0131n\u0131 kesintisiz s\u00fcrd\u00fcr\u00fcyor.<\/p>\n<p>\u00a0<\/p>\n<p>\u00a0<\/p>\n<p>Kaynak: (BYZHA) Beyaz Haber Ajans\u0131<\/p>\n","protected":false},"excerpt":{"rendered":"<p>\u0130zmir B\u00fcy\u00fck\u015fehir Belediyesi, 2025 y\u0131l\u0131 ba\u015f\u0131ndan bu yana Seferihisar, Urla, Karaburun, \u00c7e\u015fme ve Menderes il\u00e7elerinin sahil kesimlerinde 228 kilometre dere temizli\u011fi ger\u00e7ekle\u015ftirdi.<\/p>\n","protected":false},"author":1,"featured_media":53589,"comment_status":"open","ping_status":"open","sticky":false,"template":"","format":"standard","meta":{"footnotes":""},"categories":[4],"tags":[991,1167,6710,1583,1068],"class_list":["post-53588","post","type-post","status-publish","format-standard","has-post-thumbnail","hentry","category-gundem","tag-calismalar","tag-dere","tag-korkuluk","tag-metre","tag-tas"],"_links":{"self":[{"href":"https:\/\/bihavadis.com\/index.php\/wp-json\/wp\/v2\/posts\/53588","targetHints":{"allow":["GET"]}}],"collection":[{"href":"https:\/\/bihavadis.com\/index.php\/wp-json\/wp\/v2\/posts"}],"about":[{"href":"https:\/\/bihavadis.com\/index.php\/wp-json\/wp\/v2\/types\/post"}],"author":[{"embeddable":true,"href":"https:\/\/bihavadis.com\/index.php\/wp-json\/wp\/v2\/users\/1"}],"replies":[{"embeddable":true,"href":"https:\/\/bihavadis.com\/index.php\/wp-json\/wp\/v2\/comments?post=53588"}],"version-history":[{"count":1,"href":"https:\/\/bihavadis.com\/index.php\/wp-json\/wp\/v2\/posts\/53588\/revisions"}],"predecessor-version":[{"id":53590,"href":"https:\/\/bihavadis.com\/index.php\/wp-json\/wp\/v2\/posts\/53588\/revisions\/53590"}],"wp:featuredmedia":[{"embeddable":true,"href":"https:\/\/bihavadis.com\/index.php\/wp-json\/wp\/v2\/media\/53589"}],"wp:attachment":[{"href":"https:\/\/bihavadis.com\/index.php\/wp-json\/wp\/v2\/media?parent=53588"}],"wp:term":[{"taxonomy":"category","embeddable":true,"href":"https:\/\/bihavadis.com\/index.php\/wp-json\/wp\/v2\/categories?post=53588"},{"taxonomy":"post_tag","embeddable":true,"href":"https:\/\/bihavadis.com\/index.php\/wp-json\/wp\/v2\/tags?post=53588"}],"curies":[{"name":"wp","href":"https:\/\/api.w.org\/{rel}","templated":true}]}}