{"id":53606,"date":"2026-02-28T19:09:06","date_gmt":"2026-02-28T19:09:06","guid":{"rendered":"https:\/\/bihavadis.com\/?p=53606"},"modified":"2026-02-28T19:09:06","modified_gmt":"2026-02-28T19:09:06","slug":"mendereste-ot-ilaclamalari-basladi","status":"publish","type":"post","link":"https:\/\/bihavadis.com\/index.php\/2026\/02\/28\/mendereste-ot-ilaclamalari-basladi\/","title":{"rendered":"Menderes&#8217;te Ot \u0130la\u00e7lamalar\u0131 Ba\u015flad\u0131"},"content":{"rendered":"<p><span><span><span>Menderes Belediyesi, her y\u0131l d\u00fczenli olarak ger\u00e7ekle\u015ftirilen ot ila\u00e7lama i\u015flemlerini bu y\u0131l da ba\u015flatt\u0131. Park ve Bah\u00e7eler M\u00fcd\u00fcrl\u00fc\u011f\u00fc, kurdu\u011fu 5 ekiple il\u00e7enin farkl\u0131 b\u00f6lgelerinde ba\u015flatt\u0131\u011f\u0131 \u00e7al\u0131\u015fmada yabanc\u0131 otlarla m\u00fccadele ediyor. Ekipler belirlenen g\u00fczergahlarda \u00f6zenle ila\u00e7lama i\u015flemi ger\u00e7ekle\u015ftiriyor. Planlama dahilinde mahallelerin tamam\u0131nda \u00e7al\u0131\u015fma yap\u0131lacak. \u0130la\u00e7lama i\u015fleminin bitiminden belli bir s\u00fcre sonra ayn\u0131 i\u015flemin tekrar edilece\u011fi ifade edildi.<\/span><\/span><\/span><\/p>\n<p><span><span><span>44 Mahallemizin hepsinde \u00f6zenle \u00e7al\u0131\u015faca\u011f\u0131z<\/span><\/span><\/span><\/p>\n<p><span><span><span>\u00c7al\u0131\u015fmalar hakk\u0131nda konu\u015fan Menderes Belediye Ba\u015fkan\u0131 \u0130lkay \u00c7i\u00e7ek, \u201cHer sene en uygun zamanda ba\u015flatt\u0131\u011f\u0131m\u0131z ila\u00e7lama \u00e7al\u0131\u015fmalar\u0131m\u0131z\u0131 bu sene de zaman\u0131nda ba\u015flatt\u0131k. Yapt\u0131\u011f\u0131m\u0131z ila\u00e7lama ile yabanc\u0131 otlarla m\u00fccadele ediyoruz. 44 mahallemizin hepsinde \u00f6zenle \u00e7al\u0131\u015faca\u011f\u0131z. Yabanc\u0131 ot m\u00fccadelemiz d\u00fczenli olarak devam edecek.\u201d dedi.<\/span><\/span><\/span><\/p>\n<p>\u00a0<\/p>\n<p>\u00a0<\/p>\n<p>Kaynak: (BYZHA) Beyaz Haber Ajans\u0131<\/p>\n","protected":false},"excerpt":{"rendered":"<p>Menderes Belediyesi, her y\u0131l d\u00fczenli olarak ger\u00e7ekle\u015ftirilen ot ila\u00e7lama i\u015flemlerini bu y\u0131l da ba\u015flatt\u0131. Park ve Bah\u00e7eler M\u00fcd\u00fcrl\u00fc\u011f\u00fc, kurdu\u011fu 5 ekiple il\u00e7enin farkl\u0131 b\u00f6lgelerinde ba\u015flatt\u0131\u011f\u0131 \u00e7al\u0131\u015fmada yabanc\u0131 otlarla m\u00fccadele ediyor.<\/p>\n","protected":false},"author":1,"featured_media":53607,"comment_status":"open","ping_status":"open","sticky":false,"template":"","format":"standard","meta":{"footnotes":""},"categories":[4],"tags":[6712],"class_list":["post-53606","post","type-post","status-publish","format-standard","has-post-thumbnail","hentry","category-gundem","tag-ilaclama"],"_links":{"self":[{"href":"https:\/\/bihavadis.com\/index.php\/wp-json\/wp\/v2\/posts\/53606","targetHints":{"allow":["GET"]}}],"collection":[{"href":"https:\/\/bihavadis.com\/index.php\/wp-json\/wp\/v2\/posts"}],"about":[{"href":"https:\/\/bihavadis.com\/index.php\/wp-json\/wp\/v2\/types\/post"}],"author":[{"embeddable":true,"href":"https:\/\/bihavadis.com\/index.php\/wp-json\/wp\/v2\/users\/1"}],"replies":[{"embeddable":true,"href":"https:\/\/bihavadis.com\/index.php\/wp-json\/wp\/v2\/comments?post=53606"}],"version-history":[{"count":1,"href":"https:\/\/bihavadis.com\/index.php\/wp-json\/wp\/v2\/posts\/53606\/revisions"}],"predecessor-version":[{"id":53608,"href":"https:\/\/bihavadis.com\/index.php\/wp-json\/wp\/v2\/posts\/53606\/revisions\/53608"}],"wp:featuredmedia":[{"embeddable":true,"href":"https:\/\/bihavadis.com\/index.php\/wp-json\/wp\/v2\/media\/53607"}],"wp:attachment":[{"href":"https:\/\/bihavadis.com\/index.php\/wp-json\/wp\/v2\/media?parent=53606"}],"wp:term":[{"taxonomy":"category","embeddable":true,"href":"https:\/\/bihavadis.com\/index.php\/wp-json\/wp\/v2\/categories?post=53606"},{"taxonomy":"post_tag","embeddable":true,"href":"https:\/\/bihavadis.com\/index.php\/wp-json\/wp\/v2\/tags?post=53606"}],"curies":[{"name":"wp","href":"https:\/\/api.w.org\/{rel}","templated":true}]}}