{"id":53651,"date":"2026-02-28T19:39:09","date_gmt":"2026-02-28T19:39:09","guid":{"rendered":"https:\/\/bihavadis.com\/?p=53651"},"modified":"2026-02-28T19:39:09","modified_gmt":"2026-02-28T19:39:09","slug":"trabzonda-ulasimda-yeni-donem","status":"publish","type":"post","link":"https:\/\/bihavadis.com\/index.php\/2026\/02\/28\/trabzonda-ulasimda-yeni-donem\/","title":{"rendered":"Trabzon&#8217;da ula\u015f\u0131mda yeni d\u00f6nem"},"content":{"rendered":"<p> Trabzon B\u00fcy\u00fck\u015fehir Belediye Ba\u015fkan\u0131 Ahmet Metin Gen\u00e7, \u015fehir i\u00e7i ve \u015fehir d\u0131\u015f\u0131 dolmu\u015flar\u0131n yeni yerlerine ili\u015fkin al\u0131nan kararlar\u0131 kamuoyuna a\u00e7\u0131klad\u0131.<\/p>\n<p>Trabzon B\u00fcy\u00fck\u015fehir Belediye Ba\u015fkan\u0131 Ahmet Metin Gen\u00e7, 9 \u015eubat&#8217;ta y\u00fcr\u00fcrl\u00fc\u011fe girecek yeni dolmu\u015f d\u00fczenlemesine ili\u015fkin detaylar\u0131 bas\u0131n toplant\u0131s\u0131yla kamuoyuna a\u00e7\u0131klad\u0131. Ula\u015f\u0131mda y\u0131llard\u0131r biriken sorunlara kal\u0131c\u0131 \u00e7\u00f6z\u00fcmler \u00fcretmek i\u00e7in \u00e7al\u0131\u015ft\u0131klar\u0131n\u0131 vurgulayan Ba\u015fkan Gen\u00e7, \u015fehir i\u00e7i ve \u015fehirler aras\u0131 dolmu\u015flar\u0131n kalk\u0131\u015f noktalar\u0131n\u0131n yeniden belirlendi\u011fi kararlar\u0131n, uzun s\u00fcren m\u00fczakereler, teknik incelemeler ve sim\u00fclasyonlar sonucunda al\u0131nd\u0131\u011f\u0131n\u0131 s\u00f6yledi.<\/p>\n<p>\u015eehir i\u00e7inde \u00f6zellikle Meydan b\u00f6lgesindeki ara\u00e7 trafik y\u00fck\u00fcn\u00fc azaltmay\u0131 hedeflediklerini belirten Ba\u015fkan Gen\u00e7, &#8220;Meydan b\u00f6lgesinde k\u00f6pr\u00fc alt\u0131 olarak bilinen alan, trafik yo\u011funlu\u011funun ana sebeplerinden biriydi. Bu alan\u0131 bo\u015faltmak zorundayd\u0131k. Dolmu\u015flar art\u0131k orada de\u011fil, Esentepe Mahallesi&#8217;nde olu\u015fturdu\u011fumuz depolama alan\u0131nda konu\u015flanacak. Eski Baro binas\u0131 \u00f6n\u00fc ve Fatih Park\u0131&#8217;n\u0131n alt k\u0131sm\u0131nda her mahalle i\u00e7in bir dolmu\u015f bekleyecek, o dolup hareket ettikten sonra depolama alan\u0131ndan di\u011fer ara\u00e7 gelecek. Vatanda\u015flar\u0131m\u0131z\u0131n Meydan&#8217;a eri\u015fiminde herhangi bir sorun olmayacak ama dolmu\u015flar Meydan&#8217;a girmedi\u011fi i\u00e7in trafik y\u00fck\u00fc ciddi oranda rahatlayacak&#8221; dedi.<\/p>\n<p>Postane b\u00f6lgesindeki dolmu\u015flar\u0131n da ta\u015f\u0131naca\u011f\u0131n\u0131 a\u00e7\u0131klayan Ba\u015fkan Gen\u00e7, &#8220;Bat\u0131 mahallelerinden gelen dolmu\u015flar\u0131m\u0131z\u0131n depolama alan\u0131n\u0131 ise Pazarkap\u0131&#8217;daki Hanife Hatun Camii \u00e7evresi olarak belirledik. Postane b\u00f6lgesi ve Kahramanmara\u015f Caddesi, \u00f6zellikle okullar\u0131n a\u00e7\u0131k oldu\u011fu d\u00f6nemlerde ve Ramazan aylar\u0131nda ciddi bir s\u0131k\u0131\u015f\u0131kl\u0131k ya\u015f\u0131yordu. Bat\u0131 b\u00f6lgesine hizmet veren dolmu\u015flar\u0131m\u0131z\u0131n tamam\u0131n\u0131 Pazarkap\u0131&#8217;ya al\u0131p Postane \u00f6n\u00fcn\u00fc dolmu\u015flardan ar\u0131nd\u0131r\u0131yoruz. Ancak vatanda\u015f\u0131m\u0131z\u0131 Pazarkap\u0131&#8217;ya kadar y\u00fcr\u00fctmeyece\u011fiz. Kad\u0131nlar Pazar\u0131, Mumhane\u00f6n\u00fc ve Kemeralt\u0131 gibi \u00e7ar\u015f\u0131-pazar al\u0131\u015fkanl\u0131klar\u0131 da g\u00f6z \u00f6n\u00fcnde bulundurularak Mumhane\u00f6n\u00fc&#8217;nde her mahalle i\u00e7in bir dolmu\u015f (toplam 6 ara\u00e7) bulunacak. Dolup hareket edince yeni ara\u00e7 gelecek. B\u00f6ylece \u00e7ar\u015f\u0131 sirk\u00fclasyonunu da korumu\u015f olduk. Hem trafik rahatlayacak hem de vatanda\u015f\u0131m\u0131z ma\u011fdur olmayacak&#8221; diye konu\u015ftu.<\/p>\n<p>&#8220;\u0130l\u00e7elerimizden gelen hi\u00e7bir dolmu\u015fu \u015fehir merkezine sokmuyoruz&#8221;<\/p>\n<p>\u0130l\u00e7elerden ve kom\u015fu illerden gelen dolmu\u015flara ili\u015fkin kararlar\u0131 da payla\u015fan Ba\u015fkan Gen\u00e7, &#8220;\u0130l\u00e7elerimizden gelen hi\u00e7bir dolmu\u015fu \u015fehir merkezine sokmuyoruz. Do\u011fudan ve bat\u0131dan gelen t\u00fcm il\u00e7e dolmu\u015flar\u0131n\u0131n kalk\u0131\u015f ve depolama noktas\u0131 Pazarkap\u0131 olacak. Kom\u015fu illerimizden, \u00f6zellikle Giresun ve Rize&#8217;den gelen dolmu\u015flar\u0131m\u0131z da otogar merkezli \u00e7al\u0131\u015facak. Ancak yolcular\u0131n merkeze eri\u015fimini kolayla\u015ft\u0131rmak i\u00e7in Ekopark, \u00c7\u00f6mlek\u00e7i ve Ganita b\u00f6lgesi gibi belirlenen baz\u0131 noktalarda sadece indirme yap\u0131lacak. Bu kararlar\u0131 al\u0131rken hem vatanda\u015f\u0131m\u0131z\u0131n hem de \u015fof\u00f6r esnaf\u0131m\u0131z\u0131n hakk\u0131n\u0131 g\u00f6zeterek hareket ettik. \u0130n\u015fallah ald\u0131\u011f\u0131m\u0131z bu kararlar Trabzonumuz i\u00e7in hay\u0131rl\u0131 olsun&#8221; ifadelerini kulland\u0131.<\/p>\n<p>&#8220;Re\u015fadiye Viyad\u00fc\u011f\u00fc y\u0131k\u0131lacak&#8221;<\/p>\n<p>Gazetecilerin sorular\u0131n\u0131 da yan\u0131tlayan Ba\u015fkan Gen\u00e7, Re\u015fadiye viyad\u00fc\u011f\u00fcn\u00fcn ne zaman y\u0131k\u0131laca\u011f\u0131na ili\u015fkin bir soru \u00fczerine &#8220;Altyap\u0131s\u0131n\u0131 haz\u0131rlad\u0131k. Bakanl\u0131\u011f\u0131m\u0131z ile g\u00f6r\u00fc\u015fmelerimizi yapt\u0131k. Yak\u0131n zamanda viyad\u00fc\u011f\u00fc kald\u0131raca\u011f\u0131z. Oraya d\u00f6nel kav\u015fak koyup Pazarkap\u0131&#8217;y\u0131 tamamen yayala\u015ft\u0131rmak ve oray\u0131 Sultanahmet Meydan\u0131 gibi bir meydana d\u00f6n\u00fc\u015ft\u00fcrmek i\u00e7in sim\u00fclasyon \u00e7al\u0131\u015fmalar\u0131m\u0131z devam ediyor&#8221; dedi.<\/p>\n<p>Ba\u015fkan Gen\u00e7, dolmu\u015f zamm\u0131 konusunda Esnaf ve Sanatkarlar Odalar\u0131 Birli\u011fi&#8217;nden gelecek teklifi de\u011ferlendirdikten sonra B\u00fcy\u00fck\u015fehir Belediye Meclisi&#8217;nin onay\u0131na sunacaklar\u0131n\u0131 belirterek, &#8220;\u015eof\u00f6r esnaf\u0131m\u0131z, artan maliyetler nedeniyle hemen zam talep ediyor ancak biz bu talebi Mart ay\u0131 meclisimizde g\u00f6r\u00fc\u015fece\u011fiz. Ramazan ay\u0131n\u0131 mevcut tarife ile tamamlayal\u0131m&#8221; diye konu\u015ftu. &#8211; TRABZON<\/p>\n","protected":false},"excerpt":{"rendered":"<p>Trabzon B\u00fcy\u00fck\u015fehir Belediye Ba\u015fkan\u0131 Ahmet Metin Gen\u00e7, \u015fehir i\u00e7i ve \u015fehir d\u0131\u015f\u0131 dolmu\u015flar\u0131n yeni kalk\u0131\u015f noktalar\u0131n\u0131 duyurdu. Meydan b\u00f6lgesindeki trafik y\u00fck\u00fcn\u00fc azaltmay\u0131 hedefleyen d\u00fczenleme 9 \u015eubat&#8217;ta y\u00fcr\u00fcrl\u00fc\u011fe girecek.<\/p>\n","protected":false},"author":1,"featured_media":53652,"comment_status":"open","ping_status":"open","sticky":false,"template":"","format":"standard","meta":{"footnotes":""},"categories":[8],"tags":[1034,6717,2741,6718,1461],"class_list":["post-53651","post","type-post","status-publish","format-standard","has-post-thumbnail","hentry","category-ekonomi","tag-bolgesi","tag-dolmus","tag-gelen","tag-meydan","tag-sehir"],"_links":{"self":[{"href":"https:\/\/bihavadis.com\/index.php\/wp-json\/wp\/v2\/posts\/53651","targetHints":{"allow":["GET"]}}],"collection":[{"href":"https:\/\/bihavadis.com\/index.php\/wp-json\/wp\/v2\/posts"}],"about":[{"href":"https:\/\/bihavadis.com\/index.php\/wp-json\/wp\/v2\/types\/post"}],"author":[{"embeddable":true,"href":"https:\/\/bihavadis.com\/index.php\/wp-json\/wp\/v2\/users\/1"}],"replies":[{"embeddable":true,"href":"https:\/\/bihavadis.com\/index.php\/wp-json\/wp\/v2\/comments?post=53651"}],"version-history":[{"count":1,"href":"https:\/\/bihavadis.com\/index.php\/wp-json\/wp\/v2\/posts\/53651\/revisions"}],"predecessor-version":[{"id":53653,"href":"https:\/\/bihavadis.com\/index.php\/wp-json\/wp\/v2\/posts\/53651\/revisions\/53653"}],"wp:featuredmedia":[{"embeddable":true,"href":"https:\/\/bihavadis.com\/index.php\/wp-json\/wp\/v2\/media\/53652"}],"wp:attachment":[{"href":"https:\/\/bihavadis.com\/index.php\/wp-json\/wp\/v2\/media?parent=53651"}],"wp:term":[{"taxonomy":"category","embeddable":true,"href":"https:\/\/bihavadis.com\/index.php\/wp-json\/wp\/v2\/categories?post=53651"},{"taxonomy":"post_tag","embeddable":true,"href":"https:\/\/bihavadis.com\/index.php\/wp-json\/wp\/v2\/tags?post=53651"}],"curies":[{"name":"wp","href":"https:\/\/api.w.org\/{rel}","templated":true}]}}