{"id":53683,"date":"2026-02-28T20:06:06","date_gmt":"2026-02-28T20:06:06","guid":{"rendered":"https:\/\/bihavadis.com\/?p=53683"},"modified":"2026-02-28T20:06:06","modified_gmt":"2026-02-28T20:06:06","slug":"baskan-erkan-aydin-panayirda-vatandaslarla-gonul-sofrasinda-bulustu","status":"publish","type":"post","link":"https:\/\/bihavadis.com\/index.php\/2026\/02\/28\/baskan-erkan-aydin-panayirda-vatandaslarla-gonul-sofrasinda-bulustu\/","title":{"rendered":"Ba\u015fkan Erkan Ayd\u0131n Panay\u0131r&#8217;da Vatanda\u015flarla G\u00f6n\u00fcl Sofras\u0131nda Bulu\u015ftu"},"content":{"rendered":"<p><span><span><span><span>Osmangazi Belediyesi\u2019nin mahalle iftarlar\u0131 kapsam\u0131nda Panay\u0131r Mahallesi\u2019nde kurdu\u011fu g\u00f6n\u00fcl sofras\u0131, y\u00fczlerce vatanda\u015f\u0131 bir araya getirdi. Osmangazi Belediye Ba\u015fkan\u0131 Erkan Ayd\u0131n da mahalle sakinleriyle ayn\u0131 sofrada bulu\u015farak Ramazan\u2019\u0131n birlik, dayan\u0131\u015fma ve karde\u015flik ruhunu payla\u015ft\u0131.<\/span><\/span><\/span><\/span><\/p>\n<p><span><span><span><span>Osmangazi Belediyesi\u2019nin Ramazan ay\u0131 boyunca il\u00e7enin farkl\u0131 noktalar\u0131nda d\u00fczenledi\u011fi mahalle iftarlar\u0131, birlik ve beraberlik duygusunu g\u00fc\u00e7lendirmeye devam ediyor. Bu kapsamda Panay\u0131r Mahallesi\u2019nde kurulan iftar sofras\u0131, mahalle sakinlerini ayn\u0131 g\u00f6n\u00fcl \u00e7at\u0131s\u0131 alt\u0131nda bulu\u015fturdu. Ramazan ay\u0131n\u0131n manevi atmosferiyle anlam kazanan programda y\u00fczlerce vatanda\u015f ayn\u0131 sofrada oru\u00e7 a\u00e7arak payla\u015fman\u0131n ve dayan\u0131\u015fman\u0131n huzurunu ya\u015fad\u0131. \u00c7ocuklar\u0131n ne\u015fesi, b\u00fcy\u00fcklerin sohbeti ve mahalle sakinlerinin samimi bulu\u015fmas\u0131yla iftar program\u0131 s\u0131cak ve samimi bir atmosfere sahne oldu.<\/span><\/span><\/span><\/span><\/p>\n<p><span><span><b><span><span>\u201cRamazan Ay\u0131 Boyunca 110 Bin Yurtta\u015f\u0131m\u0131zla \u0130ftarlarda Birlikte Oluyoruz\u201d<\/span><\/span><\/b><\/span><\/span><\/p>\n<p><span><span><span><span>Osmangazi Belediye Ba\u015fkan\u0131 Erkan Ayd\u0131n da iftar program\u0131na kat\u0131larak mahalle sakinleriyle g\u00f6n\u00fcl sofras\u0131nda bir araya geldi. Vatanda\u015flara yemek da\u011f\u0131tan Ba\u015fkan Ayd\u0131n, daha sonra Panay\u0131r Mahallesi sakinleriyle tek tek selamla\u015farak, \u00e7ocuklarla sohbet edip, mahallelilerin taleplerini dinledi. Vatanda\u015flar\u0131n yo\u011fun ilgisiyle kar\u015f\u0131lanan Ba\u015fkan Ayd\u0131n, Ramazan ay\u0131n\u0131n payla\u015fma ve dayan\u0131\u015fma duygusunu g\u00fc\u00e7lendiren en \u00f6zel zamanlardan biri oldu\u011funun alt\u0131n\u0131 \u00e7izerek, bir\u00e7ok noktada halk ile iftarlarda bulu\u015ftuklar\u0131n\u0131 ifade etti. Ba\u015fkan Ayd\u0131n, mahalle sakinlerine seslendi\u011fi konu\u015fmas\u0131nda \u015funlar\u0131 kaydetti;<\/span><\/span><\/span><\/span><\/p>\n<p><span><span><span><span>\u201cBug\u00fcn, Panay\u0131r\u2019da sizlerle birlikte olduk. B\u00fct\u00fcn Ramazan ay\u0131 boyunca 110 bin yurtta\u015f\u0131m\u0131zla iftarlarda birlikte oluyoruz. Ramazan\u2019\u0131n birlik, beraberlik i\u00e7erisinde, bereketiyle, huzuruyla birlikte in\u015fallah bayrama da eri\u015felim. Muhtar\u0131m\u0131za, ba\u015fkan yard\u0131mc\u0131lar\u0131m\u0131za, meclis \u00fcyelerimize, de\u011ferli \u00e7al\u0131\u015fma arkada\u015flar\u0131m\u0131za ve tabii ki Panay\u0131r halk\u0131na te\u015fekk\u00fcr ediyoruz, hay\u0131rl\u0131 Ramazanlar diliyoruz.\u201d<\/span><\/span><\/span><\/span><\/p>\n<p><span><span><span><span>Uzun sofralarda yan yana oturan vatanda\u015flar, Ramazan\u2019\u0131n manevi ikliminde samimi sohbetler ederek birlik ve beraberlik duygusunu peki\u015ftirdi.<\/span><\/span><\/span><\/span><\/p>\n<p><span><span><b><span><span>Ba\u015fkan Ayd\u0131n Dernek \u00dcyeleriyle Bir Araya Geldi<\/span><\/span><\/b><\/span><\/span><\/p>\n<p><span><span><span><span>\u0130ftar\u0131n ard\u0131ndan Osmangazi Belediye Ba\u015fkan\u0131 Erkan Ayd\u0131n, Ardahan \u00c7aml\u0131\u00e7atak K\u00fclt\u00fcr ve Yard\u0131mla\u015fma Derne\u011fi\u2019ni ziyaret etti. Dostane bir atmosferde ge\u00e7en bulu\u015fmada Ba\u015fkan Ayd\u0131n, derneklerin hem k\u00fclt\u00fcrel de\u011ferlerin ya\u015fat\u0131lmas\u0131nda hem de hem\u015fehri dayan\u0131\u015fmas\u0131n\u0131n s\u00fcrd\u00fcr\u00fclmesinde b\u00fcy\u00fck rol \u00fcstlendi\u011fine i\u015faret ederek, \u00e7al\u0131\u015fmalar hakk\u0131nda bilgi ald\u0131. Ziyarette kar\u015f\u0131l\u0131kl\u0131 sohbet ve iyi dilekler payla\u015f\u0131l\u0131rken, bulu\u015fma g\u00fcn\u00fcn an\u0131s\u0131na \u00e7ekilen hat\u0131ra foto\u011fraflar\u0131 ve Ramazan ay\u0131n\u0131n hay\u0131rlara vesile olmas\u0131 temennileriyle sona erdi.<\/span><\/span><\/span><\/span><\/p>\n<p>\u00a0<\/p>\n<p>Kaynak: (BYZHA) Beyaz Haber Ajans\u0131<\/p>\n","protected":false},"excerpt":{"rendered":"<p>Osmangazi Belediyesi\u2019nin mahalle iftarlar\u0131 kapsam\u0131nda Panay\u0131r Mahallesi\u2019nde kurdu\u011fu g\u00f6n\u00fcl sofras\u0131, y\u00fczlerce vatanda\u015f\u0131 bir araya getirdi.<\/p>\n","protected":false},"author":1,"featured_media":53684,"comment_status":"open","ping_status":"open","sticky":false,"template":"","format":"standard","meta":{"footnotes":""},"categories":[4],"tags":[675,1018,6720,1704,1226],"class_list":["post-53683","post","type-post","status-publish","format-standard","has-post-thumbnail","hentry","category-gundem","tag-iftar","tag-mahalle","tag-panayir","tag-ramazan-ayi","tag-vatandas"],"_links":{"self":[{"href":"https:\/\/bihavadis.com\/index.php\/wp-json\/wp\/v2\/posts\/53683","targetHints":{"allow":["GET"]}}],"collection":[{"href":"https:\/\/bihavadis.com\/index.php\/wp-json\/wp\/v2\/posts"}],"about":[{"href":"https:\/\/bihavadis.com\/index.php\/wp-json\/wp\/v2\/types\/post"}],"author":[{"embeddable":true,"href":"https:\/\/bihavadis.com\/index.php\/wp-json\/wp\/v2\/users\/1"}],"replies":[{"embeddable":true,"href":"https:\/\/bihavadis.com\/index.php\/wp-json\/wp\/v2\/comments?post=53683"}],"version-history":[{"count":1,"href":"https:\/\/bihavadis.com\/index.php\/wp-json\/wp\/v2\/posts\/53683\/revisions"}],"predecessor-version":[{"id":53685,"href":"https:\/\/bihavadis.com\/index.php\/wp-json\/wp\/v2\/posts\/53683\/revisions\/53685"}],"wp:featuredmedia":[{"embeddable":true,"href":"https:\/\/bihavadis.com\/index.php\/wp-json\/wp\/v2\/media\/53684"}],"wp:attachment":[{"href":"https:\/\/bihavadis.com\/index.php\/wp-json\/wp\/v2\/media?parent=53683"}],"wp:term":[{"taxonomy":"category","embeddable":true,"href":"https:\/\/bihavadis.com\/index.php\/wp-json\/wp\/v2\/categories?post=53683"},{"taxonomy":"post_tag","embeddable":true,"href":"https:\/\/bihavadis.com\/index.php\/wp-json\/wp\/v2\/tags?post=53683"}],"curies":[{"name":"wp","href":"https:\/\/api.w.org\/{rel}","templated":true}]}}