{"id":53722,"date":"2026-02-28T20:39:08","date_gmt":"2026-02-28T20:39:08","guid":{"rendered":"https:\/\/bihavadis.com\/?p=53722"},"modified":"2026-02-28T20:39:08","modified_gmt":"2026-02-28T20:39:08","slug":"resit-tunc-yilin-kareleri-oylamasina-katildi","status":"publish","type":"post","link":"https:\/\/bihavadis.com\/index.php\/2026\/02\/28\/resit-tunc-yilin-kareleri-oylamasina-katildi\/","title":{"rendered":"Re\u015fit Tun\u00e7, &#8216;Y\u0131l\u0131n Kareleri&#8217; Oylamas\u0131na Kat\u0131ld\u0131"},"content":{"rendered":"<p> \u015e\u0131rnak Orman \u0130\u015fletme M\u00fcd\u00fcr\u00fc Re\u015fit Tun\u00e7, Anadolu Ajans\u0131n\u0131n (AA) g\u00f6z\u00fcnden 2025&#8217;e damga vuran olaylara ait foto\u011fraflar\u0131n yer ald\u0131\u011f\u0131 &#8220;Y\u0131l\u0131n Kareleri&#8221; oylamas\u0131na kat\u0131ld\u0131.<\/p>\n<p>Tun\u00e7, lifebox, AJet ve ROKETSAN sponsorlu\u011funda d\u00fczenlenen yar\u0131\u015fmada, AA foto muhabirleri ve muhabirlerinin 2025 y\u0131l\u0131nda T\u00fcrkiye ile d\u00fcnya g\u00fcndeminde yank\u0131 bulan 6 kategorideki 112 foto\u011fraf\u0131n\u0131 inceledi.<\/p>\n<p>&#8220;Gazze: A\u00e7l\u0131k&#8221; kategorisinde Ali Jadallah&#8217;\u0131n &#8220;Gazze&#8217;de zorla yerinden edilen Filistinliler topraklar\u0131na d\u00f6nd\u00fc&#8221;, &#8220;Portre&#8221;de Ahmet Aslan&#8217;\u0131n &#8220;Y\u0131llar\u0131n ard\u0131ndan&#8221; foto\u011fraflar\u0131n\u0131 se\u00e7en Tun\u00e7, &#8220;Haber&#8221;de Kharnes Alferi&#8217;nin &#8220;Tarihin \u015fahidi&#8221;, &#8220;Do\u011fal Ya\u015fam ve \u00c7evre&#8221;de Bestami Bodruk&#8217;un &#8220;Can cana&#8221; ve Murat \u015eeng\u00fcl&#8217;\u00fcn &#8220;Ate\u015f kas\u0131rgas\u0131&#8221; karelerine oy verdi.<\/p>\n<p>Tun\u00e7, &#8220;Spor&#8221;da Mehmet Futsi&#8217;nin &#8220;Y\u00fcz\u00fcc\u00fc&#8221; ve &#8220;G\u00fcnl\u00fck Hayat&#8221; kategorisinde Fareed Kotb&#8217;un &#8220;\u00c7ocuk her yerde \u00e7ocuk&#8221; foto\u011fraflar\u0131n\u0131 oylad\u0131.<\/p>\n<p>Re\u015fit Tun\u00e7, foto\u011fraflar\u0131 se\u00e7mekte zorland\u0131\u011f\u0131n\u0131 s\u00f6yledi.<\/p>\n<p>Her karenin birbirinden k\u0131ymetli ve anlaml\u0131 oldu\u011funu belirten Tun\u00e7, \u015f\u00f6yle konu\u015ftu: <\/p>\n<p>&#8220;Foto\u011fraflar\u0131 \u00e7eken arkada\u015flar\u0131n ellerine ve emeklerine sa\u011fl\u0131k. Foto\u011fraflar\u0131n her biri farkl\u0131 duygular\u0131 bar\u0131nd\u0131r\u0131yor. Foto\u011fraflar T\u00fcrkiye&#8217;nin ve d\u00fcnyan\u0131n her yerinde ya\u015fanan olaylar\u0131 g\u00f6z \u00f6n\u00fcnde bulundurularak \u00e7ekilmi\u015f \u00e7ok g\u00fczel kareler. Kat\u0131lmaktan mutlu oldum. \u00c7eken arkada\u015flar\u0131 tebrik ediyorum, ba\u015far\u0131lar diliyorum.&#8221;<\/p>\n<p>Oylama<\/p>\n<p>AA&#8217;n\u0131n 2012&#8217;den bu yana d\u00fczenledi\u011fi yar\u0131\u015fmada, bu y\u0131l &#8220;Haber&#8221;, &#8220;Do\u011fal Ya\u015fam ve \u00c7evre&#8221;, &#8220;Spor&#8221; ve &#8220;G\u00fcnl\u00fck Hayat&#8221; olmak \u00fczere 4 ana kategorinin yan\u0131 s\u0131ra &#8220;Gazze: A\u00e7l\u0131k&#8221; ve &#8220;Portre&#8221; ba\u015fl\u0131kl\u0131 2 \u00f6zel kategori yer al\u0131yor.<\/p>\n<p>T\u00fcrk\u00e7e ve \u0130ngilizce alt yaz\u0131yla d\u00fcnya genelinde yap\u0131lan oylamaya kat\u0131lanlar, istedikleri say\u0131da foto\u011frafa oy verebiliyor.<\/p>\n<p>Oylama &#8220;yilinkareleri.aa.com.tr&#8221; internet sitesinden 15 \u015eubat Pazar saat 17.00&#8217;ye kadar devam edecek.<\/p>\n","protected":false},"excerpt":{"rendered":"<p>\u015e\u0131rnak Orman \u0130\u015fletme M\u00fcd\u00fcr\u00fc Re\u015fit Tun\u00e7, AA&#8217;n\u0131n d\u00fczenledi\u011fi &#8216;Y\u0131l\u0131n Kareleri&#8217; oylamas\u0131na kat\u0131ld\u0131.<\/p>\n","protected":false},"author":1,"featured_media":53723,"comment_status":"open","ping_status":"open","sticky":false,"template":"","format":"standard","meta":{"footnotes":""},"categories":[9,4,13],"tags":[311,552,2204],"class_list":["post-53722","post","type-post","status-publish","format-standard","has-post-thumbnail","hentry","category-genel","category-gundem","category-son-dakika","tag-foto","tag-kategori","tag-tunc"],"_links":{"self":[{"href":"https:\/\/bihavadis.com\/index.php\/wp-json\/wp\/v2\/posts\/53722","targetHints":{"allow":["GET"]}}],"collection":[{"href":"https:\/\/bihavadis.com\/index.php\/wp-json\/wp\/v2\/posts"}],"about":[{"href":"https:\/\/bihavadis.com\/index.php\/wp-json\/wp\/v2\/types\/post"}],"author":[{"embeddable":true,"href":"https:\/\/bihavadis.com\/index.php\/wp-json\/wp\/v2\/users\/1"}],"replies":[{"embeddable":true,"href":"https:\/\/bihavadis.com\/index.php\/wp-json\/wp\/v2\/comments?post=53722"}],"version-history":[{"count":1,"href":"https:\/\/bihavadis.com\/index.php\/wp-json\/wp\/v2\/posts\/53722\/revisions"}],"predecessor-version":[{"id":53724,"href":"https:\/\/bihavadis.com\/index.php\/wp-json\/wp\/v2\/posts\/53722\/revisions\/53724"}],"wp:featuredmedia":[{"embeddable":true,"href":"https:\/\/bihavadis.com\/index.php\/wp-json\/wp\/v2\/media\/53723"}],"wp:attachment":[{"href":"https:\/\/bihavadis.com\/index.php\/wp-json\/wp\/v2\/media?parent=53722"}],"wp:term":[{"taxonomy":"category","embeddable":true,"href":"https:\/\/bihavadis.com\/index.php\/wp-json\/wp\/v2\/categories?post=53722"},{"taxonomy":"post_tag","embeddable":true,"href":"https:\/\/bihavadis.com\/index.php\/wp-json\/wp\/v2\/tags?post=53722"}],"curies":[{"name":"wp","href":"https:\/\/api.w.org\/{rel}","templated":true}]}}