{"id":53783,"date":"2026-02-28T21:24:38","date_gmt":"2026-02-28T21:24:38","guid":{"rendered":"https:\/\/bihavadis.com\/?p=53783"},"modified":"2026-02-28T21:24:38","modified_gmt":"2026-02-28T21:24:38","slug":"6-subat-depremi-icin-anma-mesaji","status":"publish","type":"post","link":"https:\/\/bihavadis.com\/index.php\/2026\/02\/28\/6-subat-depremi-icin-anma-mesaji\/","title":{"rendered":"6 \u015eubat Depremi \u0130\u00e7in Anma Mesaj\u0131"},"content":{"rendered":"<p>Gaziantep Ticaret Borsas\u0131 (GTB) Meclis Ba\u015fkan\u0131 Ahmet Tiryakio\u011flu ve Y\u00f6netim Kurulu Ba\u015fkan\u0131 Mehmet Ak\u0131nc\u0131, 6 \u015eubat depremlerinin y\u0131l d\u00f6n\u00fcm\u00fc dolay\u0131s\u0131yla ortak bir anma mesaj\u0131 yay\u0131mlad\u0131.<\/p>\n<p>Depremde hayat\u0131n\u0131 kaybeden vatanda\u015flar\u0131 rahmetle anan GTB Ba\u015fkanlar\u0131, mesajlar\u0131nda 6 \u015eubat&#8217;\u0131n yaln\u0131zca bir afet tarihi de\u011fil; ayn\u0131 zamanda millet\u00e7e sergilenen dayan\u0131\u015fman\u0131n ve yeniden aya\u011fa kalkma iradesinin de simgesi oldu\u011funa dikkat \u00e7ekti.<\/p>\n<p>GTB Ba\u015fkanlar\u0131 mesajda, &#8220;Takvim yapraklar\u0131nda s\u0131radan bir g\u00fcn gibi g\u00f6r\u00fcnen 6 \u015eubat, ger\u00e7ekte \u00fclkemizin haf\u0131zas\u0131na kaz\u0131nan \u00f6nemli bir d\u00f6n\u00fcm noktas\u0131d\u0131r. 2023 y\u0131l\u0131nda meydana gelen Kahramanmara\u015f merkezli depremler; \u015fehirlerimizi, sosyal hayat\u0131m\u0131z\u0131 ve ekonomik dengelerimizi derinden etkilemi\u015ftir. Aradan ge\u00e7en zamana ra\u011fmen kay\u0131plar\u0131m\u0131z\u0131n h\u00fczn\u00fc haf\u0131zalar\u0131m\u0131zda tazeli\u011fini korumaktad\u0131r. Bu b\u00fcy\u00fck felaket, ayn\u0131 zamanda millet\u00e7e sahip oldu\u011fumuz dayan\u0131\u015fma k\u00fclt\u00fcr\u00fcn\u00fc de g\u00fc\u00e7l\u00fc bi\u00e7imde ortaya koymu\u015ftur. Depremin hemen ard\u0131ndan devletimiz \u00f6nc\u00fcl\u00fc\u011f\u00fcnde ba\u015flat\u0131lan \u00e7al\u0131\u015fmalar; sivil toplum kurulu\u015flar\u0131, i\u015f d\u00fcnyas\u0131 ve g\u00f6n\u00fcll\u00fclerin katk\u0131lar\u0131yla k\u0131sa s\u00fcrede geni\u015f bir seferberli\u011fe d\u00f6n\u00fc\u015fm\u00fc\u015f, T\u00fcrkiye&#8217;nin d\u00f6rt bir yan\u0131ndan gelen destekler birlik ve beraberli\u011fimizin en somut g\u00f6stergesi olmu\u015ftur. Gaziantep Ticaret Borsas\u0131 olarak bizler de ilk g\u00fcnden itibaren sorumluluk \u00fcstlendik. Hizmet binam\u0131z ba\u015fta olmak \u00fczere t\u00fcm imkanlar\u0131m\u0131z\u0131 depremzede vatanda\u015flar\u0131m\u0131z i\u00e7in seferber ederek bar\u0131nma, g\u0131da ve temel ihtiya\u00e7lara y\u00f6nelik destekler sa\u011flad\u0131k. \u0130slahiye ve Nurda\u011f\u0131 ba\u015fta olmak \u00fczere a\u011f\u0131r hasar alan b\u00f6lgelerde ekonomik hayat\u0131n yeniden canlanmas\u0131na katk\u0131 sunmak amac\u0131yla \u00fcyelerimizle birlikte sahada aktif rol ald\u0131k. \u00c7\u00fcnk\u00fc biliyoruz ki afetlerin yaralar\u0131n\u0131 sarmak, yaln\u0131zca fiziki yap\u0131lar\u0131 yeniden in\u015fa etmekle de\u011fil; \u00fcretimi s\u00fcrd\u00fcrmek, istihdam\u0131 korumak ve ticari hayat\u0131 g\u00fc\u00e7lendirmekle m\u00fcmk\u00fcnd\u00fcr. Felaketin ard\u0131ndan ge\u00e7en s\u00fcre, yaln\u0131zca kay\u0131plar\u0131m\u0131z\u0131 de\u011fil; ayn\u0131 zamanda yeniden aya\u011fa kalkma kararl\u0131l\u0131\u011f\u0131m\u0131z\u0131 da g\u00f6stermi\u015ftir. Hi\u00e7bir \u015feyin eskisi gibi olmayaca\u011f\u0131n\u0131n fark\u0131nday\u0131z. Ancak kaybettiklerimize kar\u015f\u0131 en b\u00fcy\u00fck sorumlulu\u011fumuz; daha diren\u00e7li \u015fehirler olu\u015fturmak, afetlere kar\u015f\u0131 haz\u0131rl\u0131k kapasitemizi art\u0131rmak ve gelecek nesillere g\u00fcvenli bir ya\u015fam b\u0131rakmakt\u0131r. Gaziantep, tarih boyunca kar\u015f\u0131la\u015ft\u0131\u011f\u0131 her zorlu\u011fu dayan\u0131\u015fma ve \u00e7al\u0131\u015fma k\u00fclt\u00fcr\u00fcyle a\u015fm\u0131\u015f bir \u015fehirdir. Bug\u00fcn de ayn\u0131 inan\u00e7la \u00fcretmeye, ticareti geli\u015ftirmeye ve \u00fclkemizin ekonomik g\u00fcc\u00fcne katk\u0131 sunmaya devam ediyoruz. 6 \u015eubat&#8217;\u0131 unutmamak; yaln\u0131zca ge\u00e7mi\u015fi hat\u0131rlamak de\u011fil, gelece\u011fi daha sa\u011flam temeller \u00fczerine in\u015fa etmek demektir. Bu bilin\u00e7le hareket etmeyi s\u00fcrd\u00fcrece\u011fiz. Bu vesileyle depremde hayat\u0131n\u0131 kaybeden t\u00fcm vatanda\u015flar\u0131m\u0131z\u0131 rahmetle an\u0131yor, geride kalan ailelerine sab\u0131r diliyoruz. Allah milletimize bir daha b\u00f6yle ac\u0131lar ya\u015fatmas\u0131n&#8221; ifadelerini kulland\u0131. &#8211; GAZ\u0130ANTEP<\/p>\n","protected":false},"excerpt":{"rendered":"<p>GTB Ba\u015fkanlar\u0131, 6 \u015eubat depreminde kaybedilenleri anarak dayan\u0131\u015fma ve yeniden aya\u011fa kalkma vurgusu yapt\u0131.<\/p>\n","protected":false},"author":1,"featured_media":53784,"comment_status":"open","ping_status":"open","sticky":false,"template":"","format":"standard","meta":{"footnotes":""},"categories":[8],"tags":[3103],"class_list":["post-53783","post","type-post","status-publish","format-standard","has-post-thumbnail","hentry","category-ekonomi","tag-hayati"],"_links":{"self":[{"href":"https:\/\/bihavadis.com\/index.php\/wp-json\/wp\/v2\/posts\/53783","targetHints":{"allow":["GET"]}}],"collection":[{"href":"https:\/\/bihavadis.com\/index.php\/wp-json\/wp\/v2\/posts"}],"about":[{"href":"https:\/\/bihavadis.com\/index.php\/wp-json\/wp\/v2\/types\/post"}],"author":[{"embeddable":true,"href":"https:\/\/bihavadis.com\/index.php\/wp-json\/wp\/v2\/users\/1"}],"replies":[{"embeddable":true,"href":"https:\/\/bihavadis.com\/index.php\/wp-json\/wp\/v2\/comments?post=53783"}],"version-history":[{"count":1,"href":"https:\/\/bihavadis.com\/index.php\/wp-json\/wp\/v2\/posts\/53783\/revisions"}],"predecessor-version":[{"id":53785,"href":"https:\/\/bihavadis.com\/index.php\/wp-json\/wp\/v2\/posts\/53783\/revisions\/53785"}],"wp:featuredmedia":[{"embeddable":true,"href":"https:\/\/bihavadis.com\/index.php\/wp-json\/wp\/v2\/media\/53784"}],"wp:attachment":[{"href":"https:\/\/bihavadis.com\/index.php\/wp-json\/wp\/v2\/media?parent=53783"}],"wp:term":[{"taxonomy":"category","embeddable":true,"href":"https:\/\/bihavadis.com\/index.php\/wp-json\/wp\/v2\/categories?post=53783"},{"taxonomy":"post_tag","embeddable":true,"href":"https:\/\/bihavadis.com\/index.php\/wp-json\/wp\/v2\/tags?post=53783"}],"curies":[{"name":"wp","href":"https:\/\/api.w.org\/{rel}","templated":true}]}}