{"id":53786,"date":"2026-02-28T21:27:08","date_gmt":"2026-02-28T21:27:08","guid":{"rendered":"https:\/\/bihavadis.com\/?p=53786"},"modified":"2026-02-28T21:27:08","modified_gmt":"2026-02-28T21:27:08","slug":"a-milli-futbol-takimimizin-eski-teknik-direktoru-sepp-piontek-hayatini-kaybetti","status":"publish","type":"post","link":"https:\/\/bihavadis.com\/index.php\/2026\/02\/28\/a-milli-futbol-takimimizin-eski-teknik-direktoru-sepp-piontek-hayatini-kaybetti\/","title":{"rendered":"A Milli Futbol Tak\u0131m\u0131m\u0131z\u0131n eski teknik direkt\u00f6r\u00fc Sepp Piontek hayat\u0131n\u0131 kaybetti"},"content":{"rendered":"<p>A Milli Futbol Tak\u0131m\u0131m\u0131z\u0131n eski teknik direkt\u00f6rlerinden Sepp Piontek&#8217;ten ac\u0131 haber geldi&#8230;<\/p>\n<p>Futbol d\u00fcnyas\u0131n\u0131n usta isimlerinden olan Piontek, 85 ya\u015f\u0131nda hayat\u0131n\u0131 kaybetti.<\/p>\n<p>Piontek, 1990 ile 1993 y\u0131llar\u0131 aras\u0131nda A Milli Tak\u0131m&#8217;da g\u00f6rev yapm\u0131\u015ft\u0131.<\/p>\n<p><strong>A M\u0130LL\u0130 TAKIM&#8217;IN BA\u015eINDA 3 YIL G\u00d6REV YAPMI\u015eTI<\/strong><\/p>\n<p>A Milli Tak\u0131m&#8217;\u0131n ba\u015f\u0131nda 3 y\u0131lda 27 ma\u00e7ta g\u00f6rev yapan Alman teknik adam, T\u00fcrkiye&#8217;de daha sonra Bursaspor&#8217;da da g\u00f6rev alm\u0131\u015ft\u0131.<\/p>\n<p>Danimarka futboluna alt\u0131n \u00e7a\u011f\u0131n\u0131 ya\u015fatt\u0131ktan sonra 1990 y\u0131l\u0131nda A Milli Tak\u0131m&#8217;\u0131n ba\u015f\u0131na ge\u00e7en Alman teknik adam, Fatih Terim&#8217;i yard\u0131mc\u0131s\u0131 yaparak T\u00fcrk futboluna b\u00fcy\u00fck bir miras b\u0131rakt\u0131.<\/p>\n<p><img decoding=\"async\" src=\"https:\/\/bihavadis.com\/wp-content\/uploads\/2026\/02\/a-milli-futbol-takimimizin-eski-teknik-direktoru-sepp-piontek-hayatini-kaybetti-0-EDJNEgSA.jpg\"\/><\/p>\n<p><strong>&#8216;GELECE\u011e\u0130 \u0130N\u015eA EDEN ADAM&#8217;<\/strong><\/p>\n<p>\u00dc\u00e7 y\u0131ll\u0131k g\u00f6rev s\u00fcresinde Ay Y\u0131ld\u0131zl\u0131 ekibin iskeletini kuran Piontek, otoriteler taraf\u0131ndan gelece\u011fi in\u015fa eden adam olarak nitelendirildi.<\/p>\n<p><img decoding=\"async\" src=\"https:\/\/bihavadis.com\/wp-content\/uploads\/2026\/02\/a-milli-futbol-takimimizin-eski-teknik-direktoru-sepp-piontek-hayatini-kaybetti-1-yiiB27lW.jpg\"\/> <\/p>\n<div> <span><strong>Kaynak:<\/strong> Ensonhaber Haber Merkezi<\/span> <\/div>\n","protected":false},"excerpt":{"rendered":"<p>A Milli Futbol Tak\u0131m\u0131m\u0131z\u0131n eski teknik direkt\u00f6rlerinden Sepp Piontek&#8217;ten ac\u0131 haber geldi&#8230; Futbol d\u00fcnyas\u0131n\u0131n usta isimlerinden olan Piontek, 85 ya\u015f\u0131nda hayat\u0131n\u0131 kaybetti. Piontek, 1990 ile 1993 y\u0131llar\u0131 aras\u0131nda A Milli Tak\u0131m&#8217;da g\u00f6rev yapm\u0131\u015ft\u0131. A &#8230;<\/p>\n","protected":false},"author":1,"featured_media":53787,"comment_status":"open","ping_status":"open","sticky":false,"template":"","format":"standard","meta":{"footnotes":""},"categories":[14],"tags":[6727,1159],"class_list":["post-53786","post","type-post","status-publish","format-standard","has-post-thumbnail","hentry","category-spor","tag-a-milli","tag-gorev"],"_links":{"self":[{"href":"https:\/\/bihavadis.com\/index.php\/wp-json\/wp\/v2\/posts\/53786","targetHints":{"allow":["GET"]}}],"collection":[{"href":"https:\/\/bihavadis.com\/index.php\/wp-json\/wp\/v2\/posts"}],"about":[{"href":"https:\/\/bihavadis.com\/index.php\/wp-json\/wp\/v2\/types\/post"}],"author":[{"embeddable":true,"href":"https:\/\/bihavadis.com\/index.php\/wp-json\/wp\/v2\/users\/1"}],"replies":[{"embeddable":true,"href":"https:\/\/bihavadis.com\/index.php\/wp-json\/wp\/v2\/comments?post=53786"}],"version-history":[{"count":1,"href":"https:\/\/bihavadis.com\/index.php\/wp-json\/wp\/v2\/posts\/53786\/revisions"}],"predecessor-version":[{"id":53790,"href":"https:\/\/bihavadis.com\/index.php\/wp-json\/wp\/v2\/posts\/53786\/revisions\/53790"}],"wp:featuredmedia":[{"embeddable":true,"href":"https:\/\/bihavadis.com\/index.php\/wp-json\/wp\/v2\/media\/53787"}],"wp:attachment":[{"href":"https:\/\/bihavadis.com\/index.php\/wp-json\/wp\/v2\/media?parent=53786"}],"wp:term":[{"taxonomy":"category","embeddable":true,"href":"https:\/\/bihavadis.com\/index.php\/wp-json\/wp\/v2\/categories?post=53786"},{"taxonomy":"post_tag","embeddable":true,"href":"https:\/\/bihavadis.com\/index.php\/wp-json\/wp\/v2\/tags?post=53786"}],"curies":[{"name":"wp","href":"https:\/\/api.w.org\/{rel}","templated":true}]}}