{"id":53807,"date":"2026-02-28T21:39:06","date_gmt":"2026-02-28T21:39:06","guid":{"rendered":"https:\/\/bihavadis.com\/?p=53807"},"modified":"2026-02-28T21:39:06","modified_gmt":"2026-02-28T21:39:06","slug":"fenerbahce-kadin-basketbol-takimi-sampiyonluk-pesinde","status":"publish","type":"post","link":"https:\/\/bihavadis.com\/index.php\/2026\/02\/28\/fenerbahce-kadin-basketbol-takimi-sampiyonluk-pesinde\/","title":{"rendered":"Fenerbah\u00e7e Kad\u0131n Basketbol Tak\u0131m\u0131 \u015eampiyonluk Pe\u015finde"},"content":{"rendered":"<p> Fenerbah\u00e7e&#8217;nin milli basketbolcusu Sevgi Uzun, Avrupa kupalar\u0131nda bu sezon \u015fampiyonluk hedefiyle oynad\u0131klar\u0131n\u0131 ve ge\u00e7en seneyi telafi etmek istediklerini s\u00f6yledi.<\/p>\n<p>Fenerbah\u00e7e&#8217;nin milli basketbolcusu Sevgi Uzun, kat\u0131ld\u0131\u011f\u0131 Brand&#038;Sport Summit etkinli\u011finde bas\u0131n mensuplar\u0131na a\u00e7\u0131klamalarda bulundu. \u0130lk olarak Fenerbah\u00e7e&#8217;nin bu sezonki Avrupa ser\u00fcvenini de\u011ferlendiren Uzun, &#8220;Avrupa ser\u00fcvenimiz \u00e7ok iyi gidiyor. Bir ma\u011flubiyetle bitirdik. Ama iyi bir yolda oldu\u011fumuzu d\u00fc\u015f\u00fcn\u00fcyorum. \u015eu an en kritik noktaday\u0131z. Play-in&#8217;ler oynayaca\u011f\u0131z. Bizim i\u00e7in ondan sonra da Final Four ve \u015fampiyonluk ma\u00e7\u0131 in\u015fallah. G\u00fczel haz\u0131rland\u0131\u011f\u0131m\u0131z\u0131 d\u00fc\u015f\u00fcn\u00fcyorum. Tabii ki hedefimiz her zaman oldu\u011fu gibi \u015fampiyonluk. Umar\u0131m ge\u00e7en seneyi telafi edip, bu sene Avrupa&#8217;y\u0131 \u015fampiyonlukla bitirece\u011fiz&#8221; \u015feklinde konu\u015ftu.<\/p>\n<p>&#8220;WNBA&#8217;in bir par\u00e7as\u0131 olabilmek inan\u0131lmaz bir \u015fey&#8221;<\/p>\n<p>WNBA kariyerine ili\u015fkin de a\u00e7\u0131klamalarda bulunan 28 ya\u015f\u0131ndaki basketbolcu, &#8220;\u00c7ok farkl\u0131 bir k\u00fclt\u00fcr ve \u00e7ok farkl\u0131 bir basketbol seviyesi var. Ben oraya hedeflerimi ger\u00e7ekle\u015ftirmek, kendimi geli\u015ftirmek i\u00e7in gittim. Oran\u0131n bir par\u00e7as\u0131 olabilmek ger\u00e7ekten inan\u0131lmaz bir \u015fey. \u00c7ok da keyif ald\u0131m. \u00c7ok zor d\u00f6nemler de ge\u00e7irdik. O y\u00fczden hem kariyerime hem de basketbolu g\u00f6r\u00fc\u015f a\u00e7\u0131ma \u00e7ok \u015fey katt\u0131, kendimi de \u00e7ok geli\u015ftirdim. Umar\u0131m e\u011flenceli bir \u015fekilde devam eder. \u00c7ok sakatl\u0131klar ya\u015fad\u0131\u011f\u0131m bir d\u00f6nem oldu. O y\u00fczden biraz \u015fanss\u0131zd\u0131 da ama ben yine de \u00e7ok keyif ald\u0131m&#8221; ifadelerini kulland\u0131.<\/p>\n<p>&#8220;2 T\u00fcrk oyuncu kural\u0131 bizi milli tak\u0131mda da pozitif anlamda etkiledi&#8221;<\/p>\n<p>T\u00fcrkiye Kad\u0131nlar Basketbol Ligi&#8217;ndeki iki T\u00fcrk oyuncu kural\u0131n\u0131n milli tak\u0131m\u0131 olumlu etkiledi\u011fini s\u00f6yleyen Sevgi Uzun, &#8220;Bence federasyonumuzun karar verdi\u011fi iki T\u00fcrk oyuncunun sahada olmas\u0131 bizim i\u00e7in \u00e7ok \u00f6nemli bir kurald\u0131. Bizi milli tak\u0131mda da pozitif anlamda etkiledi. \u00c7\u00fcnk\u00fc \u00e7ok fazla T\u00fcrk oyuncu, yabanc\u0131 oyuncular\u0131n yan\u0131nda farkl\u0131 sorumluluklar almaya ba\u015flad\u0131. Bence bu g\u00f6zle g\u00f6r\u00fclebilir \u015fekilde ortada. O y\u00fczden bunun ekme\u011fini yiyip in\u015fallah \u00f6nce martta D\u00fcnya \u015eampiyonas\u0131 elemelerinde sonra nasip olursa D\u00fcnya \u015eampiyonas\u0131&#8217;nda \u00e7ok g\u00fczel m\u00fccadele ortaya koyup do\u011fru bir karar verildi\u011fini, bize emek verilebilece\u011fini ortaya koyaca\u011f\u0131m\u0131z\u0131 d\u00fc\u015f\u00fcn\u00fcyorum. Bence \u00e7ok pozitif ger\u00e7ekten&#8221; dedi. &#8211; \u0130STANBUL<\/p>\n","protected":false},"excerpt":{"rendered":"<p>Sevgi Uzun, Fenerbah\u00e7e&#8217;nin Avrupa&#8217;da \u015fampiyonluk hedefledi\u011fini ve ge\u00e7en y\u0131l\u0131 telafi etmek istediklerini belirtti.<\/p>\n","protected":false},"author":1,"featured_media":53808,"comment_status":"open","ping_status":"open","sticky":false,"template":"","format":"standard","meta":{"footnotes":""},"categories":[14],"tags":[39,1907,1728,517],"class_list":["post-53807","post","type-post","status-publish","format-standard","has-post-thumbnail","hentry","category-spor","tag-basketbol","tag-milli","tag-oyuncu","tag-turk"],"_links":{"self":[{"href":"https:\/\/bihavadis.com\/index.php\/wp-json\/wp\/v2\/posts\/53807","targetHints":{"allow":["GET"]}}],"collection":[{"href":"https:\/\/bihavadis.com\/index.php\/wp-json\/wp\/v2\/posts"}],"about":[{"href":"https:\/\/bihavadis.com\/index.php\/wp-json\/wp\/v2\/types\/post"}],"author":[{"embeddable":true,"href":"https:\/\/bihavadis.com\/index.php\/wp-json\/wp\/v2\/users\/1"}],"replies":[{"embeddable":true,"href":"https:\/\/bihavadis.com\/index.php\/wp-json\/wp\/v2\/comments?post=53807"}],"version-history":[{"count":1,"href":"https:\/\/bihavadis.com\/index.php\/wp-json\/wp\/v2\/posts\/53807\/revisions"}],"predecessor-version":[{"id":53809,"href":"https:\/\/bihavadis.com\/index.php\/wp-json\/wp\/v2\/posts\/53807\/revisions\/53809"}],"wp:featuredmedia":[{"embeddable":true,"href":"https:\/\/bihavadis.com\/index.php\/wp-json\/wp\/v2\/media\/53808"}],"wp:attachment":[{"href":"https:\/\/bihavadis.com\/index.php\/wp-json\/wp\/v2\/media?parent=53807"}],"wp:term":[{"taxonomy":"category","embeddable":true,"href":"https:\/\/bihavadis.com\/index.php\/wp-json\/wp\/v2\/categories?post=53807"},{"taxonomy":"post_tag","embeddable":true,"href":"https:\/\/bihavadis.com\/index.php\/wp-json\/wp\/v2\/tags?post=53807"}],"curies":[{"name":"wp","href":"https:\/\/api.w.org\/{rel}","templated":true}]}}