{"id":53864,"date":"2026-02-28T22:24:38","date_gmt":"2026-02-28T22:24:38","guid":{"rendered":"https:\/\/bihavadis.com\/?p=53864"},"modified":"2026-02-28T22:24:38","modified_gmt":"2026-02-28T22:24:38","slug":"cesmede-saganak-yagis-hayati-olumsuz-etkiledi","status":"publish","type":"post","link":"https:\/\/bihavadis.com\/index.php\/2026\/02\/28\/cesmede-saganak-yagis-hayati-olumsuz-etkiledi\/","title":{"rendered":"\u00c7e\u015fme&#8217;de Sa\u011fanak Ya\u011f\u0131\u015f Hayat\u0131 Olumsuz Etkiledi"},"content":{"rendered":"<p>\n<p>\u0130ZM\u0130R&#8217;in \u00c7e\u015fme il\u00e7esinde etkili olan sa\u011fanak, hayat\u0131 olumsuz etkiledi. Yollarda su birikintileri olu\u015furken, baz\u0131 ev ve i\u015f yerlerini de su bast\u0131. Y\u00fcksek kesimlerden akan \u00e7amurlu su nedeniyle denizin baz\u0131 b\u00f6l\u00fcmleri kahverengiye d\u00f6nd\u00fc.<\/p>\n<p>Meteoroloji 2&#8217;nci B\u00f6lge M\u00fcd\u00fcrl\u00fc\u011f\u00fc&#8217;n\u00fcn uyar\u0131s\u0131n\u0131n ard\u0131ndan \u00c7e\u015fme il\u00e7esinde sabah saatlerinden itibaren sa\u011fanak etkili oldu. Ya\u011f\u0131\u015f nedeniyle \u00e7ok say\u0131da noktada su birikintileri olu\u015furken, baz\u0131 ev ve i\u015f yerlerini su bast\u0131, r\u00f6garlar da ta\u015ft\u0131. \u0130l\u00e7ede y\u00fcksek kesimlerden akan \u00e7amurlu su nedeniyle denizin rengi kahverengiye d\u00f6nd\u00fc. Belediye ekipleri ve b\u00f6lge halk\u0131, sular\u0131n tahliyesi i\u00e7in \u00e7al\u0131\u015fma yapt\u0131. <\/p>\n","protected":false},"excerpt":{"rendered":"<p>\u00c7e\u015fme&#8217;da etkili sa\u011fanak ya\u011f\u0131\u015f yollar\u0131 su bast\u0131, deniz kahverengi oldu, tahliye \u00e7al\u0131\u015fmalar\u0131 ba\u015flad\u0131.<\/p>\n","protected":false},"author":1,"featured_media":53865,"comment_status":"open","ping_status":"open","sticky":false,"template":"","format":"standard","meta":{"footnotes":""},"categories":[9,4,13],"tags":[],"class_list":["post-53864","post","type-post","status-publish","format-standard","has-post-thumbnail","hentry","category-genel","category-gundem","category-son-dakika"],"_links":{"self":[{"href":"https:\/\/bihavadis.com\/index.php\/wp-json\/wp\/v2\/posts\/53864","targetHints":{"allow":["GET"]}}],"collection":[{"href":"https:\/\/bihavadis.com\/index.php\/wp-json\/wp\/v2\/posts"}],"about":[{"href":"https:\/\/bihavadis.com\/index.php\/wp-json\/wp\/v2\/types\/post"}],"author":[{"embeddable":true,"href":"https:\/\/bihavadis.com\/index.php\/wp-json\/wp\/v2\/users\/1"}],"replies":[{"embeddable":true,"href":"https:\/\/bihavadis.com\/index.php\/wp-json\/wp\/v2\/comments?post=53864"}],"version-history":[{"count":1,"href":"https:\/\/bihavadis.com\/index.php\/wp-json\/wp\/v2\/posts\/53864\/revisions"}],"predecessor-version":[{"id":53866,"href":"https:\/\/bihavadis.com\/index.php\/wp-json\/wp\/v2\/posts\/53864\/revisions\/53866"}],"wp:featuredmedia":[{"embeddable":true,"href":"https:\/\/bihavadis.com\/index.php\/wp-json\/wp\/v2\/media\/53865"}],"wp:attachment":[{"href":"https:\/\/bihavadis.com\/index.php\/wp-json\/wp\/v2\/media?parent=53864"}],"wp:term":[{"taxonomy":"category","embeddable":true,"href":"https:\/\/bihavadis.com\/index.php\/wp-json\/wp\/v2\/categories?post=53864"},{"taxonomy":"post_tag","embeddable":true,"href":"https:\/\/bihavadis.com\/index.php\/wp-json\/wp\/v2\/tags?post=53864"}],"curies":[{"name":"wp","href":"https:\/\/api.w.org\/{rel}","templated":true}]}}