{"id":53876,"date":"2026-02-28T22:33:37","date_gmt":"2026-02-28T22:33:37","guid":{"rendered":"https:\/\/bihavadis.com\/?p=53876"},"modified":"2026-02-28T22:33:37","modified_gmt":"2026-02-28T22:33:37","slug":"ak-parti-genel-baskan-vekili-elitas-secimlerin-one-alinmasi-ile-ilgili-en-uygun-zaman-mevsimsel-olarak-kasim-ayi-2027-yili-kasim-ayi-icerisinde","status":"publish","type":"post","link":"https:\/\/bihavadis.com\/index.php\/2026\/02\/28\/ak-parti-genel-baskan-vekili-elitas-secimlerin-one-alinmasi-ile-ilgili-en-uygun-zaman-mevsimsel-olarak-kasim-ayi-2027-yili-kasim-ayi-icerisinde\/","title":{"rendered":"AK Parti Genel Ba\u015fkan Vekili Elita\u015f: &#8220;Se\u00e7imlerin \u00f6ne al\u0131nmas\u0131 ile ilgili en uygun zaman mevsimsel olarak kas\u0131m ay\u0131, 2027 y\u0131l\u0131 Kas\u0131m ay\u0131 i\u00e7erisinde&#8221;"},"content":{"rendered":"<p> AK Parti Genel Ba\u015fkan Vekili Mustafa Elita\u015f, genel ve yerel se\u00e7imlerin yap\u0131labilece\u011fi tarihlere ili\u015fkin, &#8220;Se\u00e7imlerin \u00f6ne al\u0131nmas\u0131 ile ilgili en uygun zaman\u0131n mevsimsel olarak kas\u0131m ay\u0131 olabilece\u011fini s\u00f6yl\u00fcyorum. 2027 y\u0131l\u0131 Kas\u0131m ay\u0131 i\u00e7erisinde. 25 se\u00e7imi ya\u015fam\u0131\u015f birisi olarak s\u00f6yl\u00fcyorum&#8221; dedi.<\/p>\n<p>AK Parti Genel Ba\u015fkan Vekili Mustafa Elita\u015f, T\u00fcrkiye Bas\u0131n Federasyonu&#8217;nun d\u00fczenledi\u011fi &#8216;Anadolu Sohbetleri&#8217; program\u0131nda g\u00fcndeme dair a\u00e7\u0131klamalarda bulundu. Milletin oylar\u0131yla tescil edilmi\u015f bir anayasaya ihtiya\u00e7 oldu\u011funu s\u00f6yleyen Elita\u015f, &#8220;Cumhurba\u015fkan\u0131m\u0131z\u0131n a\u00e7\u0131klad\u0131\u011f\u0131 bir heyet vard\u0131. Bu heyet 12-13 toplant\u0131 yapt\u0131. Herhalde 10 \u015eubat tarihinde bir toplant\u0131 ger\u00e7ekle\u015ftirece\u011fiz. \u015eu anda 50 art\u0131 1 ile ilgili herhangi bir g\u00f6r\u00fc\u015fme, tart\u0131\u015fma s\u00f6z konusu de\u011fil. \u015eu anda madde yaz\u0131m\u0131na ge\u00e7ilmedi. T\u00fcrkiye anayasa tecr\u00fcbesi olan ilk \u00fclkelerden biri. Biz de bunu en iyi \u015fekilde \u00fclkemiz insan\u0131na faydal\u0131 olacak ve uzun y\u0131llar anayasay\u0131 tart\u0131\u015fmaz hale getirmek kanaatinde oluruz diye d\u00fc\u015f\u00fcn\u00fcyorum. D\u00fcnyadaki en uzun anayasalar i\u00e7erisinde bizim anayasam\u0131z. Kanun metni gibi anayasa metni olmamal\u0131. Baz\u0131 maddeler y\u00f6netmelik metni gibi. S\u0131k s\u0131k de\u011fi\u015ftirilme ihtiyac\u0131 has\u0131l oluyor. Daha az maddeleri olan ve \u00f6z sat\u0131rl\u0131 bir anayasa olmal\u0131. Benim \u015fahsi fikrim bu&#8221; diye konu\u015ftu.<\/p>\n<p>&#8220;Umut hakk\u0131 konusuna dair konu\u015fmak erken olur&#8221;<\/p>\n<p>Umut hakk\u0131 konusuna de\u011finen Elita\u015f, &#8220;Parlamento bunu de\u011ferlendirir ve kamuoyuyla sonu\u00e7 ortaya \u00e7\u0131kar. Anayasa de\u011fi\u015fikli\u011fi i\u00e7in 360 milletvekilinin ayn\u0131 y\u00f6nde oy vermesi referandumla ortaya \u00e7\u0131k\u0131yor, 400 milletvekilinin ayn\u0131 y\u00f6nde oy vermesi referandumsuz ortaya \u00e7\u0131k\u0131yor. Bu rapor da parlamentoya sunulacak. Parlamentodaki milletvekillerinin her birinin \u00f6zg\u00fcr iradesi var, se\u00e7im b\u00f6lgeleri var. Ona g\u00f6re de\u011ferlendirmeler yap\u0131yorlar. \u015eu anda bu konuyla ilgili konu\u015fmak erken olur&#8221; ifadelerini kulland\u0131.<\/p>\n<p>&#8220;\u00d6zel&#8217;in haftal\u0131k ola\u011fan bilgi verme toplant\u0131lar\u0131ndan uzakla\u015fmas\u0131 gerek&#8221;<\/p>\n<p>\u00d6zg\u00fcr \u00d6zel&#8217;in erken se\u00e7im istemesi hakk\u0131nda konu\u015fan Elita\u015f, &#8220;\u00d6zg\u00fcr \u00d6zel&#8217;in de erken se\u00e7im kanaatinde oldu\u011fu ile ilgili kanaatte de\u011filim. \u00d6zel&#8217;in haftal\u0131k ola\u011fan bilgi verme toplant\u0131lar\u0131ndan uzakla\u015fmas\u0131 gerekir. \u00d6zg\u00fcr \u00d6zel&#8217;in dedi\u011fine bakmay\u0131n, e\u015f ba\u015fkan\u0131n \u00f6tesindeki ki\u015finin s\u00f6ylediklerine bak\u0131n. 2024 se\u00e7imlerinden sonra \u00d6zel erken se\u00e7im yok diye \u0131srar etmesine ra\u011fmen liderleri engel oldu bu i\u015fe. Haziran 2024 tarihindeki yapt\u0131\u011f\u0131m\u0131z ikinci g\u00f6r\u00fc\u015fmede de ayn\u0131 \u015feyi beyan etmesine ra\u011fmen 1 g\u00fcn sonra genel ba\u015fkan\u0131n yard\u0131mc\u0131lar\u0131 bir a\u00e7\u0131klama yapt\u0131 &#8216;erken se\u00e7im istiyoruz&#8217; diye. 1 hafta sonra da \u00d6zel a\u00e7\u0131klama yapmak zorunda kald\u0131. Yani \u00d6zel&#8217;in s\u00f6z\u00fcn\u00fc yedirtiyorlar. Onun i\u00e7in \u015fu anda grup ba\u015fkan\u0131 stat\u00fcs\u00fcne belki gelmi\u015f olabilir&#8221; diye konu\u015ftu.<\/p>\n<p>&#8220;Benim kanaatim 2028 ve 2029&#8217;daki se\u00e7imlerin \u00f6ne \u00e7ekilmesi&#8221;<\/p>\n<p>Genel ve yerel se\u00e7imlerin yap\u0131labilece\u011fi tarihlere de\u011finen Elita\u015f, &#8220;T\u00fcrkiye iklimiyle ilgili 2009 y\u0131l\u0131 26 Mart&#8217;ta rahmetli Muhsin Yaz\u0131c\u0131o\u011flu, yerel se\u00e7im a\u015famas\u0131nda k\u00f6t\u00fc hava \u015fartlar\u0131 m\u00fcnasebetiyle diye bildi\u011fimiz ama farkl\u0131 \u015fekilde de\u011ferlendirilen se\u00e7im \u00e7al\u0131\u015fmalar\u0131 noktas\u0131nda \u015fehit oldu. Hem yerel hem genel se\u00e7imlerin en iyi iklimi ekim, kas\u0131m aylar\u0131. Okullar\u0131n ba\u015flad\u0131\u011f\u0131, ailelerin tatilden geldi\u011fi, hava \u015fartlar\u0131n\u0131n uygun oldu\u011fu, mevsim normallerinin oldu\u011fu bir zaman\u0131n olmas\u0131 gerekir diye d\u00fc\u015f\u00fcn\u00fcyorum. Yerel se\u00e7imler i\u00e7in de s\u00f6yl\u00fcyorum, o s\u00fcre\u00e7tir. Se\u00e7im, 14 May\u0131s&#8217;tan \u00f6nceki pazar g\u00fcn\u00fc olacak. 2028 y\u0131l\u0131 i\u00e7in resmi tarih 7 veya 8 May\u0131s ediyor. Se\u00e7im kanununda &#8216;5 y\u0131l i\u00e7inde yap\u0131l\u0131r. Bir \u00f6nceki oy verme g\u00fcn\u00fcnden \u00f6nceki pazar g\u00fcn\u00fc oy verme g\u00fcn\u00fcd\u00fcr&#8217; diyor. Yani her sene 1 hafta \u00f6nceye gelecek \u015fekilde yap\u0131lm\u0131\u015f. Yerel se\u00e7imlerde de &#8216;Mart ay\u0131n\u0131n son pazar g\u00fcn\u00fc oy verme g\u00fcn\u00fcd\u00fcr&#8217; diye ifade ediliyor. Benim kanaatimce 2029&#8217;dakini \u00f6ne \u00e7ekmek, ekim veya kas\u0131m, 2028 y\u0131l\u0131ndakini de may\u0131stan \u00f6ne \u00e7ekmek. Yine nisan var, \u00e7amurlu bir d\u00f6nem. 2029&#8217;dakini de \u00f6yle olsun diye d\u00fc\u015f\u00fcn\u00fcyorum. O anayasa de\u011fi\u015fikli\u011fi ile olabilir. Se\u00e7imlerin \u00f6ne al\u0131nmas\u0131 ile ilgili en uygun zaman\u0131n mevsimsel olarak kas\u0131m ay\u0131 olabilece\u011fini s\u00f6yl\u00fcyorum. 2027 y\u0131l\u0131 Kas\u0131m ay\u0131 i\u00e7erisinde. 25 se\u00e7imi ya\u015fam\u0131\u015f birisi olarak s\u00f6yl\u00fcyorum&#8221; a\u00e7\u0131klamas\u0131nda bulundu.<\/p>\n<p>&#8220;Milletten yetkisini alm\u0131\u015f bir iktidar\u0131n erken b\u0131rakmas\u0131 do\u011fru de\u011fildir&#8221;<\/p>\n<p>Bir bas\u0131n mensubunun MHP Lideri Devlet Bah\u00e7eli&#8217;nin &#8216;Erken se\u00e7im ahmakl\u0131kt\u0131r&#8217; s\u00f6zlerini hat\u0131rlatmas\u0131 \u00fczerine Elita\u015f, &#8220;Erken se\u00e7im, s\u00fcrenin 2028 y\u0131l\u0131 8 May\u0131s tarihinde bitti\u011fi d\u00f6nemde milletten yetkisini alm\u0131\u015f bir iktidar\u0131n \u00f6nceden b\u0131rakmas\u0131 do\u011fru de\u011fil. \u015eu anda se\u00e7imlere 2 y\u0131ldan fazla bir zaman var. 27 ay \u00f6ncesi se\u00e7im istemek, Bah\u00e7eli&#8217;nin tabir etti\u011fi \u015fekilde do\u011frudur. Teknik meselelerden dolay\u0131 birka\u00e7 ay veya hafta \u00f6ne al\u0131nmas\u0131, se\u00e7imin yenilenmesi ad\u0131n\u0131 ta\u015f\u0131maktad\u0131r. Zaten bu yap\u0131lan i\u015fler anayasam\u0131zda da se\u00e7imin yenilenmesiyle ilgili h\u00fck\u00fcm mevcut&#8221; dedi.<\/p>\n<p>&#8220;Epstein dosyalar\u0131nda da FET\u00d6&#8217;n\u00fcn i\u015fleriyle ilgili \u015feyler a\u00e7\u0131klan\u0131yor&#8221;<\/p>\n<p>FET\u00d6 i\u00e7indeki b\u00f6l\u00fcnmeler \u00fczerine af dileyenlerle ilgili Elita\u015f, &#8220;O ter\u00f6r \u00f6rg\u00fct\u00fcd\u00fcr. Bu milletin al\u0131n teriyle al\u0131nm\u0131\u015f silahlar\u0131, edevat\u0131 milletin iradesine kar\u015f\u0131 y\u00fcr\u00fcten bir \u00f6rg\u00fct\u00fcn temsilcileridir. Ba\u015fkalar\u0131n\u0131n oyunca\u011f\u0131d\u0131r. O ter\u00f6r \u00f6rg\u00fct\u00fcn\u00fcn eleba\u015flar\u0131n\u0131n affedilmesi benim vicdan\u0131m\u0131 yaralar a\u00e7\u0131k\u00e7as\u0131. Ben b\u00f6yle bir \u015fey olmad\u0131\u011f\u0131n\u0131 d\u00fc\u015f\u00fcn\u00fcyorum. Yeniden yarg\u0131lanmayla ilgili ba\u015fka konular de\u011ferlendirilebilir ama \u00f6nc\u00fclerinin yapt\u0131\u011f\u0131 i\u015fin affedilmesinin m\u00fcmk\u00fcn olmad\u0131\u011f\u0131n\u0131 d\u00fc\u015f\u00fcn\u00fcyorum. Epstein dosyalar\u0131nda da FET\u00d6&#8217;n\u00fcn i\u015fleriyle ilgili \u015feyler a\u00e7\u0131klan\u0131yor&#8221; de\u011ferlendirmesinde bulundu.<\/p>\n<p>&#8220;Zirve, ister \u0130stanbul&#8217;da olsun ister Umman&#8217;da b\u00f6lgemizde huzur istiyoruz&#8221;<\/p>\n<p>\u0130ran ile ABD aras\u0131nda ya\u015fanan gerilim sonras\u0131 zirvenin T\u00fcrkiye&#8217;den Umman&#8217;a ta\u015f\u0131nmas\u0131n\u0131 de\u011ferlendiren Elita\u015f, &#8220;\u0130ster \u0130stanbul&#8217;da olsun, ister Umman&#8217;da olsun biz b\u00f6lgemizde huzur istiyoruz. \u0130ran&#8217;da yap\u0131lacak her t\u00fcrl\u00fc farkl\u0131l\u0131k T\u00fcrkiye&#8217;yi huzursuz ediyor. \u00c7\u00fcnk\u00fc en yak\u0131n kom\u015fumuz. Tarihi, dini ba\u011flar\u0131m\u0131z var. Hem Cumhurba\u015fkan\u0131m\u0131z\u0131n hem de D\u0131\u015fi\u015fleri Bakan\u0131m\u0131z\u0131n bir diplomasi y\u00fcr\u00fctt\u00fcklerini biliyoruz. Hem \u0130ran heyetiyle hem de Amerika Birle\u015fik Devletleri&#8217;nin heyetleriyle \u00f6nemli g\u00f6r\u00fc\u015fmeleri var. \u0130n\u015fallah istikrara ula\u015f\u0131r diye d\u00fc\u015f\u00fcn\u00fcyorum&#8221; diye konu\u015ftu.<\/p>\n<p>&#8220;En d\u00fc\u015f\u00fck emekli maa\u015f\u0131n\u0131n yeterli oldu\u011funu s\u00f6ylemek m\u00fcmk\u00fcn de\u011fil&#8221;<\/p>\n<p>En d\u00fc\u015f\u00fck emekli maa\u015f\u0131na yap\u0131lan d\u00fczenlemeye de\u011finen Elita\u015f, &#8220;En d\u00fc\u015f\u00fck emekli maa\u015f\u0131 ile ilgili konu; piyasa ortada belli. Yeterli oldu\u011funu s\u00f6ylemek m\u00fcmk\u00fcn de\u011fil. Asgari \u00fccret devletin cebinden \u00e7\u0131kan bir \u015fey de\u011fil ama sonu\u00e7lar\u0131 86 milyonu etkiledi\u011fi i\u00e7in devlet hakem olarak giriyor. Asgari \u00fccret tamamen \u00f6zel sekt\u00f6rde \u00e7al\u0131\u015fanlarla ilgili. \u00d6zel sekt\u00f6rde istihdam edilen ki\u015fi 28 bin 75 liradan a\u015fa\u011f\u0131ya \u00e7al\u0131\u015ft\u0131r\u0131lamaz. Kayseri&#8217;deydim, i\u015f adamlar\u0131 hem mavi hem beyaz yakada \u00e7al\u0131\u015ft\u0131racak insan bulamad\u0131klar\u0131n\u0131 s\u00f6yledi. \u0130\u015fsizlik oran\u0131 aral\u0131k ay\u0131nda y\u00fczde 7.7&#8217;ye gelmi\u015f. \u0130nternetten, sosyal medyadan gelir elde eden bir gen\u00e7lik var, san\u0131yorum ki \u00e7al\u0131\u015fmak istemeyen bir kitle. En d\u00fc\u015f\u00fck emekli maa\u015f\u0131na devletin do\u011frudan do\u011fruya \u00f6dedi\u011fi, asl\u0131nda bu sigorta primlerinin bir havuzda biriktirilip biriken havuzdan payla\u015f\u0131lmas\u0131. \u00d6denen para, havuzda biriken paran\u0131n biriktirenlere iade edilmesi. 17 milyon ki\u015finin biriktirdi\u011fi para kendilerine yetmedi\u011fi i\u00e7in devlet buna en d\u00fc\u015f\u00fck maa\u015f\u0131 farkl\u0131 bir \u015fekilde yapm\u0131\u015f. Kanuna g\u00f6re 12,65 art\u0131r\u0131lmas\u0131 gereken ki bunu ilk defa biz 2023 y\u0131l\u0131nda yapt\u0131k biliyorsunuz. Memur emeklilerinin 18,61 olan rakam\u0131na e\u015fitlendi. Olay bu. Memur emeklisine 18,61 zam yap\u0131l\u0131rken, i\u015f\u00e7i ve Ba\u011fkur emeklisine 12,61 yap\u0131lacakt\u0131. Biz bunu e\u015fitledik. Yani en d\u00fc\u015f\u00fck emekli maa\u015f\u0131n\u0131 e\u015fitlemi\u015f olduk. En d\u00fc\u015f\u00fck emekli maa\u015f\u0131yla ilgili k\u0131s\u0131m hakikaten ge\u00e7im diye d\u00fc\u015f\u00fcnd\u00fc\u011f\u00fcm\u00fcz takdirde zor bir i\u015f. \u0130n\u015fallah bu konuyla ilgili \u00f6n\u00fcm\u00fczdeki g\u00fcnlerde s\u00fcre\u00e7te ortaya \u00e7\u0131kacak&#8221; dedi.<\/p>\n<p>Yap\u0131lan konu\u015fmalar\u0131n ard\u0131ndan pasta kesilerek Mustafa Elita\u015f&#8217;\u0131n do\u011fum g\u00fcn\u00fc kutland\u0131. &#8211; ANKARA<\/p>\n","protected":false},"excerpt":{"rendered":"<p>AK Parti Genel Ba\u015fkan Vekili Mustafa Elita\u015f, genel ve yerel se\u00e7imlerin yap\u0131labilece\u011fi tarihlere ili\u015fkin, &#8220;Se\u00e7imlerin \u00f6ne al\u0131nmas\u0131 ile ilgili en uygun zaman\u0131n mevsimsel olarak kas\u0131m ay\u0131 olabilece\u011fini s\u00f6yl\u00fcyorum.<\/p>\n","protected":false},"author":1,"featured_media":53877,"comment_status":"open","ping_status":"open","sticky":false,"template":"","format":"standard","meta":{"footnotes":""},"categories":[12],"tags":[3283,5686,236,395,2020],"class_list":["post-53876","post","type-post","status-publish","format-standard","has-post-thumbnail","hentry","category-siyaset","tag-anayasa","tag-elitas","tag-gun","tag-is","tag-secim"],"_links":{"self":[{"href":"https:\/\/bihavadis.com\/index.php\/wp-json\/wp\/v2\/posts\/53876","targetHints":{"allow":["GET"]}}],"collection":[{"href":"https:\/\/bihavadis.com\/index.php\/wp-json\/wp\/v2\/posts"}],"about":[{"href":"https:\/\/bihavadis.com\/index.php\/wp-json\/wp\/v2\/types\/post"}],"author":[{"embeddable":true,"href":"https:\/\/bihavadis.com\/index.php\/wp-json\/wp\/v2\/users\/1"}],"replies":[{"embeddable":true,"href":"https:\/\/bihavadis.com\/index.php\/wp-json\/wp\/v2\/comments?post=53876"}],"version-history":[{"count":1,"href":"https:\/\/bihavadis.com\/index.php\/wp-json\/wp\/v2\/posts\/53876\/revisions"}],"predecessor-version":[{"id":53878,"href":"https:\/\/bihavadis.com\/index.php\/wp-json\/wp\/v2\/posts\/53876\/revisions\/53878"}],"wp:featuredmedia":[{"embeddable":true,"href":"https:\/\/bihavadis.com\/index.php\/wp-json\/wp\/v2\/media\/53877"}],"wp:attachment":[{"href":"https:\/\/bihavadis.com\/index.php\/wp-json\/wp\/v2\/media?parent=53876"}],"wp:term":[{"taxonomy":"category","embeddable":true,"href":"https:\/\/bihavadis.com\/index.php\/wp-json\/wp\/v2\/categories?post=53876"},{"taxonomy":"post_tag","embeddable":true,"href":"https:\/\/bihavadis.com\/index.php\/wp-json\/wp\/v2\/tags?post=53876"}],"curies":[{"name":"wp","href":"https:\/\/api.w.org\/{rel}","templated":true}]}}