{"id":53886,"date":"2026-02-28T22:42:06","date_gmt":"2026-02-28T22:42:06","guid":{"rendered":"https:\/\/bihavadis.com\/?p=53886"},"modified":"2026-02-28T22:42:06","modified_gmt":"2026-02-28T22:42:06","slug":"bayraklida-afet-ve-iklim-risklerine-karsi-is-birligi-protokolu-imzalandi","status":"publish","type":"post","link":"https:\/\/bihavadis.com\/index.php\/2026\/02\/28\/bayraklida-afet-ve-iklim-risklerine-karsi-is-birligi-protokolu-imzalandi\/","title":{"rendered":"Bayrakl\u0131&#8217;da Afet ve \u0130klim Risklerine Kar\u015f\u0131 \u0130\u015f Birli\u011fi Protokol\u00fc \u0130mzaland\u0131"},"content":{"rendered":"<p>Bayrakl\u0131 Belediyesi, afetlere ve iklim krizinin etkilerine kar\u015f\u0131 kenti daha haz\u0131rl\u0131kl\u0131 ve diren\u00e7li hale getirmek amac\u0131yla \u0130zmir Afet Bilinci, \u00c7evre ve \u0130klim Fark\u0131ndal\u0131\u011f\u0131 Derne\u011fi (\u0130Z-AFED) ile kapsaml\u0131 bir i\u015f birli\u011fi protokol\u00fcne imza att\u0131. Bayrakl\u0131 Belediye Meclisi\u2019nde kabul edilen protokol, Belediye Ba\u015fkan\u0131 \u0130rfan \u00d6nal ile \u0130Z-AFED Y\u00f6netim Kurulu Ba\u015fkan\u0131 Servet Erta\u015f taraf\u0131ndan imza alt\u0131na al\u0131nd\u0131.<br \/>Protokol kapsam\u0131nda; mahalle \u00f6l\u00e7e\u011finde afet bilincinin yayg\u0131nla\u015ft\u0131r\u0131lmas\u0131, iklim de\u011fi\u015fikli\u011fine ba\u011fl\u0131 risklerin analiz edilmesi, veri temelli risk azaltma \u00e7al\u0131\u015fmalar\u0131n\u0131n y\u00fcr\u00fct\u00fclmesi ve g\u00f6n\u00fcll\u00fcl\u00fck esasl\u0131 bir yerel haz\u0131rl\u0131k modelinin olu\u015fturulmas\u0131 planlan\u0131yor.<\/p>\n<p>Mahalle \u00d6l\u00e7e\u011finde Risk Azaltma ve G\u00f6n\u00fcll\u00fcl\u00fck Modeli<\/p>\n<p>\u0130\u015f birli\u011fi \u00e7er\u00e7evesinde hayata ge\u00e7irilecek Mahalli \u0130klim Afet G\u00f6n\u00fcll\u00fcl\u00fc\u011f\u00fc (M\u0130AG) sistemi ile her mahallede e\u011fitimli g\u00f6n\u00fcll\u00fc ekiplerin olu\u015fturulmas\u0131 planlan\u0131yor. Bu model; afetlere yaln\u0131zca kriz an\u0131nda m\u00fcdahale eden de\u011fil, kriz \u00f6ncesinde riskleri tespit eden ve azaltmaya odaklanan bir yakla\u015f\u0131m\u0131 esas al\u0131yor. Protokol; sel ve su bask\u0131n\u0131 risklerinin analiz edilmesi, ge\u00e7mi\u015f afet verilerinin de\u011ferlendirilmesi, iklim de\u011fi\u015fikli\u011finin mahalle bazl\u0131 etkilerinin raporlanmas\u0131 ve \u00f6zellikle kad\u0131nlara y\u00f6nelik afet bilinci e\u011fitimlerinin yayg\u0131nla\u015ft\u0131r\u0131lmas\u0131n\u0131 da kaps\u0131yor. E\u011fitim programlar\u0131, at\u00f6lye \u00e7al\u0131\u015fmalar\u0131 ve toplumsal fark\u0131ndal\u0131k etkinlikleriyle Bayrakl\u0131\u2019da afet \u00f6ncesi haz\u0131rl\u0131k k\u00fclt\u00fcr\u00fcn\u00fcn g\u00fc\u00e7lendirilmesi ama\u00e7lan\u0131yor. Ayr\u0131ca elde edilecek verilerin, yerel \u00f6l\u00e7ekte risk haritalar\u0131n\u0131n olu\u015fturulmas\u0131na ve gelecekteki planlama s\u00fcre\u00e7lerine katk\u0131 sa\u011flamas\u0131 hedefleniyor.<\/p>\n<p>Ba\u015fkan \u00d6nal: \u201cAfet Ger\u00e7e\u011fini Unutmadan Hareket Ediyoruz\u201d<\/p>\n<p>Bayrakl\u0131 Belediye Ba\u015fkan\u0131 \u0130rfan \u00d6nal, protokole ili\u015fkin de\u011ferlendirmesinde Bayrakl\u0131\u2019n\u0131n afet deneyimine dikkat \u00e7ekti: \u201cBayrakl\u0131, 30 Ekim depreminde en a\u011f\u0131r y\u0131k\u0131m\u0131 ya\u015fayan il\u00e7elerden biri oldu. O s\u00fcre\u00e7te ya\u015fad\u0131klar\u0131m\u0131z, afetlere kar\u015f\u0131 haz\u0131rl\u0131\u011f\u0131n ne kadar hayati oldu\u011funu a\u00e7\u0131k \u015fekilde ortaya koydu. B\u00f6lgemizde ya\u015fanan b\u00fcy\u00fck orman yang\u0131nlar\u0131 da iklim kaynakl\u0131 risklerin art\u0131k hayat\u0131m\u0131z\u0131n bir par\u00e7as\u0131 oldu\u011funu g\u00f6sterdi. Bu nedenle afetlere kar\u015f\u0131 haz\u0131rl\u0131k konusunu yaln\u0131zca kriz anlar\u0131yla s\u0131n\u0131rl\u0131 g\u00f6rm\u00fcyoruz. Bilimsel verilerle hareket eden, mahalle \u00f6l\u00e7e\u011finde bilin\u00e7 ve g\u00f6n\u00fcll\u00fcl\u00fc\u011f\u00fc g\u00fc\u00e7lendiren \u00e7al\u0131\u015fmalar\u0131 \u00f6nemsiyoruz. \u0130Z-AFED ile imzalad\u0131\u011f\u0131m\u0131z bu protokol, riskleri \u00f6nceden tespit etmeye ve toplumsal fark\u0131ndal\u0131\u011f\u0131 art\u0131rmaya y\u00f6nelik bir i\u015f birli\u011fidir. Afetlere kar\u015f\u0131 dayan\u0131kl\u0131l\u0131k, yaln\u0131zca fiziksel yap\u0131larla de\u011fil; bilin\u00e7li ve \u00f6rg\u00fctl\u00fc bir toplum yap\u0131s\u0131yla m\u00fcmk\u00fcnd\u00fcr. Bu anlay\u0131\u015fla \u00e7al\u0131\u015fmalar\u0131m\u0131z\u0131 s\u00fcrd\u00fcr\u00fcyoruz.\u201d dedi.<\/p>\n<p>Bayrakl\u0131 Belediyesi, protokol kapsam\u0131nda planlanan e\u011fitim, analiz ve fark\u0131ndal\u0131k \u00e7al\u0131\u015fmalar\u0131n\u0131 ilgili payda\u015flarla koordinasyon i\u00e7inde \u00e7al\u0131\u015fmalar\u0131n\u0131 s\u00fcrd\u00fcrecek.<\/p>\n<p>\u00a0<\/p>\n<p>\u00a0<\/p>\n<p>Kaynak: (BYZHA) Beyaz Haber Ajans\u0131<\/p>\n","protected":false},"excerpt":{"rendered":"<p>Bayrakl\u0131 Belediyesi, afetlere ve iklim krizinin etkilerine kar\u015f\u0131 kenti daha haz\u0131rl\u0131kl\u0131 ve diren\u00e7li hale getirmek amac\u0131yla \u0130zmir Afet Bilinci, \u00c7evre ve \u0130klim Fark\u0131ndal\u0131\u011f\u0131 Derne\u011fi (\u0130Z-AFED) ile kapsaml\u0131 bir i\u015f birli\u011fi protokol\u00fcne imza att\u0131.<\/p>\n","protected":false},"author":1,"featured_media":53887,"comment_status":"open","ping_status":"open","sticky":false,"template":"","format":"standard","meta":{"footnotes":""},"categories":[4],"tags":[1194,4177,1095,2908,695],"class_list":["post-53886","post","type-post","status-publish","format-standard","has-post-thumbnail","hentry","category-gundem","tag-afet","tag-bayrakli","tag-iklim","tag-protokol","tag-risk"],"_links":{"self":[{"href":"https:\/\/bihavadis.com\/index.php\/wp-json\/wp\/v2\/posts\/53886","targetHints":{"allow":["GET"]}}],"collection":[{"href":"https:\/\/bihavadis.com\/index.php\/wp-json\/wp\/v2\/posts"}],"about":[{"href":"https:\/\/bihavadis.com\/index.php\/wp-json\/wp\/v2\/types\/post"}],"author":[{"embeddable":true,"href":"https:\/\/bihavadis.com\/index.php\/wp-json\/wp\/v2\/users\/1"}],"replies":[{"embeddable":true,"href":"https:\/\/bihavadis.com\/index.php\/wp-json\/wp\/v2\/comments?post=53886"}],"version-history":[{"count":1,"href":"https:\/\/bihavadis.com\/index.php\/wp-json\/wp\/v2\/posts\/53886\/revisions"}],"predecessor-version":[{"id":53888,"href":"https:\/\/bihavadis.com\/index.php\/wp-json\/wp\/v2\/posts\/53886\/revisions\/53888"}],"wp:featuredmedia":[{"embeddable":true,"href":"https:\/\/bihavadis.com\/index.php\/wp-json\/wp\/v2\/media\/53887"}],"wp:attachment":[{"href":"https:\/\/bihavadis.com\/index.php\/wp-json\/wp\/v2\/media?parent=53886"}],"wp:term":[{"taxonomy":"category","embeddable":true,"href":"https:\/\/bihavadis.com\/index.php\/wp-json\/wp\/v2\/categories?post=53886"},{"taxonomy":"post_tag","embeddable":true,"href":"https:\/\/bihavadis.com\/index.php\/wp-json\/wp\/v2\/tags?post=53886"}],"curies":[{"name":"wp","href":"https:\/\/api.w.org\/{rel}","templated":true}]}}