{"id":53942,"date":"2026-02-28T23:21:07","date_gmt":"2026-02-28T23:21:07","guid":{"rendered":"https:\/\/bihavadis.com\/?p=53942"},"modified":"2026-02-28T23:21:07","modified_gmt":"2026-02-28T23:21:07","slug":"turk-bayragi-icin-pedal-cevirildi","status":"publish","type":"post","link":"https:\/\/bihavadis.com\/index.php\/2026\/02\/28\/turk-bayragi-icin-pedal-cevirildi\/","title":{"rendered":"T\u00fcrk Bayra\u011f\u0131 \u0130\u00e7in Pedal \u00c7evirildi"},"content":{"rendered":"<p> Ayd\u0131n&#8217;\u0131n Efeler il\u00e7esinde &#8220;\u0130stiklal Bayrakla, \u0130stikbal Maarifle&#8221; temas\u0131yla d\u00fczenlenen bisiklet s\u00fcr\u00fc\u015f etkinli\u011finde \u00f6\u011frenciler, T\u00fcrk bayra\u011f\u0131n\u0131n manevi de\u011ferine dikkat \u00e7ekmek i\u00e7in pedal \u00e7evirdi.<\/p>\n<p>Milli E\u011fitim Bakan\u0131 Yusuf Tekin&#8217;in imzas\u0131yla 81 ile g\u00f6nderilen yaz\u0131 do\u011frultusunda, okullarda T\u00fcrk bayra\u011f\u0131n\u0131n tarihi, milli ve manevi de\u011ferine y\u00f6nelik fark\u0131ndal\u0131k \u00e7al\u0131\u015fmalar\u0131 s\u00fcr\u00fcyor. \u0130kinci e\u011fitim \u00f6\u011fretim y\u0131l\u0131n\u0131n ba\u015flamas\u0131yla birlikte okullar T\u00fcrk bayraklar\u0131yla donat\u0131l\u0131rken, bayrak sevgisi temal\u0131 resim, \u015fiir, kompozisyon, afi\u015f \u00e7al\u0131\u015fmalar\u0131 ile sanatsal ve k\u00fclt\u00fcrel etkinlikler ger\u00e7ekle\u015ftiriliyor. Bu kapsamda Efeler \u0130l\u00e7e Milli E\u011fitim M\u00fcd\u00fcrl\u00fc\u011f\u00fc Spor Akademisi ile Ayd\u0131n Anadolu \u0130mam Hatip Lisesi i\u015f birli\u011finde, haftan\u0131n anlam ve \u00f6nemine dikkat \u00e7eken &#8220;\u0130stiklal Bayrakla, \u0130stikbal Maarifle&#8221; temal\u0131 bisiklet s\u00fcr\u00fc\u015f etkinli\u011fi d\u00fczenlendi. Bayra\u011f\u0131n ba\u011f\u0131ms\u0131zl\u0131\u011f\u0131m\u0131z\u0131n simgesi, e\u011fitimin ise istikbalin teminat\u0131 oldu\u011fu bilinciyle ger\u00e7ekle\u015ftirilen etkinlikte, milli birlik ve beraberlik ruhunun peki\u015ftirilmesi ve vatan sevgisinin g\u00fc\u00e7lendirilmesi hedeflendi.<\/p>\n<p>Etkinlikte konu\u015fan Efeler \u0130l\u00e7e Milli E\u011fitim M\u00fcd\u00fcr\u00fc Hakan \u00d6zcan, T\u00fcrk bayra\u011f\u0131n\u0131n milletin ba\u011f\u0131ms\u0131zl\u0131k ruhunu ve ortak de\u011ferlerini temsil etti\u011fini belirterek, &#8220;Bayra\u011f\u0131m\u0131z bu topraklarda verilen m\u00fccadelenin, fedakarl\u0131\u011f\u0131n ve ba\u011f\u0131ms\u0131zl\u0131\u011f\u0131m\u0131z\u0131n en g\u00fc\u00e7l\u00fc sembol\u00fcd\u00fcr. Maarif ise milletimizin istikbalini in\u015fa eden en temel g\u00fc\u00e7t\u00fcr&#8221; dedi. &#8211; AYDIN<\/p>\n","protected":false},"excerpt":{"rendered":"<p>Ayd\u0131n&#8217;da \u00f6\u011frenciler, bayra\u011f\u0131n de\u011ferine dikkat \u00e7ekmek i\u00e7in bisiklet s\u00fcrd\u00fc. Birlik ve beraberlik vurguland\u0131.<\/p>\n","protected":false},"author":1,"featured_media":53943,"comment_status":"open","ping_status":"open","sticky":false,"template":"","format":"standard","meta":{"footnotes":""},"categories":[14],"tags":[233,1907],"class_list":["post-53942","post","type-post","status-publish","format-standard","has-post-thumbnail","hentry","category-spor","tag-egitim","tag-milli"],"_links":{"self":[{"href":"https:\/\/bihavadis.com\/index.php\/wp-json\/wp\/v2\/posts\/53942","targetHints":{"allow":["GET"]}}],"collection":[{"href":"https:\/\/bihavadis.com\/index.php\/wp-json\/wp\/v2\/posts"}],"about":[{"href":"https:\/\/bihavadis.com\/index.php\/wp-json\/wp\/v2\/types\/post"}],"author":[{"embeddable":true,"href":"https:\/\/bihavadis.com\/index.php\/wp-json\/wp\/v2\/users\/1"}],"replies":[{"embeddable":true,"href":"https:\/\/bihavadis.com\/index.php\/wp-json\/wp\/v2\/comments?post=53942"}],"version-history":[{"count":1,"href":"https:\/\/bihavadis.com\/index.php\/wp-json\/wp\/v2\/posts\/53942\/revisions"}],"predecessor-version":[{"id":53944,"href":"https:\/\/bihavadis.com\/index.php\/wp-json\/wp\/v2\/posts\/53942\/revisions\/53944"}],"wp:featuredmedia":[{"embeddable":true,"href":"https:\/\/bihavadis.com\/index.php\/wp-json\/wp\/v2\/media\/53943"}],"wp:attachment":[{"href":"https:\/\/bihavadis.com\/index.php\/wp-json\/wp\/v2\/media?parent=53942"}],"wp:term":[{"taxonomy":"category","embeddable":true,"href":"https:\/\/bihavadis.com\/index.php\/wp-json\/wp\/v2\/categories?post=53942"},{"taxonomy":"post_tag","embeddable":true,"href":"https:\/\/bihavadis.com\/index.php\/wp-json\/wp\/v2\/tags?post=53942"}],"curies":[{"name":"wp","href":"https:\/\/api.w.org\/{rel}","templated":true}]}}