{"id":53961,"date":"2026-02-28T23:39:09","date_gmt":"2026-02-28T23:39:09","guid":{"rendered":"https:\/\/bihavadis.com\/?p=53961"},"modified":"2026-02-28T23:39:09","modified_gmt":"2026-02-28T23:39:09","slug":"sehit-astsubay-okur-memleketinde-topraga-verildi","status":"publish","type":"post","link":"https:\/\/bihavadis.com\/index.php\/2026\/02\/28\/sehit-astsubay-okur-memleketinde-topraga-verildi\/","title":{"rendered":"\u015eehit astsubay Okur, memleketinde topra\u011fa verildi"},"content":{"rendered":"<p>\n<p>HAKKAR\u0130&#8217;de g\u00f6revi ba\u015f\u0131ndayken rahats\u0131zlanarak \u015fehit olan Bak\u0131m Astsubay K\u0131demli Ba\u015f\u00e7avu\u015f Talat Okur (49), memleketi Hatay&#8217;\u0131n \u0130skenderun il\u00e7esinde topra\u011fa verildi.<\/p>\n<p>Hakkari&#8217;nin \u015eemdinli il\u00e7esinde 3 \u015eubat&#8217;ta g\u00f6revi ba\u015f\u0131nda rahats\u0131zlanan ve sol kolunda uyu\u015fma hisseden Bak\u0131m Astsubay K\u0131demli Ba\u015f\u00e7avu\u015f Talat Okur, kald\u0131r\u0131ld\u0131\u011f\u0131 \u015eemdinli Devlet Hastanesi&#8217;nde \u015fehit oldu. \u015eehidin cenazesi hava yoluyla memleketi \u0130skenderun il\u00e7esine getirildi. Babaevinde helallik al\u0131nmas\u0131n\u0131n ard\u0131ndan Talat Okur&#8217;un cenazesi, t\u00f6ren i\u00e7in Nihal Ataka\u015f Camisi&#8217;ne getirildi. T\u00f6rene \u015fehidin annesi Emine, e\u015fi Esra, k\u0131z\u0131 El\u00e7in Okur, yak\u0131nlar\u0131 ile Hatay Valisi Mustafa Masatl\u0131, \u0130skenderun Kaymakam\u0131 Muhammet \u00d6nder, Milletvekili Abdulkadir \u00d6zel, Hatay B\u00fcy\u00fck\u015fehir Belediye Ba\u015fkan\u0131 Mehmet \u00d6nt\u00fcrk, \u0130skenderun Belediye Ba\u015fkan\u0131 Mehmet D\u00f6nmez, askeri ve sivil erkan\u0131n yan\u0131 s\u0131ra vatanda\u015flar kat\u0131ld\u0131. T\u00f6rende g\u00fc\u00e7l\u00fckle ayakta durabilen \u015fehidin ailesi, g\u00f6zya\u015f\u0131 d\u00f6kt\u00fc. \u015eehit Talat Okur, k\u0131l\u0131nan namaz\u0131n ard\u0131ndan \u0130skenderun \u015eehitli\u011fi&#8217;nde topra\u011fa verildi. <\/p>\n","protected":false},"excerpt":{"rendered":"<p>HAKKAR\u0130&#8217;de g\u00f6revi ba\u015f\u0131ndayken rahats\u0131zlanarak \u015fehit olan Bak\u0131m Astsubay K\u0131demli Ba\u015f\u00e7avu\u015f Talat Okur (49), memleketi Hatay&#8217;\u0131n \u0130skenderun il\u00e7esinde topra\u011fa verildi.<\/p>\n","protected":false},"author":1,"featured_media":53962,"comment_status":"open","ping_status":"open","sticky":false,"template":"","format":"standard","meta":{"footnotes":""},"categories":[9,4,13],"tags":[6745,6746],"class_list":["post-53961","post","type-post","status-publish","format-standard","has-post-thumbnail","hentry","category-genel","category-gundem","category-son-dakika","tag-iskenderun","tag-okur"],"_links":{"self":[{"href":"https:\/\/bihavadis.com\/index.php\/wp-json\/wp\/v2\/posts\/53961","targetHints":{"allow":["GET"]}}],"collection":[{"href":"https:\/\/bihavadis.com\/index.php\/wp-json\/wp\/v2\/posts"}],"about":[{"href":"https:\/\/bihavadis.com\/index.php\/wp-json\/wp\/v2\/types\/post"}],"author":[{"embeddable":true,"href":"https:\/\/bihavadis.com\/index.php\/wp-json\/wp\/v2\/users\/1"}],"replies":[{"embeddable":true,"href":"https:\/\/bihavadis.com\/index.php\/wp-json\/wp\/v2\/comments?post=53961"}],"version-history":[{"count":1,"href":"https:\/\/bihavadis.com\/index.php\/wp-json\/wp\/v2\/posts\/53961\/revisions"}],"predecessor-version":[{"id":53963,"href":"https:\/\/bihavadis.com\/index.php\/wp-json\/wp\/v2\/posts\/53961\/revisions\/53963"}],"wp:featuredmedia":[{"embeddable":true,"href":"https:\/\/bihavadis.com\/index.php\/wp-json\/wp\/v2\/media\/53962"}],"wp:attachment":[{"href":"https:\/\/bihavadis.com\/index.php\/wp-json\/wp\/v2\/media?parent=53961"}],"wp:term":[{"taxonomy":"category","embeddable":true,"href":"https:\/\/bihavadis.com\/index.php\/wp-json\/wp\/v2\/categories?post=53961"},{"taxonomy":"post_tag","embeddable":true,"href":"https:\/\/bihavadis.com\/index.php\/wp-json\/wp\/v2\/tags?post=53961"}],"curies":[{"name":"wp","href":"https:\/\/api.w.org\/{rel}","templated":true}]}}