{"id":53971,"date":"2026-02-28T23:48:06","date_gmt":"2026-02-28T23:48:06","guid":{"rendered":"https:\/\/bihavadis.com\/?p=53971"},"modified":"2026-02-28T23:48:06","modified_gmt":"2026-02-28T23:48:06","slug":"ak-partili-elitastan-ozelin-erken-secim-cagrilarina-tepki-bu-bir-liderlik-zafiyetidir","status":"publish","type":"post","link":"https:\/\/bihavadis.com\/index.php\/2026\/02\/28\/ak-partili-elitastan-ozelin-erken-secim-cagrilarina-tepki-bu-bir-liderlik-zafiyetidir\/","title":{"rendered":"AK Partili Elita\u015f&#8217;tan \u00d6zel&#8217;in erken se\u00e7im \u00e7a\u011fr\u0131lar\u0131na tepki: Bu bir liderlik zafiyetidir"},"content":{"rendered":"<p>AK Parti Genel Ba\u015fkan Vekili Mustafa Elita\u015f, T\u00fcrkiye Bas\u0131n Federasyonu (T\u00dcBAF) taraf\u0131ndan d\u00fczenlenen &#8216;Anadolu Sohbetleri&#8217; program\u0131nda gazetecilerle bir araya geldi. Yo\u011fun bir kat\u0131l\u0131mla ger\u00e7ekle\u015fen programda Elita\u015f, gazetecilerin sorular\u0131n\u0131 yan\u0131tlad\u0131,<\/p>\n<p>G\u00fcndemdeki s\u0131cak ba\u015fl\u0131klara ili\u015fkin kapsaml\u0131 de\u011ferlendirmelerde bulunan Elita\u015f; Ter\u00f6rs\u00fcz T\u00fcrkiye s\u00fcreci, Meclis&#8217;te kurulan komisyonun \u00e7al\u0131\u015fmalar\u0131, anayasa de\u011fi\u015fikli\u011fi tart\u0131\u015fmalar\u0131, erken se\u00e7im iddialar\u0131, kayyum uygulamalar\u0131 ve ekonomi ba\u015fta olmak \u00fczere bir\u00e7ok konuda dikkat \u00e7eken a\u00e7\u0131klamalarda bulundu.<\/p>\n<p><b>&#8220;T\u00dcRK\u0130YE 5 YILDIR TER\u00d6RLE \u0130LG\u0130L\u0130 C\u0130DD\u0130 B\u0130R SORUN YA\u015eANMIYOR&#8221;<\/b><\/p>\n<p>Konu\u015fmas\u0131n\u0131n ba\u015f\u0131nda T\u00fcrkiye&#8217;nin ter\u00f6rle m\u00fccadelede geldi\u011fi noktaya dikkat \u00e7eken Elita\u015f, son be\u015f y\u0131lda g\u00fcvenlik g\u00fc\u00e7lerinin kararl\u0131 m\u00fccadelesi sayesinde T\u00fcrkiye i\u00e7inde ter\u00f6r tehdidinin b\u00fcy\u00fck \u00f6l\u00e7\u00fcde ortadan kald\u0131r\u0131ld\u0131\u011f\u0131n\u0131 vurgulad\u0131. Elita\u015f, &#8220;Bir d\u00f6nem T\u00fcrkiye&#8217;de binlerce ter\u00f6ristin faaliyet g\u00f6sterdi\u011fi ifade ediliyordu. Bug\u00fcn gelinen noktada bu rakamlar \u00e7ok ciddi \u015fekilde azalm\u0131\u015ft\u0131r. Bu, devletin kararl\u0131l\u0131\u011f\u0131n\u0131n bir sonucudur&#8221; dedi.<\/p>\n<p>Ter\u00f6rle m\u00fccadelenin sadece T\u00fcrkiye s\u0131n\u0131rlar\u0131 i\u00e7inde de\u011fil, T\u00fcrkiye&#8217;ye tehdit olu\u015fturabilecek s\u0131n\u0131r \u00f6tesi unsurlar\u0131 da kapsad\u0131\u011f\u0131n\u0131 belirten Elita\u015f, \u00f6zellikle Suriye&#8217;nin kuzeyindeki yap\u0131lanmalara dikkat \u00e7ekti. Elita\u015f, &#8220;Bizim temel yakla\u015f\u0131m\u0131m\u0131z Suriye&#8217;nin toprak b\u00fct\u00fcnl\u00fc\u011f\u00fcn\u00fcn korunmas\u0131d\u0131r. T\u00fcrkiye&#8217;nin s\u0131n\u0131r\u0131nda bir ter\u00f6r koridoruna asla izin vermeyiz&#8221; ifadelerini kulland\u0131.<\/p>\n<p><b>MECL\u0130S KOM\u0130SYONU VE &#8220;TER\u00d6RS\u00dcZ T\u00dcRK\u0130YE&#8221; S\u00dcREC\u0130<\/b><\/p>\n<p>TBMM&#8217;de kurulan ve &#8220;Ter\u00f6rs\u00fcz T\u00fcrkiye&#8221; hedefi do\u011frultusunda \u00e7al\u0131\u015fmalar\u0131n\u0131 s\u00fcrd\u00fcren komisyonun \u00f6nemine de\u011finen Elita\u015f, s\u00fcrecin siyasi partilerin ortak sorumlulu\u011funda y\u00fcr\u00fct\u00fclmesi gerekti\u011fini s\u00f6yledi. Komisyonun rapor haz\u0131rl\u0131klar\u0131n\u0131n devam etti\u011fini belirten Elita\u015f, &#8220;Temennimiz, bu raporun tek sesli ve ortak bir mutabakatla \u00e7\u0131kmas\u0131d\u0131r. T\u00fcrkiye&#8217;nin b\u00f6yle bir birlik mesaj\u0131na ihtiyac\u0131 var&#8221; diye konu\u015ftu. Komisyon \u00e7al\u0131\u015fmalar\u0131nda zaman zaman farkl\u0131 de\u011ferlendirmelerin bas\u0131na yans\u0131mas\u0131n\u0131n do\u011fal oldu\u011funu ifade eden Elita\u015f, nihai raporun TBMM&#8217;ye ve kamuoyuna sunulmas\u0131n\u0131n ard\u0131ndan geni\u015f bir toplumsal tart\u0131\u015fma zemini olu\u015faca\u011f\u0131n\u0131 belirtti.<\/p>\n<p><b>UMUT HAKKI VE \u0130NFAZ D\u00dcZENLEMELER\u0130<\/b><\/p>\n<p>Umut Hakk\u0131 ve infaz sistemine ili\u015fkin tart\u0131\u015fmalara da de\u011finen Elita\u015f, bu konular\u0131n teknik ve hukuki boyutlar\u0131n\u0131n bulundu\u011funu s\u00f6yledi. Bu ba\u015fl\u0131\u011f\u0131n son derece hassas, teknik ve hukuki boyutlar\u0131 oldu\u011funa dikkat \u00e7eken Elita\u015f, konunun g\u00fcnl\u00fck siyasi tart\u0131\u015fmalar\u0131n veya pop\u00fclist s\u00f6ylemlerin konusu yap\u0131lmas\u0131n\u0131n do\u011fru olmad\u0131\u011f\u0131n\u0131 ifade etti. Umut Hakk\u0131 meselesinin yaln\u0131zca siyasi de\u011fil, ayn\u0131 zamanda anayasal ve ceza hukuku boyutlar\u0131 bulundu\u011funu vurgulayan Elita\u015f, &#8220;Bu meseleler sloganlarla, duygusal \u00e7\u0131k\u0131\u015flarla ya da kamuoyu bask\u0131s\u0131yla ele al\u0131nabilecek konular de\u011fildir. Hukuk devleti ilkesine uygun \u015fekilde, mevcut mevzuat ve uluslararas\u0131 hukuk \u00e7er\u00e7evesinde de\u011ferlendirilmelidir&#8221; dedi.<\/p>\n<p>TBMM&#8217;de \u00e7al\u0131\u015fmalar\u0131n\u0131 s\u00fcrd\u00fcren komisyonun bu konuyu \u00e7ok y\u00f6nl\u00fc ele ald\u0131\u011f\u0131n\u0131 belirten Elita\u015f, rapor tamamland\u0131\u011f\u0131nda t\u00fcm siyasi partilerin g\u00f6r\u00fc\u015flerinin netle\u015fece\u011fini s\u00f6yledi. Elita\u015f, &#8220;Komisyon raporu ortaya \u00e7\u0131kt\u0131\u011f\u0131nda, AK Parti&#8217;nin yakla\u015f\u0131m\u0131 da di\u011fer siyasi partilerin de\u011ferlendirmeleriyle birlikte kamuoyuna yans\u0131yacakt\u0131r. Nihai karar, T\u00fcrkiye B\u00fcy\u00fck Millet Meclisi&#8217;nin iradesiyle \u015fekillenecektir&#8221; ifadelerini kulland\u0131. A\u011f\u0131rla\u015ft\u0131r\u0131lm\u0131\u015f m\u00fcebbet ve m\u00fcebbet hapis cezalar\u0131na ili\u015fkin olas\u0131 d\u00fczenlemelerin basit bir mevzuat de\u011fi\u015fikli\u011fiyle \u00e7\u00f6z\u00fclebilecek bir konu olmad\u0131\u011f\u0131n\u0131 vurgulayan Elita\u015f, bu alanda yap\u0131lacak her ad\u0131m\u0131n ciddi ve kapsaml\u0131 kanuni de\u011fi\u015fiklikler gerektirece\u011fini dile getirdi. Elita\u015f, &#8220;\u0130nfaz sistemi, cezan\u0131n t\u00fcr\u00fc, su\u00e7un niteli\u011fi, ma\u011fdur haklar\u0131 ve toplum vicdan\u0131 birlikte de\u011ferlendirilmelidir. \u00d6zellikle devlete, millete ve insanl\u0131\u011fa kar\u015f\u0131 i\u015flenen su\u00e7larda toplumsal hassasiyet son derece y\u00fcksektir&#8221; diye konu\u015ftu.<\/p>\n<p><b>&#8220;TOPLUMSAL HUZURU ZEDELEMES\u0130NE \u0130Z\u0130N VER\u0130LMEMEL\u0130D\u0130R&#8221;<\/b><\/p>\n<p>Bu t\u00fcr d\u00fczenlemelerin kamuoyunda yanl\u0131\u015f anla\u015f\u0131lmalara ve beklentilere yol a\u00e7mamas\u0131 gerekti\u011fini belirten Elita\u015f, &#8220;Bir d\u00fczenleme yap\u0131ld\u0131\u011f\u0131nda bunun zincirleme talepler do\u011furabilece\u011fi de g\u00f6z ard\u0131 edilmemelidir. &#8216;O serbest kal\u0131yorsa biz neden i\u00e7erideyiz&#8217; gibi tart\u0131\u015fmalar\u0131n toplumsal huzuru zedelemesine izin verilmemelidir&#8221; dedi. \u0130nfaz sistemine y\u00f6nelik olas\u0131 de\u011fi\u015fikliklerin, adalet duygusunu zedelemeyen, ma\u011fdurlar\u0131n ve toplumun vicdan\u0131n\u0131 g\u00f6zeten bir denge i\u00e7erisinde ele al\u0131nmas\u0131 gerekti\u011fini ifade eden Elita\u015f, &#8220;Ama\u00e7 cezas\u0131zl\u0131k alg\u0131s\u0131 olu\u015fturmak de\u011fil, hukuk devleti ilkesini g\u00fc\u00e7lendirmektir. Bu nedenle her ad\u0131m son derece dikkatli at\u0131lmal\u0131d\u0131r&#8221; de\u011ferlendirmesinde bulundu.<\/p>\n<p><b>&#8220;DARBE \u00dcR\u00dcN\u00dc B\u0130R ANAYASA \u0130LE YOLA DEVAM EDEMEY\u0130Z&#8221;<\/b><\/p>\n<p>Yeni anayasa tart\u0131\u015fmalar\u0131na geni\u015f yer ay\u0131ran Elita\u015f, 1982 Anayasas\u0131&#8217;n\u0131n defalarca de\u011fi\u015fikli\u011fe u\u011framas\u0131na ra\u011fmen h\u00e2l\u00e2 T\u00fcrkiye&#8217;nin ihtiya\u00e7lar\u0131na cevap veremedi\u011fini s\u00f6yledi. Elita\u015f, &#8220;Anayasan\u0131n dokunulmad\u0131k yeri kalmad\u0131 ama h\u00e2l\u00e2 yeni bir anayasa ihtiyac\u0131ndan s\u00f6z ediyoruz. Bu bile ba\u015fl\u0131 ba\u015f\u0131na sorunun g\u00f6stergesidir&#8221; dedi. Sivil bir anayasan\u0131n zorunluluk haline geldi\u011fini vurgulayan Elita\u015f, &#8220;Darbe sonras\u0131 haz\u0131rlanm\u0131\u015f bir anayasa, 21. y\u00fczy\u0131l T\u00fcrkiye&#8217;sine yak\u0131\u015fm\u0131yor. Milletin temsilcilerinin iradesiyle haz\u0131rlanm\u0131\u015f, sade, k\u0131sa ve \u00e7er\u00e7eve niteli\u011finde bir anayasa yap\u0131lmal\u0131d\u0131r&#8221; ifadelerini kulland\u0131. AK Parti b\u00fcnyesinde anayasa \u00e7al\u0131\u015fmalar\u0131 i\u00e7in olu\u015fturulan heyetin toplant\u0131lar\u0131n\u0131 s\u00fcrd\u00fcrd\u00fc\u011f\u00fcn\u00fc belirten Elita\u015f, \u015fu a\u015famada y\u00fczde 50+1 sistemi, parlamenter sisteme d\u00f6n\u00fc\u015f gibi ba\u015fl\u0131klar\u0131n masada olmad\u0131\u011f\u0131n\u0131, daha \u00e7ok d\u00fcnya anayasa \u00f6rneklerinin incelendi\u011fini s\u00f6yledi.<\/p>\n<p><b>ERKEN SE\u00c7\u0130M TARTI\u015eMALARI<\/b><\/p>\n<p>Erken se\u00e7im iddialar\u0131na da net bir dille yan\u0131t veren Elita\u015f, se\u00e7imlerin anayasal takvimine dikkat \u00e7ekti. Elita\u015f, bu tart\u0131\u015fmalar\u0131n anayasal ger\u00e7eklikten uzak y\u00fcr\u00fct\u00fcld\u00fc\u011f\u00fcn\u00fc belirterek, T\u00fcrkiye&#8217;de se\u00e7imlerin a\u00e7\u0131k ve net bir takvime ba\u011fl\u0131 oldu\u011funu vurgulad\u0131. Mevcut iktidar\u0131n millet taraf\u0131ndan belirli bir s\u00fcre i\u00e7in yetkilendirildi\u011fini hat\u0131rlatan Elita\u015f, &#8220;Se\u00e7imlere iki bu\u00e7uk y\u0131ldan fazla bir zaman varken erken se\u00e7im \u00e7a\u011fr\u0131lar\u0131 yapmak do\u011fru de\u011fildir. Milletin sand\u0131kta verdi\u011fi yetkinin s\u00fcresi dolmadan b\u0131rak\u0131lmas\u0131 ne demokratik team\u00fcllere ne de siyasal istikrara hizmet eder&#8221; ifadelerini kulland\u0131.<\/p>\n<p>Elita\u015f, se\u00e7im tarihleriyle ilgili de\u011ferlendirmelerinde ise uzun y\u0131llara dayanan siyasi tecr\u00fcbesine at\u0131fta bulunarak, mevsimsel \u015fartlar\u0131n se\u00e7im s\u00fcre\u00e7leri \u00fczerindeki etkisine dikkat \u00e7ekti. \u00d6zellikle kat\u0131l\u0131m oranlar\u0131, kampanya faaliyetleri ve se\u00e7men psikolojisi a\u00e7\u0131s\u0131ndan sonbahar aylar\u0131n\u0131n daha uygun oldu\u011funu belirten Elita\u015f, &#8220;Okullar\u0131n a\u00e7\u0131ld\u0131\u011f\u0131, tatil d\u00f6nemlerinin sona erdi\u011fi, hava \u015fartlar\u0131n\u0131n daha elveri\u015fli oldu\u011fu Ekim-Kas\u0131m aylar\u0131 se\u00e7imler a\u00e7\u0131s\u0131ndan daha sa\u011fl\u0131kl\u0131 bir d\u00f6nemdir. Bu benim ki\u015fisel kanaatim de\u011fil, y\u0131llara dayanan se\u00e7im tecr\u00fcbemin bir sonucudur&#8221; de\u011ferlendirmesinde bulundu.<\/p>\n<p><b>&#8220;\u00d6ZG\u00dcR \u00d6ZEL ERKEN SE\u00c7\u0130ME KAR\u015eI&#8221;<\/b><\/p>\n<p>Elita\u015f, CHP Genel Ba\u015fkan\u0131 \u00d6zg\u00fcr \u00d6zel&#8217;in erken se\u00e7im \u00e7a\u011fr\u0131lar\u0131na da sert ele\u015ftiriler y\u00f6neltti. Elita\u015f, \u00d6zg\u00fcr \u00d6zel&#8217;in erken se\u00e7im konusunda tutarl\u0131 bir \u00e7izgi ortaya koyamad\u0131\u011f\u0131n\u0131 savunarak, &#8220;Say\u0131n \u00d6zg\u00fcr \u00d6zel&#8217;in \u00f6ncelikle kendi siyasi iradesini netle\u015ftirmesi, \u00f6zg\u00fcrle\u015fmesi ve a\u011fz\u0131ndan \u00e7\u0131kan s\u00f6z\u00fcn arkas\u0131nda durabilmesi gerekir. Ge\u00e7mi\u015fte devlet y\u00f6netiminde haftal\u0131k bilgilendirme ve de\u011ferlendirme mekanizmalar\u0131 vard\u0131, bug\u00fcn ise Say\u0131n \u00d6zel&#8217;in haftal\u0131k ola\u011fan bilgilendirilme toplant\u0131lar\u0131ndan kurtulmas\u0131 laz\u0131m. \u00d6zel&#8217;in s\u00f6z\u00fcn\u00fc yedirtiyorlar. \u015eu anda belki grup ba\u015fkan\u0131 stat\u00fcs\u00fcne gelmi\u015f olabilir.<\/p>\n<p>2024 se\u00e7imlerinin ard\u0131ndan \u00d6zg\u00fcr \u00d6zel&#8217;in erken se\u00e7ime kar\u015f\u0131 oldu\u011funu a\u00e7\u0131k\u00e7a dile getirdi\u011fini hat\u0131rlatan Elita\u015f, buna ra\u011fmen k\u0131sa s\u00fcre i\u00e7inde parti y\u00f6neticilerinin erken se\u00e7im \u00e7a\u011fr\u0131s\u0131 yapmas\u0131n\u0131n, \u00d6zel&#8217;in s\u00f6ylemlerinin parti i\u00e7inde dahi sahiplenilmedi\u011fini g\u00f6sterdi\u011fini ifade etti. Elita\u015f, &#8220;Bir g\u00fcn &#8216;erken se\u00e7im yok&#8217; deniliyor, ertesi g\u00fcn genel ba\u015fkan yard\u0131mc\u0131lar\u0131 &#8216;erken se\u00e7im istiyoruz&#8217; a\u00e7\u0131klamas\u0131 yap\u0131yor, bir hafta sonra da Say\u0131n \u00d6zel bu s\u00f6ylemi sahiplenmek zorunda kal\u0131yor. Bu tablo, siyasi liderlik a\u00e7\u0131s\u0131ndan ciddi bir tutars\u0131zl\u0131kt\u0131r&#8221; de\u011ferlendirmesinde bulundu.<\/p>\n<p><b>&#8220;BASKIN SE\u00c7\u0130M DE\u011e\u0130L, SE\u00c7\u0130M\u0130N YEN\u0130LENMES\u0130&#8221;<\/b><\/p>\n<p>&#8220;Bask\u0131n se\u00e7im&#8221; s\u00f6ylemine de de\u011finen Elita\u015f, bu ifadenin anayasal ve hukuki bir kar\u015f\u0131l\u0131\u011f\u0131n\u0131n bulunmad\u0131\u011f\u0131n\u0131 belirterek, bunun anl\u0131k siyasi polemiklerin \u00fcr\u00fcn\u00fc oldu\u011funu s\u00f6yledi. \u00d6zg\u00fcr \u00d6zel&#8217;in ge\u00e7mi\u015fte de polemik\u00e7i bir siyaset tarz\u0131 benimsedi\u011fini ifade eden Elita\u015f, se\u00e7imlerin nas\u0131l ve hangi \u015fartlarda yap\u0131laca\u011f\u0131n\u0131n anayasada a\u00e7\u0131k\u00e7a d\u00fczenlendi\u011fini vurgulad\u0131. Se\u00e7im tarihleriyle ilgili de\u011ferlendirmelerinde ise ki\u015fisel tecr\u00fcbelerine dikkat \u00e7eken Elita\u015f, gerek genel gerek yerel se\u00e7imler a\u00e7\u0131s\u0131ndan Ekim\u2013Kas\u0131m aylar\u0131n\u0131n iklim, kat\u0131l\u0131m ve kampanya ko\u015fullar\u0131 bak\u0131m\u0131ndan en uygun d\u00f6nem oldu\u011funu s\u00f6yledi. Elita\u015f, se\u00e7im d\u00f6nemlerinde \u00f6zellikle yerel y\u00f6netimlerde kontrols\u00fcz vaatlerin artt\u0131\u011f\u0131n\u0131, bunun kamu kaynaklar\u0131 a\u00e7\u0131s\u0131ndan ciddi sorunlara yol a\u00e7t\u0131\u011f\u0131n\u0131 ifade ederek, ge\u00e7mi\u015fte yap\u0131lan &#8220;herkese trakt\u00f6r&#8221; gibi se\u00e7im vaatlerini de siyasi ciddiyetle ba\u011fda\u015fmayan \u00f6rnekler olarak de\u011ferlendirdi.<\/p>\n<p><b>KAYYUM UYGULAMALARI: \u00c7\u0130FTE STANDARTTAN VAZGE\u00c7\u0130LMEL\u0130<\/b><\/p>\n<p>Kayyum uygulamalar\u0131na y\u00f6nelik ele\u015ftirilere kapsaml\u0131 yan\u0131t veren Mutafa Elita\u015f, s\u00f6z konusu uygulaman\u0131n keyfi bir idari tasarruf olmad\u0131\u011f\u0131n\u0131, a\u00e7\u0131k bi\u00e7imde y\u00fcr\u00fcrl\u00fckteki yasal d\u00fczenlemelere dayand\u0131\u011f\u0131n\u0131 vurgulad\u0131. \u00d6zellikle 15 Temmuz 2016 darbe giri\u015fiminin ard\u0131ndan T\u00fcrkiye&#8217;nin kar\u015f\u0131 kar\u015f\u0131ya kald\u0131\u011f\u0131 g\u00fcvenlik tehdidi nedeniyle \u00e7\u0131kar\u0131lan OHAL d\u00fczenlemelerini hat\u0131rlatan Elita\u015f, bu d\u00fczenlemelerin T\u00fcrkiye B\u00fcy\u00fck Millet Meclisi&#8217;nde g\u00f6r\u00fc\u015f\u00fclerek yasala\u015ft\u0131\u011f\u0131n\u0131 ve Anayasa Mahkemesi&#8217;nin denetiminden ge\u00e7ti\u011fini belirtti. Elita\u015f, kayyum uygulamas\u0131n\u0131n hukuki me\u015fruiyetinin bu s\u00fcre\u00e7lerle a\u00e7\u0131k\u00e7a ortaya konuldu\u011funu ifade etti.<\/p>\n<p><b>&#8220;KAMU KAYNAKLARININ KORUNMASI DEVLET\u0130N SORUMLULU\u011eUDUR&#8221;<\/b><\/p>\n<p>Kayyum atamalar\u0131n\u0131n, ter\u00f6r \u00f6rg\u00fctleriyle irtibat\u0131 veya iltisak\u0131 tespit edilen belediye y\u00f6netimlerine y\u00f6nelik bir tedbir oldu\u011funu dile getiren Elita\u015f, kamu kaynaklar\u0131n\u0131n ter\u00f6rle m\u00fccadele hassasiyeti \u00e7er\u00e7evesinde korunmas\u0131n\u0131n devletin temel sorumluluklar\u0131ndan biri oldu\u011funu s\u00f6yledi. Elita\u015f, &#8220;Bir yandan ter\u00f6r\u00fc lanetleyip, di\u011fer yandan ter\u00f6rle iltisakl\u0131 ki\u015filerin milletin vergileriyle olu\u015fan belediye b\u00fct\u00e7elerini kullanmas\u0131na sessiz kalmak a\u00e7\u0131k bir \u00e7ifte standartt\u0131r. Devletin buna g\u00f6z yummas\u0131 beklenemez&#8221; ifadelerini kulland\u0131. Bu uygulamalar\u0131n demokrasiyi zedeledi\u011fi y\u00f6n\u00fcndeki ele\u015ftirilere de de\u011finen Elita\u015f, as\u0131l demokratik hassasiyetin milletin kaynaklar\u0131n\u0131n do\u011fru ve me\u015fru \u015fekilde kullan\u0131lmas\u0131 oldu\u011funu vurgulayarak, &#8220;Se\u00e7ilmi\u015f olmak, hukukun d\u0131\u015f\u0131na \u00e7\u0131kma ya da ter\u00f6re destek verme hakk\u0131 tan\u0131maz. Hukuk devleti olman\u0131n gere\u011fi, su\u00e7la irtibat\u0131 tespit edilen durumlarda kamu d\u00fczenini koruyacak mekanizmalar\u0131 i\u015fletmektir&#8221; de\u011ferlendirmesinde bulundu. Elita\u015f, kayyum uygulamalar\u0131na ili\u015fkin tart\u0131\u015fmalar\u0131n ideolojik yakla\u015f\u0131mlardan ar\u0131nd\u0131r\u0131larak ele al\u0131nmas\u0131 gerekti\u011fini belirterek, mevcut yasal \u00e7er\u00e7eve i\u00e7erisinde Parlamento&#8217;nun gerekli g\u00f6rmesi halinde her t\u00fcrl\u00fc d\u00fczenlemeyi yapma yetkisine sahip oldu\u011funu da s\u00f6zlerine ekledi.<\/p>\n<p><b>EKONOM\u0130 VE EMEKL\u0130 MAA\u015eLARI<\/b><\/p>\n<p>Ekonomiye ili\u015fkin sorular\u0131 da yan\u0131tlayan Elita\u015f, en d\u00fc\u015f\u00fck emekli maa\u015f\u0131n\u0131n yeterli olmad\u0131\u011f\u0131n\u0131 a\u00e7\u0131k\u00e7a ifade etti. Yap\u0131lan art\u0131\u015flar\u0131n enflasyon dengesi g\u00f6zetilerek ger\u00e7ekle\u015ftirildi\u011fini belirten Elita\u015f, &#8220;\u00d6nemli olan yap\u0131lan art\u0131\u015flar\u0131n kal\u0131c\u0131 olmas\u0131d\u0131r. Devletin geliri artmadan, s\u00fcrd\u00fcr\u00fclebilir refah art\u0131\u015f\u0131 sa\u011flanamaz&#8221; dedi. SSK ve Ba\u011f-Kur emeklileriyle memur emeklileri aras\u0131ndaki zam fark\u0131n\u0131n kapat\u0131ld\u0131\u011f\u0131n\u0131 hat\u0131rlatan Elita\u015f, temmuz ay\u0131nda yeni d\u00fczenlemelerin g\u00fcndeme gelebilece\u011fini s\u00f6yledi.<\/p>\n<p><b>ANA MUHALEFETE ELE\u015eT\u0130R\u0130<\/b><\/p>\n<p>Ana muhalefetin \u00f6zellikle deprem b\u00f6lgesindeki \u00e7al\u0131\u015fmalara yakla\u015f\u0131m\u0131n\u0131 ele\u015ftiren Elita\u015f, TOK\u0130 ve ilgili kurumlar taraf\u0131ndan y\u00fcr\u00fct\u00fclen konut projelerinin d\u00fcnyada \u00f6rne\u011fi az bulunan bir h\u0131zla ger\u00e7ekle\u015ftirildi\u011fini ifade etti. Elita\u015f, &#8220;Bu ba\u015far\u0131y\u0131 g\u00f6rmezden gelmek, b\u00f6lge insan\u0131n\u0131n eme\u011fini yok saymakt\u0131r&#8221; dedi.<\/p>\n","protected":false},"excerpt":{"rendered":"<p>AK Parti Genel Ba\u015fkan Vekili Mustafa Elita\u015f, CHP Genel Ba\u015fkan\u0131 \u00d6zg\u00fcr \u00d6zel&#8217;in erken se\u00e7im s\u00f6ylemlerini tutars\u0131z buldu\u011funu belirterek, &#8220;Bir g\u00fcn erken se\u00e7ime kar\u015f\u0131 \u00e7\u0131k\u0131p ertesi g\u00fcn parti kurmaylar\u0131n\u0131n erken se\u00e7im \u00e7a\u011fr\u0131s\u0131 yapmas\u0131, liderlik zafiyetidir&#8221; dedi. &#8220;Bask\u0131n se\u00e7im&#8221; kavram\u0131n\u0131n anayasal bir kar\u015f\u0131l\u0131\u011f\u0131 olmad\u0131\u011f\u0131n\u0131 vurgulayan Elita\u015f, se\u00e7imlerin nas\u0131l ve hangi \u015fartlarda yap\u0131laca\u011f\u0131n\u0131n anayasada a\u00e7\u0131k\u00e7a d\u00fczenlendi\u011fini ifade etti.<\/p>\n","protected":false},"author":1,"featured_media":53972,"comment_status":"open","ping_status":"open","sticky":false,"template":"","format":"standard","meta":{"footnotes":""},"categories":[12],"tags":[3283,2698,5686,2020,197],"class_list":["post-53971","post","type-post","status-publish","format-standard","has-post-thumbnail","hentry","category-siyaset","tag-anayasa","tag-degerlendirme","tag-elitas","tag-secim","tag-turkiye"],"_links":{"self":[{"href":"https:\/\/bihavadis.com\/index.php\/wp-json\/wp\/v2\/posts\/53971","targetHints":{"allow":["GET"]}}],"collection":[{"href":"https:\/\/bihavadis.com\/index.php\/wp-json\/wp\/v2\/posts"}],"about":[{"href":"https:\/\/bihavadis.com\/index.php\/wp-json\/wp\/v2\/types\/post"}],"author":[{"embeddable":true,"href":"https:\/\/bihavadis.com\/index.php\/wp-json\/wp\/v2\/users\/1"}],"replies":[{"embeddable":true,"href":"https:\/\/bihavadis.com\/index.php\/wp-json\/wp\/v2\/comments?post=53971"}],"version-history":[{"count":1,"href":"https:\/\/bihavadis.com\/index.php\/wp-json\/wp\/v2\/posts\/53971\/revisions"}],"predecessor-version":[{"id":53973,"href":"https:\/\/bihavadis.com\/index.php\/wp-json\/wp\/v2\/posts\/53971\/revisions\/53973"}],"wp:featuredmedia":[{"embeddable":true,"href":"https:\/\/bihavadis.com\/index.php\/wp-json\/wp\/v2\/media\/53972"}],"wp:attachment":[{"href":"https:\/\/bihavadis.com\/index.php\/wp-json\/wp\/v2\/media?parent=53971"}],"wp:term":[{"taxonomy":"category","embeddable":true,"href":"https:\/\/bihavadis.com\/index.php\/wp-json\/wp\/v2\/categories?post=53971"},{"taxonomy":"post_tag","embeddable":true,"href":"https:\/\/bihavadis.com\/index.php\/wp-json\/wp\/v2\/tags?post=53971"}],"curies":[{"name":"wp","href":"https:\/\/api.w.org\/{rel}","templated":true}]}}