{"id":53988,"date":"2026-03-01T00:03:07","date_gmt":"2026-03-01T00:03:07","guid":{"rendered":"https:\/\/bihavadis.com\/?p=53988"},"modified":"2026-03-01T00:03:07","modified_gmt":"2026-03-01T00:03:07","slug":"ingiltere-krali-charlesten-andrewa-iliskin-yasa-islemeli-mesaji","status":"publish","type":"post","link":"https:\/\/bihavadis.com\/index.php\/2026\/03\/01\/ingiltere-krali-charlesten-andrewa-iliskin-yasa-islemeli-mesaji\/","title":{"rendered":"\u0130ngiltere Kral\u0131 Charles&#8217;ten, Andrew&#8217;a ili\u015fkin &#8220;Yasa i\u015flemeli&#8221; mesaj\u0131"},"content":{"rendered":"<p>ABD&#8217;de re\u015fit olmayan k\u0131z \u00e7ocuklar\u0131na y\u00f6nelik cinsel istismar ve fuhu\u015f a\u011f\u0131 kurma su\u00e7lamas\u0131yla tutuklu yarg\u0131lan\u0131rken hapishanede \u00f6l\u00fc bulunan milyarder Jeffrey Epstein ile yak\u0131n ili\u015fkisi olan eski Prens Andrew Mountbatten-Windsor, kamu g\u00f6revini suistimal \u015f\u00fcphesiyle g\u00f6zalt\u0131na<\/p>\n<p>\u0130ngiltere Kral\u0131 3. Charles, Andrew&#8217;un g\u00f6zalt\u0131na al\u0131nmas\u0131n\u0131n ard\u0131ndan yaz\u0131l\u0131 a\u00e7\u0131klama yapt\u0131.<\/p>\n<p><strong>AD\u0130L VE USUL\u00dcNE UYGUN B\u0130\u00c7\u0130MDE Y\u00dcR\u00dcT\u00dcLMES\u0130 MESAJI <\/strong><\/p>\n<p>\u0130ngiltere Kral\u0131, karde\u015fi Andrew hakk\u0131ndaki haberleri <em><b>&#8220;derin endi\u015feyle&#8221; <\/b><\/em>\u00f6\u011frendi\u011fini belirterek bundan sonraki s\u00fcrecin yetkili makamlar taraf\u0131ndan tam, adil ve usul\u00fcne uygun bi\u00e7imde y\u00fcr\u00fct\u00fclece\u011fini kaydetti.<\/p>\n<p><strong>&#8220;DAHA FAZLA YORUM YAPMAM DO\u011eRU OLMAZ&#8221;<\/strong><\/p>\n<p>Yetkililere <em><b>&#8220;tam, i\u00e7ten destek ve i\u015fbirli\u011fi&#8221; <\/b><\/em>sunduklar\u0131n\u0131 vurgulayan Kral Charles,<em><b> &#8220;\u015eunu a\u00e7\u0131k\u00e7a ifade etmeme izin verin: Yasa, kendi seyrinde i\u015flemelidir. Bu s\u00fcre\u00e7 devam ederken bu konu hakk\u0131nda daha fazla yorum yapmam do\u011fru olmaz.&#8221;<\/b><\/em> ifadelerini kulland\u0131.<\/p>\n<p>Kral, ailesiyle kamu g\u00f6revlerini s\u00fcrd\u00fcrmeye devam edeceklerini belirtti.<\/p>\n<p><strong>G\u00d6ZALTINA ALINMI\u015eTI<\/strong><\/p>\n<p>\u0130ngiliz bas\u0131n\u0131, Jeffrey Epstein ile yak\u0131n ili\u015fkisi bulunan eski Prens Andrew&#8217;un, kamu g\u00f6revini k\u00f6t\u00fcye kullanma \u015f\u00fcphesiyle g\u00f6zalt\u0131na al\u0131nd\u0131\u011f\u0131n\u0131 duyurmu\u015ftu.<\/p>\n<p><img decoding=\"async\" src=\"https:\/\/bihavadis.com\/wp-content\/uploads\/2026\/03\/ingiltere-krali-charlesten-andrewa-iliskin-yasa-islemeli-mesaji-0-pOZXS724.jpg\"\/><\/p>\n<p><strong>T\u00dcM UNVANLARI EL\u0130NDEN ALINMI\u015eTI <\/strong><\/p>\n<p>Mountbatten-Windsor&#8217;un Epstein&#8217;le yak\u0131n ili\u015fkisi, ABD Adalet Bakanl\u0131\u011f\u0131n\u0131n yay\u0131mlad\u0131\u011f\u0131 belgelerde yer alm\u0131\u015f, Epstein ma\u011fduru Virginia Giuffre, hen\u00fcz 17 ya\u015f\u0131ndayken o d\u00f6nemde prens olan Andrew&#8217;la ili\u015fkiye girdi\u011fini iddia etmi\u015fti.<\/p>\n<p>\u0130ddialar\u0131 reddeden Mountbatten-Windsor, Kraliyet Ailesi&#8217;ne zarar vermemek ad\u0131na York D\u00fck\u00fc dahil t\u00fcm \u00fcnvanlar\u0131ndan feragat etmi\u015fti ancak ge\u00e7en y\u0131l\u0131n son aylar\u0131nda artan bask\u0131lar ve yeni a\u00e7\u0131klanan belgeler neticesinde Kral Charles taraf\u0131ndan &#8220;Prens&#8221; \u00fcnvan\u0131 da elinden al\u0131nm\u0131\u015ft\u0131.<\/p>\n<p>Mountbatten-Windsor&#8217;un 2003&#8217;ten bu yana kald\u0131\u011f\u0131 malikaneye c\u00fczi bir y\u0131ll\u0131k kira \u00f6demesi ve 75 y\u0131ll\u0131k kullan\u0131m hakk\u0131n\u0131 1 milyon sterline almas\u0131 da bu d\u00f6nemde g\u00fcndeme gelmi\u015fti.<\/p>\n<p><strong>W\u0130NDOR KALES\u0130&#8217;NDEK\u0130 EV\u0130N\u0130 BO\u015eALTTI <\/strong><\/p>\n<p>Royal Lodge malikanesini kiralamas\u0131, Kraliyet gelirleri ve Mountbatten-Windsor&#8217;un masraflar\u0131n\u0131n halk taraf\u0131ndan vergiler yoluyla kar\u015f\u0131lanmas\u0131na gelen tepkilerin ard\u0131ndan konu parlamentoda da ele al\u0131nm\u0131\u015ft\u0131.<\/p>\n<p>Bask\u0131lar \u00fczerine Windsor Kalesi&#8217;ndeki evini bo\u015faltan Mountbatten-Windsor, Kral Charles&#8217;\u0131n \u015fahsi m\u00fclk\u00fc olan Sandringham Saray\u0131 arazisindeki \u00e7iftlik evine ta\u015f\u0131nm\u0131\u015ft\u0131.<\/p>\n<p>Mountbatten-Windsor&#8217;un eski e\u015fi Sarah Ferguson&#8217;un da Epstein&#8217;le arkada\u015fl\u0131\u011f\u0131 ortaya \u00e7\u0131km\u0131\u015f, Ferguson&#8217;un onursal ba\u015fkan\u0131 oldu\u011fu pek \u00e7ok vak\u0131f, eski York D\u00fc\u015fesi&#8217;yle ili\u015fkisine son vermi\u015fti.<\/p>\n<p>Kendi k\u0131z \u00e7ocuklar\u0131n\u0131 Epstein Adas\u0131&#8217;na g\u00f6t\u00fcrd\u00fc\u011f\u00fc ortaya \u00e7\u0131kan Ferguson&#8217;un ad\u0131n\u0131 ta\u015f\u0131yan Sarah Vakf\u0131 ise kapanma karar\u0131 alm\u0131\u015ft\u0131.<\/p>\n<div> <span><strong>Kaynak:<\/strong> Anadolu Ajans\u0131 (AA)<\/span> <\/div>\n","protected":false},"excerpt":{"rendered":"<p>ABD&#8217;de re\u015fit olmayan k\u0131z \u00e7ocuklar\u0131na y\u00f6nelik cinsel istismar ve fuhu\u015f a\u011f\u0131 kurma su\u00e7lamas\u0131yla tutuklu yarg\u0131lan\u0131rken hapishanede \u00f6l\u00fc bulunan milyarder Jeffrey Epstein ile yak\u0131n ili\u015fkisi olan eski Prens Andrew Mountbatten-Windsor, kamu g\u00f6revini &#8230;<\/p>\n","protected":false},"author":1,"featured_media":53989,"comment_status":"open","ping_status":"open","sticky":false,"template":"","format":"standard","meta":{"footnotes":""},"categories":[6],"tags":[2613,2183,2488,2487],"class_list":["post-53988","post","type-post","status-publish","format-standard","has-post-thumbnail","hentry","category-dunya","tag-andrew","tag-epstein","tag-kral","tag-windsor"],"_links":{"self":[{"href":"https:\/\/bihavadis.com\/index.php\/wp-json\/wp\/v2\/posts\/53988","targetHints":{"allow":["GET"]}}],"collection":[{"href":"https:\/\/bihavadis.com\/index.php\/wp-json\/wp\/v2\/posts"}],"about":[{"href":"https:\/\/bihavadis.com\/index.php\/wp-json\/wp\/v2\/types\/post"}],"author":[{"embeddable":true,"href":"https:\/\/bihavadis.com\/index.php\/wp-json\/wp\/v2\/users\/1"}],"replies":[{"embeddable":true,"href":"https:\/\/bihavadis.com\/index.php\/wp-json\/wp\/v2\/comments?post=53988"}],"version-history":[{"count":1,"href":"https:\/\/bihavadis.com\/index.php\/wp-json\/wp\/v2\/posts\/53988\/revisions"}],"predecessor-version":[{"id":53991,"href":"https:\/\/bihavadis.com\/index.php\/wp-json\/wp\/v2\/posts\/53988\/revisions\/53991"}],"wp:featuredmedia":[{"embeddable":true,"href":"https:\/\/bihavadis.com\/index.php\/wp-json\/wp\/v2\/media\/53989"}],"wp:attachment":[{"href":"https:\/\/bihavadis.com\/index.php\/wp-json\/wp\/v2\/media?parent=53988"}],"wp:term":[{"taxonomy":"category","embeddable":true,"href":"https:\/\/bihavadis.com\/index.php\/wp-json\/wp\/v2\/categories?post=53988"},{"taxonomy":"post_tag","embeddable":true,"href":"https:\/\/bihavadis.com\/index.php\/wp-json\/wp\/v2\/tags?post=53988"}],"curies":[{"name":"wp","href":"https:\/\/api.w.org\/{rel}","templated":true}]}}