{"id":54016,"date":"2026-03-01T00:24:09","date_gmt":"2026-03-01T00:24:09","guid":{"rendered":"https:\/\/bihavadis.com\/?p=54016"},"modified":"2026-03-01T00:24:09","modified_gmt":"2026-03-01T00:24:09","slug":"elazig-tso-genel-ticaret-fuari-basliyor","status":"publish","type":"post","link":"https:\/\/bihavadis.com\/index.php\/2026\/03\/01\/elazig-tso-genel-ticaret-fuari-basliyor\/","title":{"rendered":"Elaz\u0131\u011f TSO Genel Ticaret Fuar\u0131 Ba\u015fl\u0131yor"},"content":{"rendered":"<p> Elaz\u0131\u011f Ticaret ve Sanayi Odas\u0131 (Elaz\u0131\u011f TSO) taraf\u0131ndan \u015fehrin ticari yap\u0131s\u0131na g\u00fc\u00e7lendirecek ve t\u00fcm sekt\u00f6rleri bir \u00e7at\u0131 alt\u0131nda toplayacak &#8220;Elaz\u0131\u011f TSO Genel Ticaret Fuar\u0131&#8221; 6 \u015eubat Cuma g\u00fcn\u00fc kap\u0131lar\u0131n\u0131 a\u00e7\u0131yor.<\/p>\n<p>Elaz\u0131\u011f TSO Genel Ticaret Fuar\u0131, 6 \u015eubat Cuma g\u00fcn\u00fc saat 14.30&#8217;da kap\u0131lar\u0131n\u0131 a\u00e7\u0131yor. Elaz\u0131\u011f TSO \u00f6nc\u00fcl\u00fc\u011f\u00fcnde 6-7-8 \u015eubat 2026 tarihlerinde d\u00fczenlenecek olan fuar, \u015fehrin \u00fcretimden pazarlamaya uzanan t\u00fcm ekonomik g\u00fcc\u00fcn\u00fc tek \u00e7at\u0131 alt\u0131nda bulu\u015fturacak. Ahmet Tevfik Ozan Fuar ve Kongre Merkezi&#8217;nde d\u00fczenlenecek a\u00e7\u0131l\u0131\u015f t\u00f6reni ile ba\u015flayacak fuar\u0131n, 8 \u015eubat Pazar g\u00fcn\u00fc sona erece\u011fi bildirildi. T\u00fcrkiye Odalar ve Borsalar Birli\u011fi Ba\u015fkan\u0131 Rifat Hisarc\u0131kl\u0131o\u011flu&#8217;nun kat\u0131l\u0131mlar\u0131yla ziyaret\u00e7ilere kap\u0131s\u0131n\u0131 a\u00e7acak olan Elaz\u0131\u011f TSO Genel Ticaret Fuar\u0131, i\u015f d\u00fcnyas\u0131n\u0131n birlik iradesi, b\u00fcy\u00fcme kararl\u0131l\u0131\u011f\u0131 ortaya konulmas\u0131 ad\u0131na \u00f6nemli bir organizasyon olacak. Fuarda, her sekt\u00f6rden 55 firma 100&#8217;den fazla sayg\u0131n markalar\u0131n stant a\u00e7aca\u011f\u0131 aktar\u0131ld\u0131.<\/p>\n<p>Fuara titizlikle ve hummal\u0131 bir \u00e7al\u0131\u015fma ile haz\u0131rland\u0131klar\u0131n\u0131 ifade eden ve g\u00f6reve geldikleri g\u00fcnden bu yana &#8216;\u00dcreten ve B\u00fcy\u00fcyen Elaz\u0131\u011f&#8217; hedefiyle hareket ettiklerini belirten Elaz\u0131\u011f TSO Ba\u015fkan\u0131 \u0130dris Alan, bu fuar\u0131n bir sonu\u00e7 de\u011fil, b\u00fcy\u00fck bir de\u011fi\u015fim s\u00fcrecinin ba\u015flang\u0131c\u0131 oldu\u011funu vurgulad\u0131.<\/p>\n<p>G\u00f6reve geldiklerinde Elaz\u0131\u011f i\u00e7in bir s\u00f6z verdiklerini aktaran Ba\u015fkan Alan, &#8220;Esnaf\u0131m\u0131z\u0131n, t\u00fcccar\u0131m\u0131z\u0131n ve sanayicimizin her an yan\u0131nda olaca\u011f\u0131z dedik. 6. B\u00f6lge te\u015fviklerinin 2017 y\u0131l\u0131nda ilimize kazand\u0131r\u0131l\u0131p bug\u00fcne kadar devam etmesinden, \u00fcyelerimizin finansal darbo\u011fazlardan \u00e7\u0131k\u0131\u015f yollar\u0131na kadar her alanda g\u00f6vdemizi ta\u015f\u0131n alt\u0131na koyduk. Ankara&#8217;da bakanl\u0131klar nezdinde y\u00fcr\u00fctt\u00fc\u011f\u00fcm\u00fcz g\u00fc\u00e7l\u00fc lobicilik faaliyetleriyle Elaz\u0131\u011f&#8217;\u0131n sesini en g\u00fcr \u015fekilde duyurduk. \u015eimdi ise t\u00fcm bu emeklerimizi ta\u00e7land\u0131racak, \u015fehrimizin ticaret hacmini zirveye ta\u015f\u0131yacak olan Elaz\u0131\u011f TSO Genel Ticaret Fuar\u0131&#8217;n\u0131 hayata ge\u00e7iriyoruz&#8221; dedi.<\/p>\n<p>Fuar\u0131n stratejik bir hamle oldu\u011funa dikkat \u00e7eken Ba\u015fkan Alan, &#8220;Bu fuar, Elaz\u0131\u011f&#8217;\u0131n ticaret vizyonunu geli\u015ftirmek ve ilimizin misyonunu uluslararas\u0131 standartlara ta\u015f\u0131mak i\u00e7in b\u00fcy\u00fck bir f\u0131rsatt\u0131r. Mobilyadan g\u0131daya, tekstilden teknolojiye, sa\u011fl\u0131ktan in\u015faata ilimizde faaliyet g\u00f6steren t\u00fcm sekt\u00f6rleri tek bir \u00e7at\u0131 alt\u0131nda topluyoruz. Amac\u0131m\u0131z; sadece \u00fcr\u00fcn sergilemek de\u011fil, yeni i\u015f ba\u011flant\u0131lar\u0131 kurmak, \u00fcyelerimizin pazar pay\u0131n\u0131 art\u0131rmak ve Elaz\u0131\u011f ekonomisinin ne kadar b\u00fcy\u00fck bir potansiyele sahip oldu\u011funu herkese ilan etmektir&#8221; diye konu\u015ftu. &#8211; ELAZI\u011e<\/p>\n","protected":false},"excerpt":{"rendered":"<p>Elaz\u0131\u011f TSO, 6-8 \u015eubat 2026 tarihlerinde Genel Ticaret Fuar\u0131 d\u00fczenliyor, 55 firma kat\u0131lacak.<\/p>\n","protected":false},"author":1,"featured_media":54017,"comment_status":"open","ping_status":"open","sticky":false,"template":"","format":"standard","meta":{"footnotes":""},"categories":[8],"tags":[566,433,406,1405],"class_list":["post-54016","post","type-post","status-publish","format-standard","has-post-thumbnail","hentry","category-ekonomi","tag-elazig","tag-fuar","tag-ticaret","tag-tso"],"_links":{"self":[{"href":"https:\/\/bihavadis.com\/index.php\/wp-json\/wp\/v2\/posts\/54016","targetHints":{"allow":["GET"]}}],"collection":[{"href":"https:\/\/bihavadis.com\/index.php\/wp-json\/wp\/v2\/posts"}],"about":[{"href":"https:\/\/bihavadis.com\/index.php\/wp-json\/wp\/v2\/types\/post"}],"author":[{"embeddable":true,"href":"https:\/\/bihavadis.com\/index.php\/wp-json\/wp\/v2\/users\/1"}],"replies":[{"embeddable":true,"href":"https:\/\/bihavadis.com\/index.php\/wp-json\/wp\/v2\/comments?post=54016"}],"version-history":[{"count":1,"href":"https:\/\/bihavadis.com\/index.php\/wp-json\/wp\/v2\/posts\/54016\/revisions"}],"predecessor-version":[{"id":54018,"href":"https:\/\/bihavadis.com\/index.php\/wp-json\/wp\/v2\/posts\/54016\/revisions\/54018"}],"wp:featuredmedia":[{"embeddable":true,"href":"https:\/\/bihavadis.com\/index.php\/wp-json\/wp\/v2\/media\/54017"}],"wp:attachment":[{"href":"https:\/\/bihavadis.com\/index.php\/wp-json\/wp\/v2\/media?parent=54016"}],"wp:term":[{"taxonomy":"category","embeddable":true,"href":"https:\/\/bihavadis.com\/index.php\/wp-json\/wp\/v2\/categories?post=54016"},{"taxonomy":"post_tag","embeddable":true,"href":"https:\/\/bihavadis.com\/index.php\/wp-json\/wp\/v2\/tags?post=54016"}],"curies":[{"name":"wp","href":"https:\/\/api.w.org\/{rel}","templated":true}]}}