{"id":54029,"date":"2026-03-01T00:33:07","date_gmt":"2026-03-01T00:33:07","guid":{"rendered":"https:\/\/bihavadis.com\/?p=54029"},"modified":"2026-03-01T00:33:07","modified_gmt":"2026-03-01T00:33:07","slug":"pakistanda-bir-apartmanda-patlama-16-kisi-hayatini-kaybetti","status":"publish","type":"post","link":"https:\/\/bihavadis.com\/index.php\/2026\/03\/01\/pakistanda-bir-apartmanda-patlama-16-kisi-hayatini-kaybetti\/","title":{"rendered":"Pakistan&#8217;da bir apartmanda patlama: 16 ki\u015fi hayat\u0131n\u0131 kaybetti"},"content":{"rendered":"<p>Pakistan bas\u0131n\u0131, Kara\u00e7i kentinde bulunan bir apartman\u0131n birinci kat\u0131nda patlama meydana geldi\u011fini duyurudu.\u00a0<\/p>\n<p>Patlamada apartman\u0131n bir k\u0131sm\u0131n\u0131n \u00e7\u00f6kmesi sonucu 16 ki\u015finin ya\u015fam\u0131n\u0131 yitirdi\u011fi de aktar\u0131ld\u0131.\u00a0<\/p>\n<p><strong>ENKAZDA \u00c7ALI\u015eMALAR S\u00dcR\u00dcYOR<\/strong><\/p>\n<p>Yetkililer, patlaman\u0131n gaz ka\u00e7a\u011f\u0131ndan kaynakland\u0131\u011f\u0131n\u0131n de\u011ferlendirildi\u011fini a\u00e7\u0131klad\u0131.<\/p>\n<p>Ekiplerin, apartman\u0131n enkaz\u0131ndan baz\u0131 ki\u015fileri kurtard\u0131\u011f\u0131 ve b\u00f6lgedeki \u00e7al\u0131\u015fmalar\u0131n devam etti\u011fi aktar\u0131ld\u0131.<\/p>\n<p><img decoding=\"async\" src=\"https:\/\/bihavadis.com\/wp-content\/uploads\/2026\/03\/pakistanda-bir-apartmanda-patlama-16-kisi-hayatini-kaybetti-0-vNbwTAmG.jpg\"\/><\/p>\n<p><img decoding=\"async\" src=\"https:\/\/bihavadis.com\/wp-content\/uploads\/2026\/03\/pakistanda-bir-apartmanda-patlama-16-kisi-hayatini-kaybetti-1-yXicw1Lv.jpg\"\/><\/p>\n<p><img decoding=\"async\" src=\"https:\/\/bihavadis.com\/wp-content\/uploads\/2026\/03\/pakistanda-bir-apartmanda-patlama-16-kisi-hayatini-kaybetti-2-P7MyB3m2.jpg\"\/><\/p>\n<p><img decoding=\"async\" src=\"https:\/\/bihavadis.com\/wp-content\/uploads\/2026\/03\/pakistanda-bir-apartmanda-patlama-16-kisi-hayatini-kaybetti-3-QtjhDi2U.jpg\"\/> <\/p>\n<div> <span><strong>Kaynak:<\/strong> Demir\u00f6ren Haber Ajans\u0131 (DHA)<\/span> <\/div>\n","protected":false},"excerpt":{"rendered":"<p>Pakistan bas\u0131n\u0131, Kara\u00e7i kentinde bulunan bir apartman\u0131n birinci kat\u0131nda patlama meydana geldi\u011fini duyurudu.\u00a0 Patlamada apartman\u0131n bir k\u0131sm\u0131n\u0131n \u00e7\u00f6kmesi sonucu 16 ki\u015finin ya\u015fam\u0131n\u0131 yitirdi\u011fi de aktar\u0131ld\u0131.\u00a0 ENKAZDA \u00c7ALI\u015eMALAR S\u00dcR\u00dcYOR Yetkililer &#8230;<\/p>\n","protected":false},"author":1,"featured_media":54030,"comment_status":"open","ping_status":"open","sticky":false,"template":"","format":"standard","meta":{"footnotes":""},"categories":[6],"tags":[],"class_list":["post-54029","post","type-post","status-publish","format-standard","has-post-thumbnail","hentry","category-dunya"],"_links":{"self":[{"href":"https:\/\/bihavadis.com\/index.php\/wp-json\/wp\/v2\/posts\/54029","targetHints":{"allow":["GET"]}}],"collection":[{"href":"https:\/\/bihavadis.com\/index.php\/wp-json\/wp\/v2\/posts"}],"about":[{"href":"https:\/\/bihavadis.com\/index.php\/wp-json\/wp\/v2\/types\/post"}],"author":[{"embeddable":true,"href":"https:\/\/bihavadis.com\/index.php\/wp-json\/wp\/v2\/users\/1"}],"replies":[{"embeddable":true,"href":"https:\/\/bihavadis.com\/index.php\/wp-json\/wp\/v2\/comments?post=54029"}],"version-history":[{"count":1,"href":"https:\/\/bihavadis.com\/index.php\/wp-json\/wp\/v2\/posts\/54029\/revisions"}],"predecessor-version":[{"id":54035,"href":"https:\/\/bihavadis.com\/index.php\/wp-json\/wp\/v2\/posts\/54029\/revisions\/54035"}],"wp:featuredmedia":[{"embeddable":true,"href":"https:\/\/bihavadis.com\/index.php\/wp-json\/wp\/v2\/media\/54030"}],"wp:attachment":[{"href":"https:\/\/bihavadis.com\/index.php\/wp-json\/wp\/v2\/media?parent=54029"}],"wp:term":[{"taxonomy":"category","embeddable":true,"href":"https:\/\/bihavadis.com\/index.php\/wp-json\/wp\/v2\/categories?post=54029"},{"taxonomy":"post_tag","embeddable":true,"href":"https:\/\/bihavadis.com\/index.php\/wp-json\/wp\/v2\/tags?post=54029"}],"curies":[{"name":"wp","href":"https:\/\/api.w.org\/{rel}","templated":true}]}}