{"id":54086,"date":"2026-03-01T01:12:07","date_gmt":"2026-03-01T01:12:07","guid":{"rendered":"https:\/\/bihavadis.com\/?p=54086"},"modified":"2026-03-01T01:12:07","modified_gmt":"2026-03-01T01:12:07","slug":"samsunspor-sterling-transferinde-olumsuz-sonuc-aldi","status":"publish","type":"post","link":"https:\/\/bihavadis.com\/index.php\/2026\/03\/01\/samsunspor-sterling-transferinde-olumsuz-sonuc-aldi\/","title":{"rendered":"Samsunspor, Sterling Transferinde Olumsuz Sonu\u00e7 ald\u0131"},"content":{"rendered":"<p> Samsunspor Bas\u0131n S\u00f6zc\u00fcs\u00fc Suat \u00c7ak\u0131r, Chelsea&#8217;den ayr\u0131lan d\u00fcnyaca \u00fcnl\u00fc kanat forvet Raheem Sterling&#8217;in transferi i\u00e7in \u00f6nemli bir a\u015famaya gelmelerine ra\u011fmen olumsuz sonu\u00e7land\u0131\u011f\u0131n\u0131 ifade etti.<\/p>\n<p>Samsunspor Bas\u0131n S\u00f6zc\u00fcs\u00fc \u00c7ak\u0131r, Nuri Asan Tesisleri&#8217;nde d\u00fczenledi\u011fi bas\u0131n toplant\u0131s\u0131nda, tak\u0131m\u0131n son durumunu de\u011ferlendirdi. Transfer \u00e7al\u0131\u015fmalar\u0131 hakk\u0131nda bilgi veren Suat \u00c7ak\u0131r, &#8220;Elayis Tavsan, T\u00fcrk stat\u00fcs\u00fcne ge\u00e7ti. \u0130\u00e7i\u015fleri Bakan\u0131m\u0131z Ali Yerlikaya&#8217;ya deste\u011fi i\u00e7in te\u015fekk\u00fcr ediyorum. B\u00f6ylelikle bir tane yabanc\u0131 kontenjan hakk\u0131m\u0131z do\u011fdu. \u015eu an onunla ilgili \u00e7al\u0131\u015fma yap\u0131l\u0131yor. Hocam\u0131z\u0131n iste\u011fi do\u011frultusunda gerekli takviye yap\u0131lacakt\u0131r&#8221; dedi.<\/p>\n<p>&#8220;Raheem Sterling transferi olumsuz sonu\u00e7land\u0131&#8221;<\/p>\n<p>Uluslararas\u0131 arenada da yank\u0131 bulan Raheem Sterling transferiyle ilgili son durumu payla\u015fan Suat \u00c7ak\u0131r, &#8220;Raheem Sterling transferiyle ilgili yol al\u0131nd\u0131. Yani anla\u015fmaya do\u011fru gidilirken daha sonra futbolcunun T\u00fcrkiye&#8217;ye gelmek istememesi y\u00fcz\u00fcnden transfer bozuldu. Ba\u015fkan\u0131m\u0131z Y\u00fcksel Y\u0131ld\u0131r\u0131m bununla ilgili fedakarl\u0131kta yap\u0131yordu. Ama maalesef olmad\u0131. Transferin sezonunun bitmesine 1 g\u00fcn kald\u0131, hocam\u0131z\u0131n istedi\u011fi yere takviye yapmaya \u00e7al\u0131\u015f\u0131yoruz&#8221; diye konu\u015ftu.<\/p>\n<p>&#8220;UEFA listesine 4 yeni isim ekleyece\u011fiz&#8221;<\/p>\n<p>UEFA Konferans Lig&#8217;inde kadroya 4 yeni isim ekleyeceklerini dile getiren \u00c7ak\u0131r, &#8220;UEFA listesine \u0130rfan Can Eribayat, Cherif Ndiaye ve Jaures Assoumou isimlerini ekletece\u011fiz. Gen\u00e7 stat\u00fcs\u00fcnden de Enes Albak&#8217;\u0131 ekleyece\u011fiz. \u0130n\u015fallah Konferans Lig&#8217;inde bize katk\u0131 verecekler diye d\u00fc\u015f\u00fcn\u00fcyorum. Ayr\u0131ca sakat oyuncular\u0131m\u0131zdan Emre K\u0131l\u0131n\u00e7 ve Afonso Sousa ko\u015fulara ba\u015flad\u0131. \u0130n\u015fallah en k\u0131sa zamanda tak\u0131m \u00e7al\u0131\u015fmalar\u0131na kat\u0131lacak. Tanguy Coulibaly de salonda \u00e7al\u0131\u015f\u0131yor. Mart ay\u0131 ba\u015f\u0131ndan itibaren t\u00fcm oyuncular\u0131m\u0131z haz\u0131r hale gelecektir&#8221; \u015feklinde konu\u015ftu.<\/p>\n<p>&#8220;Trabzonspor dostumuz ve ezeli rakibimiz&#8221;<\/p>\n<p>S\u00fcper Lig&#8217;in 21. haftas\u0131nda 7 \u015eubat Cumartesi g\u00fcn\u00fc Trabzonspor ile kar\u015f\u0131la\u015facaklar\u0131n\u0131 da belirten \u00c7ak\u0131r, &#8220;Karadeniz derbisinde Trabzonspor ile kar\u015f\u0131la\u015faca\u011f\u0131z. Tabii bizim i\u00e7in \u00f6nemli bir ma\u00e7. Herkes i\u00e7in, taraftar\u0131m\u0131z i\u00e7in. Trabzonspor dostumuz ve ezeli rakibimiz. Bu ma\u00e7\u0131n haz\u0131kl\u0131klar\u0131 gayet g\u00fczel gidiyor. \u0130n\u015fallah ge\u00e7en sene burada Trabzonspor&#8217;u nas\u0131l yendikse bu hafta da galibiyet alarak ilk 5 hedefinde devam etmeyi d\u00fc\u015f\u00fcn\u00fcyoruz&#8221; ifadelerini kulland\u0131. &#8211; SAMSUN<\/p>\n","protected":false},"excerpt":{"rendered":"<p>Samsunspor, Raheem Sterling transferinde \u00f6nemli bir a\u015fama kaydetmesine ra\u011fmen sonu\u00e7 olumsuz oldu.<\/p>\n","protected":false},"author":1,"featured_media":54087,"comment_status":"open","ping_status":"open","sticky":false,"template":"","format":"standard","meta":{"footnotes":""},"categories":[14],"tags":[2566,1799,3152],"class_list":["post-54086","post","type-post","status-publish","format-standard","has-post-thumbnail","hentry","category-spor","tag-cakir","tag-trabzonspor","tag-transferi"],"_links":{"self":[{"href":"https:\/\/bihavadis.com\/index.php\/wp-json\/wp\/v2\/posts\/54086","targetHints":{"allow":["GET"]}}],"collection":[{"href":"https:\/\/bihavadis.com\/index.php\/wp-json\/wp\/v2\/posts"}],"about":[{"href":"https:\/\/bihavadis.com\/index.php\/wp-json\/wp\/v2\/types\/post"}],"author":[{"embeddable":true,"href":"https:\/\/bihavadis.com\/index.php\/wp-json\/wp\/v2\/users\/1"}],"replies":[{"embeddable":true,"href":"https:\/\/bihavadis.com\/index.php\/wp-json\/wp\/v2\/comments?post=54086"}],"version-history":[{"count":1,"href":"https:\/\/bihavadis.com\/index.php\/wp-json\/wp\/v2\/posts\/54086\/revisions"}],"predecessor-version":[{"id":54088,"href":"https:\/\/bihavadis.com\/index.php\/wp-json\/wp\/v2\/posts\/54086\/revisions\/54088"}],"wp:featuredmedia":[{"embeddable":true,"href":"https:\/\/bihavadis.com\/index.php\/wp-json\/wp\/v2\/media\/54087"}],"wp:attachment":[{"href":"https:\/\/bihavadis.com\/index.php\/wp-json\/wp\/v2\/media?parent=54086"}],"wp:term":[{"taxonomy":"category","embeddable":true,"href":"https:\/\/bihavadis.com\/index.php\/wp-json\/wp\/v2\/categories?post=54086"},{"taxonomy":"post_tag","embeddable":true,"href":"https:\/\/bihavadis.com\/index.php\/wp-json\/wp\/v2\/tags?post=54086"}],"curies":[{"name":"wp","href":"https:\/\/api.w.org\/{rel}","templated":true}]}}