{"id":54103,"date":"2026-03-01T01:24:38","date_gmt":"2026-03-01T01:24:38","guid":{"rendered":"https:\/\/bihavadis.com\/?p=54103"},"modified":"2026-03-01T01:24:38","modified_gmt":"2026-03-01T01:24:38","slug":"gazete-ilaniyla-evlatlik-verdigi-oglundan-anneye-buyuk-sok-tam-kavusuyorum-sandigi-anda","status":"publish","type":"post","link":"https:\/\/bihavadis.com\/index.php\/2026\/03\/01\/gazete-ilaniyla-evlatlik-verdigi-oglundan-anneye-buyuk-sok-tam-kavusuyorum-sandigi-anda\/","title":{"rendered":"Gazete ilan\u0131yla evlatl\u0131k verdi\u011fi o\u011flundan anneye b\u00fcy\u00fck \u015fok: Tam kavu\u015fuyorum sand\u0131\u011f\u0131 anda&#8230;"},"content":{"rendered":"<p> Sakarya&#8217;da 2001&#8217;de do\u011fan \u00e7ocu\u011funu gazete ilan\u0131yla evlatl\u0131k veren Zeynep Gamzeli, pi\u015fman olup arad\u0131\u011f\u0131 o\u011flunu 25 y\u0131l sonra televizyon program\u0131nda buldu. Hendek&#8217;te ya\u015fayan \u00d6mer Faruk isimli gen\u00e7, &#8220;Beni b\u00fcy\u00fcten aileye minnettar\u0131m, b\u00f6yle de kalaca\u011f\u0131m&#8221; cevab\u0131n\u0131 verdi. <\/p>\n<p><b>REKLAM ARASINDA YAYINI TERK ETT\u0130 <\/b><\/p>\n<p> M\u00fcge Anl\u0131 ve ekibinin \u0131srarlar\u0131 sonras\u0131nda st\u00fcdyoya gelen \u00d6mer Faruk, yay\u0131na \u00e7\u0131kmay\u0131 reddetti. Reklam aras\u0131nda M\u00fcge Anl\u0131&#8217;n\u0131n annesiyle bulu\u015fturmak istedi\u011fi gen\u00e7, &#8220;Beni 9 ay karn\u0131nda ta\u015f\u0131d\u0131\u011f\u0131 i\u00e7in minnettar\u0131m. Ancak ne \u015fimdi ne de daha sonra kendisiyle g\u00f6r\u00fc\u015fmek istemiyorum&#8221; diyerek st\u00fcdyoyu terk etti. <\/p>\n","protected":false},"excerpt":{"rendered":"<p>Sakarya&#8217;da 2001 y\u0131l\u0131nda do\u011fan o\u011flunu evlatl\u0131k veren Zeynep Gamzeli, 25 y\u0131l sonra M\u00fcge Anl\u0131&#8217;n\u0131n program\u0131nda o\u011fluna ula\u015ft\u0131. Hendek&#8217;te ya\u015fayan \u00d6mer Faruk, kendisini b\u00fcy\u00fcten ailesine minnettar oldu\u011funu belirterek hayat\u0131na bu \u015fekilde devam etmek istedi\u011fini s\u00f6yledi. St\u00fcdyoya gelmesine ra\u011fmen yay\u0131na \u00e7\u0131kmay\u0131 reddeden gen\u00e7, biyolojik annesiyle g\u00f6r\u00fc\u015fmek istemedi\u011fini ifade ederek reklam aras\u0131nda programdan ayr\u0131ld\u0131.<\/p>\n","protected":false},"author":1,"featured_media":54104,"comment_status":"open","ping_status":"open","sticky":false,"template":"","format":"standard","meta":{"footnotes":""},"categories":[9,4,13],"tags":[],"class_list":["post-54103","post","type-post","status-publish","format-standard","has-post-thumbnail","hentry","category-genel","category-gundem","category-son-dakika"],"_links":{"self":[{"href":"https:\/\/bihavadis.com\/index.php\/wp-json\/wp\/v2\/posts\/54103","targetHints":{"allow":["GET"]}}],"collection":[{"href":"https:\/\/bihavadis.com\/index.php\/wp-json\/wp\/v2\/posts"}],"about":[{"href":"https:\/\/bihavadis.com\/index.php\/wp-json\/wp\/v2\/types\/post"}],"author":[{"embeddable":true,"href":"https:\/\/bihavadis.com\/index.php\/wp-json\/wp\/v2\/users\/1"}],"replies":[{"embeddable":true,"href":"https:\/\/bihavadis.com\/index.php\/wp-json\/wp\/v2\/comments?post=54103"}],"version-history":[{"count":1,"href":"https:\/\/bihavadis.com\/index.php\/wp-json\/wp\/v2\/posts\/54103\/revisions"}],"predecessor-version":[{"id":54105,"href":"https:\/\/bihavadis.com\/index.php\/wp-json\/wp\/v2\/posts\/54103\/revisions\/54105"}],"wp:featuredmedia":[{"embeddable":true,"href":"https:\/\/bihavadis.com\/index.php\/wp-json\/wp\/v2\/media\/54104"}],"wp:attachment":[{"href":"https:\/\/bihavadis.com\/index.php\/wp-json\/wp\/v2\/media?parent=54103"}],"wp:term":[{"taxonomy":"category","embeddable":true,"href":"https:\/\/bihavadis.com\/index.php\/wp-json\/wp\/v2\/categories?post=54103"},{"taxonomy":"post_tag","embeddable":true,"href":"https:\/\/bihavadis.com\/index.php\/wp-json\/wp\/v2\/tags?post=54103"}],"curies":[{"name":"wp","href":"https:\/\/api.w.org\/{rel}","templated":true}]}}