{"id":54111,"date":"2026-03-01T01:30:39","date_gmt":"2026-03-01T01:30:39","guid":{"rendered":"https:\/\/bihavadis.com\/?p=54111"},"modified":"2026-03-01T01:30:39","modified_gmt":"2026-03-01T01:30:39","slug":"sakaryada-yeni-kutuphane-ve-bilim-merkezi-insaati-basladi","status":"publish","type":"post","link":"https:\/\/bihavadis.com\/index.php\/2026\/03\/01\/sakaryada-yeni-kutuphane-ve-bilim-merkezi-insaati-basladi\/","title":{"rendered":"Sakarya&#8217;da Yeni K\u00fct\u00fcphane ve Bilim Merkezi \u0130n\u015faat\u0131 Ba\u015flad\u0131"},"content":{"rendered":"<p> Sakarya B\u00fcy\u00fck\u015fehir Belediye Ba\u015fkan\u0131 Yusuf Alemdar, \u015eehir K\u00fct\u00fcphanesi ve Bilim Merkezi projelerinin in\u015fa \u00e7al\u0131\u015fmalar\u0131n\u0131 inceledi.<\/p>\n<p>B\u00fcy\u00fck\u015fehir Belediyesinden yap\u0131lan a\u00e7\u0131klamaya g\u00f6re, her iki projeyi yerinde inceleyen Alemdar, yetkililerden bilgi ald\u0131.<\/p>\n<p>A\u00e7\u0131klamada g\u00f6r\u00fc\u015flerine yer verilen Alemdar, i\u00e7erisinde 1 milyon kitapl\u0131 bilgi kayna\u011f\u0131, teknoloji, kodlama, tasar\u0131m, ara\u015ft\u0131rma merkezleri, kafeteryalar, salonlar\u0131n yer alaca\u011f\u0131 her iki projenin de s\u00fcratle devam etti\u011fini kaydetti.<\/p>\n<p>Alemdar, konferans, tiyatro ve ara\u015ft\u0131rma salonlar\u0131, okuma, \u00e7ocuk k\u00fct\u00fcphanesi, \u00e7al\u0131\u015fma odalar\u0131yla gen\u00e7lik i\u00e7in yepyeni bir gelecek olan \u015eehir K\u00fct\u00fcphanesi&#8217;nde zemin g\u00fc\u00e7lendirme ve temel kaz\u0131 i\u015flemlerinin s\u00fcrd\u00fc\u011f\u00fcn\u00fc anlatt\u0131.<\/p>\n<p>Bilim Merkezi&#8217;nde \u00e7elik konstr\u00fcksiyon imalatlar\u0131n\u0131n y\u00fczde 90&#8217;\u0131n\u0131n tamamland\u0131\u011f\u0131n\u0131 ve genel projenin ise y\u00fczde 50 seviyesini a\u015ft\u0131\u011f\u0131n\u0131 anlatan Alemdar, &#8220;Her iki proje de tamamland\u0131\u011f\u0131nda b\u00fcy\u00fck ihtiya\u00e7 kar\u015f\u0131lanm\u0131\u015f olacak. Gen\u00e7lik i\u00e7in yeni Sakarya in\u015fa ediyoruz.&#8221; de\u011ferlendirmesinde bulundu.<\/p>\n<p>Sanayide Kad\u0131n Eli-Kalite Kontrol Uzmanl\u0131\u011f\u0131 Program\u0131&#8221; d\u00fczenlenecek<\/p>\n<p>Sakarya Ticaret ve Sanayi Odas\u0131 (SATSO) b\u00fcnyesinde \u00e7al\u0131\u015fmalar\u0131n\u0131 y\u00fcr\u00fcten TOBB Sakarya \u0130l Kad\u0131n Giri\u015fimciler Kurulunca &#8220;Sanayide Kad\u0131n Eli-Kalite Kontrol Uzmanl\u0131\u011f\u0131 Program\u0131&#8221; ger\u00e7ekle\u015ftirilecek.<\/p>\n<p>SATSO&#8217;dan yap\u0131lan a\u00e7\u0131klamaya g\u00f6re, TOBB Kad\u0131n Giri\u015fimciler Kurulu taraf\u0131ndan 2021 y\u0131l\u0131nda ulusal anlamda ba\u015flat\u0131lan &#8220;Sanayide Kad\u0131n Eli&#8221; projesi kapsam\u0131nda y\u00fcr\u00fct\u00fclecek programla imalat sanayi sekt\u00f6r\u00fcnde \u00e7al\u0131\u015fmak isteyen kad\u0131nlara y\u00f6nelik kalite kontrol alan\u0131nda mesleki e\u011fitim verilecek.<\/p>\n<p>Kad\u0131nlar\u0131n sanayide daha g\u00f6r\u00fcn\u00fcr, g\u00fc\u00e7l\u00fc ve nitelikli \u015fekilde yer almas\u0131, ayn\u0131 zamanda sanayi kurulu\u015flar\u0131n\u0131n ihtiya\u00e7 duydu\u011fu kalifiye i\u015f g\u00fcc\u00fcn\u00fcn de desteklenmesi hedeflenen program kapsam\u0131nda verilecek e\u011fitim s\u00fcrecini ba\u015far\u0131yla tamamlayan kat\u0131l\u0131mc\u0131lar, sanayi kurulu\u015flar\u0131nda istihdam edilmek \u00fczere firmalara y\u00f6nlendirilecek.<\/p>\n<p>En az lise mezunu kad\u0131nlar\u0131n ba\u015fvurabildi\u011fi programda kalite kontrol s\u00fcre\u00e7lerine ili\u015fkin temel ve uygulamal\u0131 bilgiler, sanayi ortam\u0131nda mesleki deneyim ve e\u011fitim sonunda kat\u0131l\u0131m\/ba\u015far\u0131 belgesi verilecek.<\/p>\n<p>A\u00e7\u0131klamada g\u00f6r\u00fc\u015flerine yer verilen TOBB Sakarya \u0130l Kad\u0131n Giri\u015fimciler Kurulu Ba\u015fkan\u0131 Elvan Bilgehan Dikici, kad\u0131nlar\u0131n \u00fcretim ve ekonomide daha da fazla yer almas\u0131n\u0131n muas\u0131r medeniyet g\u00f6stergesi oldu\u011funu belirterek, kad\u0131nlar\u0131n projesi ve kapsam\u0131ndaki e\u011fitimlerle i\u015f hayat\u0131na daha h\u0131zl\u0131 adapte olaca\u011f\u0131n\u0131 kaydetti.<\/p>\n<p>Programa 27 \u015eubat&#8217;a kadar ba\u015fvurulabilecek.<\/p>\n","protected":false},"excerpt":{"rendered":"<p>Ba\u015fkan Alemdar, \u015eehir K\u00fct\u00fcphanesi ve Bilim Merkezi projelerinin ilerlemesini yerinde inceledi.<\/p>\n","protected":false},"author":1,"featured_media":54112,"comment_status":"open","ping_status":"open","sticky":false,"template":"","format":"standard","meta":{"footnotes":""},"categories":[9,4,13],"tags":[6757,380,2127,237,374],"class_list":["post-54111","post","type-post","status-publish","format-standard","has-post-thumbnail","hentry","category-genel","category-gundem","category-son-dakika","tag-alemdar","tag-kadin","tag-program","tag-proje","tag-sanayi"],"_links":{"self":[{"href":"https:\/\/bihavadis.com\/index.php\/wp-json\/wp\/v2\/posts\/54111","targetHints":{"allow":["GET"]}}],"collection":[{"href":"https:\/\/bihavadis.com\/index.php\/wp-json\/wp\/v2\/posts"}],"about":[{"href":"https:\/\/bihavadis.com\/index.php\/wp-json\/wp\/v2\/types\/post"}],"author":[{"embeddable":true,"href":"https:\/\/bihavadis.com\/index.php\/wp-json\/wp\/v2\/users\/1"}],"replies":[{"embeddable":true,"href":"https:\/\/bihavadis.com\/index.php\/wp-json\/wp\/v2\/comments?post=54111"}],"version-history":[{"count":1,"href":"https:\/\/bihavadis.com\/index.php\/wp-json\/wp\/v2\/posts\/54111\/revisions"}],"predecessor-version":[{"id":54113,"href":"https:\/\/bihavadis.com\/index.php\/wp-json\/wp\/v2\/posts\/54111\/revisions\/54113"}],"wp:featuredmedia":[{"embeddable":true,"href":"https:\/\/bihavadis.com\/index.php\/wp-json\/wp\/v2\/media\/54112"}],"wp:attachment":[{"href":"https:\/\/bihavadis.com\/index.php\/wp-json\/wp\/v2\/media?parent=54111"}],"wp:term":[{"taxonomy":"category","embeddable":true,"href":"https:\/\/bihavadis.com\/index.php\/wp-json\/wp\/v2\/categories?post=54111"},{"taxonomy":"post_tag","embeddable":true,"href":"https:\/\/bihavadis.com\/index.php\/wp-json\/wp\/v2\/tags?post=54111"}],"curies":[{"name":"wp","href":"https:\/\/api.w.org\/{rel}","templated":true}]}}